{"id":3452,"date":"2022-03-22T14:41:48","date_gmt":"2022-03-22T19:41:48","guid":{"rendered":"http:\/\/derechosinfronteras.pe\/?p=7969"},"modified":"2022-03-22T14:41:48","modified_gmt":"2022-03-22T19:41:48","slug":"22-de-marzo-una-fecha-para-destacar-la-defensa-del-territorio-frente-a-la-mercantilizacion-del-agua","status":"publish","type":"post","link":"https:\/\/derechosinfronteras.pe\/ingles\/22-de-marzo-una-fecha-para-destacar-la-defensa-del-territorio-frente-a-la-mercantilizacion-del-agua\/","title":{"rendered":"22 de marzo, una fecha para destacar la defensa del territorio frente a la mercantilizaci\u00f3n del agua"},"content":{"rendered":"<p>Redacci\u00f3n DHSF<\/p>\n<p>En las comunidades andinas el agua tiene un valor simb\u00f3lico y cultural. Por eso, en el D\u00eda Mundial del Agua, destacamos el aporte de la gesti\u00f3n comunitaria del agua, especialmente de las mujeres, quienes sostienen y encabezan la lucha por la defensa de sus territorios.<\/p>\n<p>Sin embargo, la explotaci\u00f3n de los recursos naturales impacta la vida de las comunidades campesinas ubicadas cerca y alrededor de proyectos desarrollistas, como es el caso de los proyectos extractivos mineros que generan una afectaci\u00f3n mayor y diferenciada en las mujeres que en los varones, por su condici\u00f3n de desventaja social.<\/p>\n<p>ESTUDIOS<\/p>\n<p>En las provincias altas de la regi\u00f3n Cusco, principalmente en Espinar, varios estudios han se\u00f1alado que el agua de consumo humano contiene elementos t\u00f3xicos.<\/p>\n<p>Seg\u00fan el estudio realizado por el Subgrupo de Medio Ambiente de la Mesa de Di\u00e1logo de Espinar, en enero de 2013,\u00a0 se obtuvo los siguientes resultados:<\/p>\n<ul>\n<li>Se program\u00f3 analizar 481 puntos de monitoreo de agua, sedimentos, aire y suelo.<\/li>\n<li>Finalmente se determinaron 313 puntos de monitoreo de agua superficial, agua subterr\u00e1nea, agua de consumo humano, suelo, aire y sedimento, de los cuales 165 puntos (52.71 %) eran puntos cr\u00edticos ya que no cumpl\u00edan con los est\u00e1ndares ambientales.<\/li>\n<li>Se concluy\u00f3 que exist\u00eda alta concentraci\u00f3n de metales en la zona de influencia minera en las comunidades de Tintaya Marquiri, Alto Huancan\u00e9, Bajo Huancan\u00e9, Alto Huarca, Huinipampa, Quetara y Huisa. Esto supon\u00eda una asociaci\u00f3n directa entre los valores encontrados y la zona de actividad minera.<\/li>\n<li>Los principales metales encontrados fueron mercurio, ars\u00e9nico, cadmio y plomo en al menos 64 puntos de los 165 puntos cr\u00edticos.<\/li>\n<li>De los 64 puntos cr\u00edticos con al menos un metal pesado por encima de los est\u00e1ndares, 30 de ellos corresponden al componente de agua de consumo humano.<\/li>\n<li>Los par\u00e1metros que exced\u00edan en el componente de agua de consumo humano de la comunidad de Huisa fueron mercurio, f\u00f3sforo y pH.<\/li>\n<li>Los par\u00e1metros que exced\u00edan en el componente de agua de consumo humano de la comunidad de Alto Huancan\u00e9 fueron aluminio, mercurio y plomo.<\/li>\n<\/ul>\n<p>Asimismo, en el an\u00e1lisis de los monitoreos ambientales de aguas superficiales y subterr\u00e1neas de Espinar, realizado por la Autoridad Nacional del Agua (ANA), el Organismo de Evaluaci\u00f3n y Fiscalizaci\u00f3n Ambiental (OEFA) y Contramuestra de la Municipalidad Provincial de Espinar (CM MPE) en el periodo 2012 a 2015 se llegaron a las siguientes conclusiones:<\/p>\n<ul>\n<li>La cuenca del rio Ca\u00f1ip\u00eda presenta puntos de monitoreo recurrentes cercanos a Antapaccay y la relavera de Huanimpampa en el periodo analizado, con presencia de magnesio, sodio, mercurio, fosfato, sulfato, molibdeno que superan los est\u00e1ndares ambientales.<\/li>\n<li>La cuenta del rio Salado presenta puntos recurrentes en cercanos a la unidad minera Tintaya y relavera de Ccamacmayo con presencia de ars\u00e9nico, magnesio, sulfato, selenio, sodio, hierro, aluminio, boro, cadmio y cobre.<\/li>\n<li>El OEFA y la ANA, como entidades competentes, deber\u00edan continuar realizando el monitoreo ambiental, tomando en cuenta; los puntos cr\u00edticos, medici\u00f3n de caudales y mayor frecuencia de monitoreo en un a\u00f1o que ayuda en el an\u00e1lisis de los puntos de monitoreo.<\/li>\n<li>Un monitoreo y an\u00e1lisis riguroso es cr\u00edtico para la caracterizaci\u00f3n de aguas, evaluaci\u00f3n de impactos; asimismo, la participaci\u00f3n real de la poblaci\u00f3n y la transparencia en la entrega de resultados es vital para generar credibilidad en las instituciones del estado.<\/li>\n<\/ul>\n<p>Adem\u00e1s, de acuerdo al informe \u201cEstado de salud fallido\u201d, realizado por Amnist\u00eda Internacional con el apoyo de Derechos Humanos Sin Fronteras y presentada en mayo de 2021, en Espinar, de una muestra de 150 personas, se encontr\u00f3 que 117 ten\u00edan altos niveles de metales y sustancias t\u00f3xicas como ars\u00e9nico, plomo, mercurio, cadmio y manganeso. Dicha investigaci\u00f3n se realiz\u00f3 en 11 comunidades ind\u00edgenas que se encuentran en el \u00e1rea de influencia del proyecto minero Antapaccay Expansi\u00f3n Tintaya \u2013 Integraci\u00f3n Coroccohuayco<em style=\"font-weight: inherit;\">.<\/em><\/p>\n<p>Desde Derechos Humanos Sin Fronteras hacemos hincapi\u00e9 que el agua es un derecho humano, entonces corresponde al Estado peruano asegurar que este derecho se respete y se garantice para todas y todos. No hay que olvidar tampoco el rol de las comunidades campesinas, sobre todo de las mujeres rurales frente al discurso dominante de que el agua es una mercanc\u00eda. \u00a1El agua es vida, por eso lo defiendo!<\/p>","protected":false},"excerpt":{"rendered":"<p>Redacci\u00f3n DHSF En las comunidades andinas el agua tiene un valor simb\u00f3lico y cultural. Por eso, en el D\u00eda Mundial del Agua, destacamos el aporte de la gesti\u00f3n comunitaria del agua, especialmente de las mujeres, quienes sostienen y encabezan la lucha por la defensa de sus territorios. Sin embargo, la explotaci\u00f3n de los recursos naturales [&hellip;]<\/p>\n","protected":false},"author":1,"featured_media":3453,"comment_status":"open","ping_status":"open","sticky":false,"template":"","format":"standard","meta":{"_monsterinsights_skip_tracking":false,"_monsterinsights_sitenote_active":false,"_monsterinsights_sitenote_note":"","_monsterinsights_sitenote_category":0,"_jetpack_memberships_contains_paid_content":false,"footnotes":"","jetpack_publicize_message":"","jetpack_publicize_feature_enabled":true,"jetpack_social_post_already_shared":false,"jetpack_social_options":{"image_generator_settings":{"template":"highway","default_image_id":0,"font":"","enabled":false},"version":2}},"categories":[1],"tags":[],"class_list":["post-3452","post","type-post","status-publish","format-standard","has-post-thumbnail","hentry","category-sin-categoria"],"blocksy_meta":[],"jetpack_publicize_connections":[],"jetpack_featured_media_url":"https:\/\/derechosinfronteras.pe\/wp-content\/uploads\/2022\/03\/DIA-MUNDIAL-DEL-AGUA.jpg","jetpack_sharing_enabled":true,"jetpack_likes_enabled":true,"_links":{"self":[{"href":"https:\/\/derechosinfronteras.pe\/ingles\/wp-json\/wp\/v2\/posts\/3452","targetHints":{"allow":["GET"]}}],"collection":[{"href":"https:\/\/derechosinfronteras.pe\/ingles\/wp-json\/wp\/v2\/posts"}],"about":[{"href":"https:\/\/derechosinfronteras.pe\/ingles\/wp-json\/wp\/v2\/types\/post"}],"author":[{"embeddable":true,"href":"https:\/\/derechosinfronteras.pe\/ingles\/wp-json\/wp\/v2\/users\/1"}],"replies":[{"embeddable":true,"href":"https:\/\/derechosinfronteras.pe\/ingles\/wp-json\/wp\/v2\/comments?post=3452"}],"version-history":[{"count":0,"href":"https:\/\/derechosinfronteras.pe\/ingles\/wp-json\/wp\/v2\/posts\/3452\/revisions"}],"wp:featuredmedia":[{"embeddable":true,"href":"https:\/\/derechosinfronteras.pe\/ingles\/wp-json\/wp\/v2\/media\/3453"}],"wp:attachment":[{"href":"https:\/\/derechosinfronteras.pe\/ingles\/wp-json\/wp\/v2\/media?parent=3452"}],"wp:term":[{"taxonomy":"category","embeddable":true,"href":"https:\/\/derechosinfronteras.pe\/ingles\/wp-json\/wp\/v2\/categories?post=3452"},{"taxonomy":"post_tag","embeddable":true,"href":"https:\/\/derechosinfronteras.pe\/ingles\/wp-json\/wp\/v2\/tags?post=3452"}],"curies":[{"name":"wp","href":"https:\/\/api.w.org\/{rel}","templated":true}]}}