{"id":3454,"date":"2022-03-21T11:47:24","date_gmt":"2022-03-21T16:47:24","guid":{"rendered":"http:\/\/derechosinfronteras.pe\/?p=7956"},"modified":"2022-03-21T11:47:24","modified_gmt":"2022-03-21T16:47:24","slug":"provincia-de-espinar-envia-memorial-al-presidente-pedro-castillo-para-el-reinicio-de-la-mesa-de-dialogo","status":"publish","type":"post","link":"https:\/\/derechosinfronteras.pe\/ingles\/provincia-de-espinar-envia-memorial-al-presidente-pedro-castillo-para-el-reinicio-de-la-mesa-de-dialogo\/","title":{"rendered":"Provincia de Espinar env\u00eda memorial al presidente Pedro Castillo para el reinicio de la mesa de di\u00e1logo"},"content":{"rendered":"<p>Redacci\u00f3n DHSF<\/p>\n<p>Parte de las organizaciones sociales y autoridades pol\u00edticas y eclesi\u00e1sticas de Espinar solicitaron al presidente Pedro Castillo el reinicio de la Mesa de Di\u00e1logo para el Desarrollo Sostenible de la provincia de Espinar, tras 3 meses de paralizaci\u00f3n.<\/p>\n<p>As\u00ed lo se\u00f1ala el memorial que enviaron con car\u00e1cter de urgencia. En el documento, adem\u00e1s, expresaron su indignaci\u00f3n ante la indiferencia de los gobiernos de turno y las empresas mineras a los problemas de contaminaci\u00f3n ambiental.<\/p>\n<p>\u201cEsto se evidencia en las reiteradas e innecesarias postergaciones del Estado a las reuniones programadas de la mesa de di\u00e1logo, cuyo resultado m\u00e1s notorio es el perjuicio contra el medio ambiente y contaminaci\u00f3n que afecta directamente la vida, la salud, al recurso h\u00eddrico. Asimismo, estas suspensiones afectan a la actualizaci\u00f3n del Convenio Marco cuyo resultado es la ausencia del desarrollo econ\u00f3mico a la poblaci\u00f3n y su educaci\u00f3n de Espinar\u201d, se lee en el memorial.<\/p>\n<p>La preocupaci\u00f3n tambi\u00e9n radica en el tiempo que lleva la poblaci\u00f3n conviviendo con la miner\u00eda, 40 a\u00f1os. Con la presencia de la actividad explotaci\u00f3n minera surgen \u201cproblemas de alta contaminaci\u00f3n al medio ambiente\u201d.<\/p>\n<p>\u201cEfectos nocivos en nuestros recursos naturales, en el agro, el agua, principalmente en nuestras vidas. Hoy una mayor\u00eda de espinarenses viven con metales en la sangre\u2026\u201d, contin\u00faa el documento donde le dan plazo de 48 horas a Pedro Castillo para que responda el pedido.<\/p>\n<p>En principio, la Mesa de Di\u00e1logo para el Desarrollo Sostenible de la provincia de Espinar contaba con 5 subgrupos de trabajo, tal como lo ordena la <a href=\"https:\/\/busquedas.elperuano.pe\/normaslegales\/conforman-el-grupo-de-trabajo-denominado-mesa-de-dialogo-pa-resolucion-ministerial-n-032-2021-pcm-1922349-1\/\" target=\"_blank\" rel=\"noopener\">Resoluci\u00f3n Ministerial n.\u00b0 032-2021-PCM<\/a>. Luego, la Presidencia del Consejo de Ministros (PCM) modific\u00f3 su vigencia hasta el 31 de diciembre de 2021 e incluy\u00f3 un sexto grupo de trabajo, seg\u00fan la <a href=\"https:\/\/busquedas.elperuano.pe\/normaslegales\/modifican-la-rm-n-032-2021-pcm-que-conformo-el-grupo-de-resolucion-ministerial-no-121-2021-pcm-1957626-1\/\" target=\"_blank\" rel=\"noopener\">Resoluci\u00f3n Ministerial n.\u00b0 121-2021-PCM<\/a>. La \u00faltima reuni\u00f3n del subgrupo 5 fue el 10 de diciembre del a\u00f1o pasado, desde entonces la PCM no ha vuelto a convocar a los actores sociales, seg\u00fan los dirigentes.<\/p>\n<ol>\n<li>Subgrupo de Trabajo Inversiones y Desarrollo<\/li>\n<li>Subgrupo de Trabajo Salud y Metales Pesados, Contaminaci\u00f3n Ambiental y Proyectos de Inversi\u00f3n en Saneamiento<\/li>\n<li>Subgrupo de Trabajo Reformulaci\u00f3n del Convenio de Marco<\/li>\n<li>Subgrupo de Trabajo Corredor Vial<\/li>\n<li>Subgrupo de Trabajo Justicia y Derechos Humanos<\/li>\n<li>Proyecto Minero Integraci\u00f3n Coroccohuayco (Se incluy\u00f3 despu\u00e9s)<\/li>\n<\/ol>\n<p>Esta no es la primera vez que las y los representantes de las organizaciones sociales manifiestan su indignaci\u00f3n por la poca voluntad del Estado en el desarrollo de las mesas de di\u00e1logo instaladas en los a\u00f1os 2005, 2012, 2019 y 2020. <a href=\"https:\/\/derechosinfronteras.pe\/ingles\/instalan-mesa-de-dialogo-en-espinar-en-medio-de-un-clima-tenso-por-demandas-no-resueltas\/\">El a\u00f1o pasado lo dejaron claro en una reuni\u00f3n semipresencial con el Ejecutivo<\/a>. Dijeron que en ninguna de las mesas de di\u00e1logo se ha logrado resolver sus demandas.<\/p>\n<p><em>Foto:\u00a0REUTERS<\/em><\/p>","protected":false},"excerpt":{"rendered":"<p>Redacci\u00f3n DHSF Parte de las organizaciones sociales y autoridades pol\u00edticas y eclesi\u00e1sticas de Espinar solicitaron al presidente Pedro Castillo el reinicio de la Mesa de Di\u00e1logo para el Desarrollo Sostenible de la provincia de Espinar, tras 3 meses de paralizaci\u00f3n. As\u00ed lo se\u00f1ala el memorial que enviaron con car\u00e1cter de urgencia. En el documento, adem\u00e1s, [&hellip;]<\/p>\n","protected":false},"author":1,"featured_media":3455,"comment_status":"open","ping_status":"open","sticky":false,"template":"","format":"standard","meta":{"_monsterinsights_skip_tracking":false,"_monsterinsights_sitenote_active":false,"_monsterinsights_sitenote_note":"","_monsterinsights_sitenote_category":0,"_jetpack_memberships_contains_paid_content":false,"footnotes":"","jetpack_publicize_message":"","jetpack_publicize_feature_enabled":true,"jetpack_social_post_already_shared":false,"jetpack_social_options":{"image_generator_settings":{"template":"highway","default_image_id":0,"font":"","enabled":false},"version":2}},"categories":[1],"tags":[],"class_list":["post-3454","post","type-post","status-publish","format-standard","has-post-thumbnail","hentry","category-sin-categoria"],"blocksy_meta":[],"jetpack_publicize_connections":[],"jetpack_featured_media_url":"https:\/\/derechosinfronteras.pe\/wp-content\/uploads\/2022\/03\/NOTA-PEDRO.jpg","jetpack_sharing_enabled":true,"jetpack_likes_enabled":true,"_links":{"self":[{"href":"https:\/\/derechosinfronteras.pe\/ingles\/wp-json\/wp\/v2\/posts\/3454","targetHints":{"allow":["GET"]}}],"collection":[{"href":"https:\/\/derechosinfronteras.pe\/ingles\/wp-json\/wp\/v2\/posts"}],"about":[{"href":"https:\/\/derechosinfronteras.pe\/ingles\/wp-json\/wp\/v2\/types\/post"}],"author":[{"embeddable":true,"href":"https:\/\/derechosinfronteras.pe\/ingles\/wp-json\/wp\/v2\/users\/1"}],"replies":[{"embeddable":true,"href":"https:\/\/derechosinfronteras.pe\/ingles\/wp-json\/wp\/v2\/comments?post=3454"}],"version-history":[{"count":0,"href":"https:\/\/derechosinfronteras.pe\/ingles\/wp-json\/wp\/v2\/posts\/3454\/revisions"}],"wp:featuredmedia":[{"embeddable":true,"href":"https:\/\/derechosinfronteras.pe\/ingles\/wp-json\/wp\/v2\/media\/3455"}],"wp:attachment":[{"href":"https:\/\/derechosinfronteras.pe\/ingles\/wp-json\/wp\/v2\/media?parent=3454"}],"wp:term":[{"taxonomy":"category","embeddable":true,"href":"https:\/\/derechosinfronteras.pe\/ingles\/wp-json\/wp\/v2\/categories?post=3454"},{"taxonomy":"post_tag","embeddable":true,"href":"https:\/\/derechosinfronteras.pe\/ingles\/wp-json\/wp\/v2\/tags?post=3454"}],"curies":[{"name":"wp","href":"https:\/\/api.w.org\/{rel}","templated":true}]}}