{"id":3458,"date":"2022-03-18T11:16:17","date_gmt":"2022-03-18T16:16:17","guid":{"rendered":"http:\/\/derechosinfronteras.pe\/?p=7947"},"modified":"2022-03-18T11:16:17","modified_gmt":"2022-03-18T16:16:17","slug":"asociacion-de-mujeres-afectadas-por-esterilizaciones-forzadas-de-chumbivilcas-no-vamos-a-permitir-que-este-fallo-pisotee-nuestra-memoria-y-dignidad","status":"publish","type":"post","link":"https:\/\/derechosinfronteras.pe\/ingles\/asociacion-de-mujeres-afectadas-por-esterilizaciones-forzadas-de-chumbivilcas-no-vamos-a-permitir-que-este-fallo-pisotee-nuestra-memoria-y-dignidad\/","title":{"rendered":"Mujeres Afectadas por Esterilizaciones Forzadas de Chumbivilcas: \u00abNo vamos a permitir que este fallo pisotee nuestra memoria y dignidad\u00bb"},"content":{"rendered":"<p>&nbsp;<\/p>\n<p style=\"text-align: center;\"><strong>PRONUNCIAMIENTO<\/strong><\/p>\n<p>Ante el fallo del Tribunal Constitucional que ordena la liberaci\u00f3n del exdictador Alberto Fujimori Fujimori, condenado por cr\u00edmenes de lesa humanidad, las integrantes de la Asociaci\u00f3n de Mujeres Afectadas por Esterilizaciones Forzadas de Chumbivilcas nos pronunciamos:<\/p>\n<p><strong>PRIMERO. <\/strong>Calificamos como un insulto la pol\u00e9mica decisi\u00f3n del Tribunal Constitucional que vulnera los derechos de las v\u00edctimas de Barrios Altos y La Cantuta, por los cuales fue condenado, por cr\u00edmenes de lesa humanidad, el exdictador Alberto Fujimori.<\/p>\n<p><strong>SEGUNDO. <\/strong>No vamos a permitir que este fallo pisotee nuestra memoria y dignidad. Hace 25 a\u00f1os venimos luchando por justicia, verdad y reparaciones integrales, por ser tambi\u00e9n v\u00edctimas de la dictadura fujimorista.<\/p>\n<p><strong>TERCERO. <\/strong>Nos vamos a movilizar por las m\u00e1s de las 300 mil mujeres, campesinas, ind\u00edgenas quechuahablantes y amaz\u00f3nicas que fueron obligadas, amedrentadas, enga\u00f1adas y coaccionadas para ser sometidas a intervenciones quir\u00fargicas irreversibles, que nos quit\u00f3 la posibilidad de ser madres o serlo por primera vez.<\/p>\n<p><strong>CUARTO. <\/strong>No olvidamos a nuestras compa\u00f1eras que murieron a causa de esta pol\u00edtica fujimorista. Hacemos un llamado a las sobrevivientes y familiares para unirnos en una sola voz de protesta.<\/p>\n<p>&nbsp;<\/p>\n<p>\u00a1VIVAN LAS MUJERES CHUMBIVILCANAS!<\/p>\n<p>\u00a1BASTA DE IMPUNIDAD!<\/p>\n<p>\u00a1INDULTO ES INSULTO!<\/p>\n<p>&nbsp;<\/p>","protected":false},"excerpt":{"rendered":"<p>&nbsp; PRONUNCIAMIENTO Ante el fallo del Tribunal Constitucional que ordena la liberaci\u00f3n del exdictador Alberto Fujimori Fujimori, condenado por cr\u00edmenes de lesa humanidad, las integrantes de la Asociaci\u00f3n de Mujeres Afectadas por Esterilizaciones Forzadas de Chumbivilcas nos pronunciamos: PRIMERO. Calificamos como un insulto la pol\u00e9mica decisi\u00f3n del Tribunal Constitucional que vulnera los derechos de las [&hellip;]<\/p>\n","protected":false},"author":1,"featured_media":3459,"comment_status":"open","ping_status":"open","sticky":false,"template":"","format":"standard","meta":{"_monsterinsights_skip_tracking":false,"_monsterinsights_sitenote_active":false,"_monsterinsights_sitenote_note":"","_monsterinsights_sitenote_category":0,"_jetpack_memberships_contains_paid_content":false,"footnotes":"","jetpack_publicize_message":"","jetpack_publicize_feature_enabled":true,"jetpack_social_post_already_shared":false,"jetpack_social_options":{"image_generator_settings":{"template":"highway","default_image_id":0,"font":"","enabled":false},"version":2}},"categories":[1],"tags":[],"class_list":["post-3458","post","type-post","status-publish","format-standard","has-post-thumbnail","hentry","category-sin-categoria"],"blocksy_meta":[],"jetpack_publicize_connections":[],"jetpack_featured_media_url":"https:\/\/derechosinfronteras.pe\/wp-content\/uploads\/2022\/03\/COMPAS-DEL-CASO-EEFF.jpg","jetpack_sharing_enabled":true,"jetpack_likes_enabled":true,"_links":{"self":[{"href":"https:\/\/derechosinfronteras.pe\/ingles\/wp-json\/wp\/v2\/posts\/3458","targetHints":{"allow":["GET"]}}],"collection":[{"href":"https:\/\/derechosinfronteras.pe\/ingles\/wp-json\/wp\/v2\/posts"}],"about":[{"href":"https:\/\/derechosinfronteras.pe\/ingles\/wp-json\/wp\/v2\/types\/post"}],"author":[{"embeddable":true,"href":"https:\/\/derechosinfronteras.pe\/ingles\/wp-json\/wp\/v2\/users\/1"}],"replies":[{"embeddable":true,"href":"https:\/\/derechosinfronteras.pe\/ingles\/wp-json\/wp\/v2\/comments?post=3458"}],"version-history":[{"count":0,"href":"https:\/\/derechosinfronteras.pe\/ingles\/wp-json\/wp\/v2\/posts\/3458\/revisions"}],"wp:featuredmedia":[{"embeddable":true,"href":"https:\/\/derechosinfronteras.pe\/ingles\/wp-json\/wp\/v2\/media\/3459"}],"wp:attachment":[{"href":"https:\/\/derechosinfronteras.pe\/ingles\/wp-json\/wp\/v2\/media?parent=3458"}],"wp:term":[{"taxonomy":"category","embeddable":true,"href":"https:\/\/derechosinfronteras.pe\/ingles\/wp-json\/wp\/v2\/categories?post=3458"},{"taxonomy":"post_tag","embeddable":true,"href":"https:\/\/derechosinfronteras.pe\/ingles\/wp-json\/wp\/v2\/tags?post=3458"}],"curies":[{"name":"wp","href":"https:\/\/api.w.org\/{rel}","templated":true}]}}