{"id":3460,"date":"2022-03-17T10:06:21","date_gmt":"2022-03-17T15:06:21","guid":{"rendered":"http:\/\/derechosinfronteras.pe\/?p=7941"},"modified":"2022-03-17T10:06:21","modified_gmt":"2022-03-17T15:06:21","slug":"violencia-contra-la-mujer-un-problema-de-derechos-en-espinar-y-chumbivilcas","status":"publish","type":"post","link":"https:\/\/derechosinfronteras.pe\/ingles\/violencia-contra-la-mujer-un-problema-de-derechos-en-espinar-y-chumbivilcas\/","title":{"rendered":"Violencia contra la mujer: un problema de derechos en Espinar y Chumbivilcas"},"content":{"rendered":"<p>Redacci\u00f3n DHSF<\/p>\n<p>La violencia contra mujeres y ni\u00f1as es una de las violaciones de los derechos humanos m\u00e1s com\u00fan y sistem\u00e1tica en las zonas altas como Espinar y Chumbivilcas. Los datos estad\u00edsticos revelan la magnitud de esta problem\u00e1tica social basada en las relaciones estructurales de desigualdad entre mujeres y hombres.<\/p>\n<p>ESPINAR<\/p>\n<p>Durante la conferencia de prensa por el 8 de marzo, el Centro Emergencia Mujer (CEM), Polic\u00eda Nacional del Per\u00fa, Hospital de Espinar y la Fiscal\u00eda Provincial Corporativa Especializada en Violencia contra las Mujeres y los Integrantes del Grupo Familiar de Espinar informaron sobre los casos que atendieron en el a\u00f1o 2021 y lo que va del 2022.<\/p>\n<p>El abogado Edgar Ramos Huancollo del CEM revel\u00f3 la cifra de 481 casos de violencia atendidos el a\u00f1o pasado, de los cuales son 228 por violencia sicol\u00f3gica, 209 por violencia f\u00edsica y 44 por violencia sexual. Tambi\u00e9n en la provincia se registr\u00f3 un mayor n\u00famero de v\u00edctimas de violencia de mujeres entre 18-29 a\u00f1os y 30-59 a\u00f1os con 166 casos y 245, respectivamente.<\/p>\n<p>El magistrado de la Fiscal\u00eda Provincial Corporativa Especializada en Violencia contra las Mujeres y los Integrantes del Grupo Familiar de Espinar, Gerber Quispe Machicado, precis\u00f3 que su despacho, el cual tiene apenas 4 meses de funcionamiento, recibi\u00f3 170 denuncias en 2021 y 130 denuncias en el 2022, en su mayor\u00eda por agresiones f\u00edsicas y sicol\u00f3gicas. Tambi\u00e9n lograron la prisi\u00f3n preventiva de 4 varones por agresiones f\u00edsicas y sexuales.<\/p>\n<p>Por su parte, el representante de la comisar\u00eda de Espinar indic\u00f3 que en 2020 y 2021 se reportaron m\u00e1s de 1000 denuncias por violencia en cada a\u00f1o. Adem\u00e1s, calific\u00f3 como feminicidio la muerte de una mujer de Coporaque, el a\u00f1o pasado.<\/p>\n<p>A este se suma el hallazgo del cuerpo sin vida de una adolescente, de 15 a\u00f1os, en un local nocturno de Ca\u00f1ipia, a inicios de este a\u00f1o. Hay una lista de reportes similares en Espinar.<\/p>\n<p>La situaci\u00f3n es preocupante. El sic\u00f3logo Rolando Puma del Hospital de Espinar inform\u00f3 que, el a\u00f1o pasado, de 214 gestantes, 23 sufrieron violencia por parte de su pareja o expareja. Otra estad\u00edstica revela que, en el servicio de salud mental, del total de casos atendidos, 350 fueron exclusivamente por tema de violencia contra la mujer.<\/p>\n<p>CHUMBIVILCAS<\/p>\n<p>A nivel provincial, el Centro Emergencia Mujer registr\u00f3, en el 2020, en plena pandemia, 328 casos, de los cuales figura la violencia sicol\u00f3gica con 144 casos, le sigue la violencia f\u00edsica con 127 casos y, por \u00faltimo, la violencia sexual con 57 casos. Adem\u00e1s, se reportaron 2 tentativas de feminicidio. Del total de casos, 292 mujeres eran quechuas y 202 ten\u00edan v\u00ednculo con su pareja.<\/p>\n<p>Otro dato importante es el estado de las personas agresoras: 275 estaban sobrios y 53 bajo efectos del alcohol.<\/p>\n<p>AN\u00c1LISIS<\/p>\n<p>Nuestra instituci\u00f3n ha focalizado su intervenci\u00f3n en las provincias de Espinar, Chumbivilcas y Paruro. La encargada de acompa\u00f1ar a las organizaciones sociales de mujeres es Claudia Cuba Huaman\u00ed, quien consider\u00f3 que estas estad\u00edsticas deber\u00edan servir para que las autoridades pol\u00edticas y sociedad civil tomen decisiones para erradicar y prevenir la violencia contra las mujeres e integrantes del grupo familiar.<\/p>\n<p>\u201cEl trabajo que est\u00e1n haciendo a nivel de las diferentes instituciones es muy saludable; sin embargo, la poblaci\u00f3n vulnerable no percibe los esfuerzos para contrarrestar el incremento de esas cifras alarmantes; por ejemplo: las desapariciones de mujeres, la tentativa de feminicidio y muerte de muchas mujeres, las violaciones sexuales y embarazo a ni\u00f1as. Las madres de esas ni\u00f1as ultrajadas, las mujeres adultas violadas, las j\u00f3venes desaparecidas, las mujeres que soportan la violencia en todas sus formas, no sienten que haya habido un cambio en sus vidas. La desigualdad y la violencia de g\u00e9nero todav\u00eda no se han resuelto con la existencia de leyes a favor de las mujeres. Necesitamos un cambio de actitud por parte de las autoridades y de la misma poblaci\u00f3n, porque hasta la actualidad lo hemos normalizado, no nos indignamos\u201d, declar\u00f3.<\/p>\n<p>Por esta raz\u00f3n, \u201cnuestro compromiso de lucha por la igualdad de los derechos de las mujeres es una tarea pendiente\u201d, agreg\u00f3.<\/p>\n<p>En ambas provincias existen las agendas de la mujer k\u2019ana y chumbivilcana que contiene las principales demandas y propuestas de las mujeres en seis ejes tem\u00e1ticos: violencia de g\u00e9nero; generaci\u00f3n de ingresos econ\u00f3micos; salud, derechos sexuales y reproductivos; educaci\u00f3n para la igualdad; territorio y medio ambiente, y participaci\u00f3n pol\u00edtica y ciudadana.<\/p>\n<p>Con respecto a este primer eje y de acuerdo a las acciones estrat\u00e9gicas previstas para el 2020 y 2021, deber\u00edan estar funcionando las casas de refugio temporal. Espinar tiene una infraestructura moderna, pero la Casa de Refugio de la Mujer no funciona para tal fin. Mientras que, en el distrito de Santo Tom\u00e1s, provincia de Chumbivilcas, se espera su pronta construcci\u00f3n. El pr\u00f3ximo 24 de abril es la colocaci\u00f3n de la primera piedra.<\/p>\n<p>A parte de la casa refugio, sigue pendiente la realizaci\u00f3n de talleres de capacitaci\u00f3n, sensibilizaci\u00f3n, asistencia y acompa\u00f1amiento psicoemocional, campa\u00f1as educativas para promover la igualdad, entre otras medidas en Espinar y Chumbivilcas.<\/p>\n<p><em>Foto: Vigilia en Espinar por el 8 de marzo<\/em><\/p>","protected":false},"excerpt":{"rendered":"<p>Redacci\u00f3n DHSF La violencia contra mujeres y ni\u00f1as es una de las violaciones de los derechos humanos m\u00e1s com\u00fan y sistem\u00e1tica en las zonas altas como Espinar y Chumbivilcas. Los datos estad\u00edsticos revelan la magnitud de esta problem\u00e1tica social basada en las relaciones estructurales de desigualdad entre mujeres y hombres. ESPINAR Durante la conferencia de [&hellip;]<\/p>\n","protected":false},"author":1,"featured_media":3461,"comment_status":"open","ping_status":"open","sticky":false,"template":"","format":"standard","meta":{"_monsterinsights_skip_tracking":false,"_monsterinsights_sitenote_active":false,"_monsterinsights_sitenote_note":"","_monsterinsights_sitenote_category":0,"_jetpack_memberships_contains_paid_content":false,"footnotes":"","jetpack_publicize_message":"","jetpack_publicize_feature_enabled":true,"jetpack_social_post_already_shared":false,"jetpack_social_options":{"image_generator_settings":{"template":"highway","default_image_id":0,"font":"","enabled":false},"version":2}},"categories":[1],"tags":[],"class_list":["post-3460","post","type-post","status-publish","format-standard","has-post-thumbnail","hentry","category-sin-categoria"],"blocksy_meta":[],"jetpack_publicize_connections":[],"jetpack_featured_media_url":"https:\/\/derechosinfronteras.pe\/wp-content\/uploads\/2022\/03\/nota-estadisticas.jpg","jetpack_sharing_enabled":true,"jetpack_likes_enabled":true,"_links":{"self":[{"href":"https:\/\/derechosinfronteras.pe\/ingles\/wp-json\/wp\/v2\/posts\/3460","targetHints":{"allow":["GET"]}}],"collection":[{"href":"https:\/\/derechosinfronteras.pe\/ingles\/wp-json\/wp\/v2\/posts"}],"about":[{"href":"https:\/\/derechosinfronteras.pe\/ingles\/wp-json\/wp\/v2\/types\/post"}],"author":[{"embeddable":true,"href":"https:\/\/derechosinfronteras.pe\/ingles\/wp-json\/wp\/v2\/users\/1"}],"replies":[{"embeddable":true,"href":"https:\/\/derechosinfronteras.pe\/ingles\/wp-json\/wp\/v2\/comments?post=3460"}],"version-history":[{"count":0,"href":"https:\/\/derechosinfronteras.pe\/ingles\/wp-json\/wp\/v2\/posts\/3460\/revisions"}],"wp:featuredmedia":[{"embeddable":true,"href":"https:\/\/derechosinfronteras.pe\/ingles\/wp-json\/wp\/v2\/media\/3461"}],"wp:attachment":[{"href":"https:\/\/derechosinfronteras.pe\/ingles\/wp-json\/wp\/v2\/media?parent=3460"}],"wp:term":[{"taxonomy":"category","embeddable":true,"href":"https:\/\/derechosinfronteras.pe\/ingles\/wp-json\/wp\/v2\/categories?post=3460"},{"taxonomy":"post_tag","embeddable":true,"href":"https:\/\/derechosinfronteras.pe\/ingles\/wp-json\/wp\/v2\/tags?post=3460"}],"curies":[{"name":"wp","href":"https:\/\/api.w.org\/{rel}","templated":true}]}}