{"id":3462,"date":"2022-03-16T10:49:44","date_gmt":"2022-03-16T15:49:44","guid":{"rendered":"http:\/\/derechosinfronteras.pe\/?p=7936"},"modified":"2022-03-16T10:49:44","modified_gmt":"2022-03-16T15:49:44","slug":"convocan-a-instalacion-del-grupo-de-trabajo-multisectorial-en-chumbivilcas","status":"publish","type":"post","link":"https:\/\/derechosinfronteras.pe\/ingles\/convocan-a-instalacion-del-grupo-de-trabajo-multisectorial-en-chumbivilcas\/","title":{"rendered":"Convocan a instalaci\u00f3n del Grupo de Trabajo Multisectorial en Chumbivilcas"},"content":{"rendered":"<p>Redacci\u00f3n DHSF<\/p>\n<p>Ma\u00f1ana, 17 de marzo, se tiene prevista la instalaci\u00f3n del Grupo de Trabajo Multisectorial a cargo de formular la propuesta del Plan de Intervenci\u00f3n para la Zona de Atenci\u00f3n Especial de Chumbivilcas.<\/p>\n<p>La convocatoria de la reuni\u00f3n fue hecha por la Presidencia del Consejo de Ministros, a trav\u00e9s del Viceministerio de Gobernanza Territorial, y se realizar\u00e1\u00a0 en la comunidad de Huininquiri, a las 10 de la ma\u00f1ana.<\/p>\n<p>La invitaci\u00f3n fue dirigida a diferentes organizaciones sociales como el Frente \u00danico de Defensa de los Intereses de Chumbivilcas, Liga Agraria, Ronda Campesina de Chumbivilcas, Comit\u00e9 de Lucha Provincial, entre otras, as\u00ed como a las comunidades campesinas ubicadas en los distritos de Velille, Ccapacmarca, Santo Tom\u00e1s, Livitaca, Chamaca y Colquemarca.<\/p>\n<p>A trav\u00e9s de la Resoluci\u00f3n Ministerial n.\u00b0 005-2022-PCM, se declar\u00f3 zona de atenci\u00f3n especial los territorios de las comunidades campesinas de Sayhua, Huascabamba, Cruzpampa, Tahuay, Ccapacmarca, Cancahuani del distrito de Ccapacmarca. Tambi\u00e9n Lacca Lacca Yanque Parccobamba, Ahuichanta \u00a0Huisuray, Idiopa \u00d1aupa Japo Urinsaya del distrito de Colquemarca. En la lista tambi\u00e9n aparece Huininquiri del distrito de Santo Tom\u00e1s y Tincurca Laccaya del distrito de Chamaca. En los distritos de Velille y Livitaca, las comunidades de Tuntuma y Hatum Ccollana, y Huaylla Huaylla, respectivamente.<\/p>\n<p>Seg\u00fan se\u00f1ala dicha resoluci\u00f3n, el objetivo es promover el desarrollo socioecon\u00f3mico sostenible, con enfoque territorial, intercultural y multisectorial en esta zona de atenci\u00f3n especial. Por eso es que ma\u00f1ana se sostendr\u00e1 la reuni\u00f3n de Huininquiri. Sin embargo, la experiencia de grupos de trabajo anteriores del Ejecutivo muestra que los acuerdos a los que se llegan casi siempre terminan en un saco roto y sin ser consideradas las voces de las comunidades ni de las organizaciones sociales.<\/p>\n<p>Este grupo de trabajo tiene vigencia por 90 d\u00edas, prorrogable por un plazo adicional. Estar\u00e1 integrada por un representante de la PCM, as\u00ed como otros de los ministerios de Energ\u00eda y Minas; Ambiente; Desarrollo Agrario y Riego; Justicia y Derechos Humanos; Transportes y Comunicaciones; Educaci\u00f3n; Cultura; Trabajo y Promoci\u00f3n del Empleo; Desarrollo e Inclusi\u00f3n Social; Producci\u00f3n; Salud; Vivienda, Construcci\u00f3n y Saneamiento; y Econom\u00eda y Finanzas. Adem\u00e1s, un representante de la empresa Las Bambas, Municipalidad Provincial de Chumbivilcas, Gobierno Regional de Cusco, Frente \u00danico de Defensa de los Intereses de Chumbivilcas y comunidades que forman parte de la zona de atenci\u00f3n especial, donde se gener\u00f3 el conflicto social por el Corredor Vial Sur Apur\u00edmac-Cusco-Arequipa.<\/p>\n<p><a href=\"https:\/\/busquedas.elperuano.pe\/normaslegales\/declaran-el-territorio-de-comunidades-campesinas-ubicadas-en-resolucion-ministerial-no-005-2022-pcm-2028924-1\/\" target=\"_blank\" rel=\"noopener\">AQU\u00cd<\/a>, puedes leer completa la Resoluci\u00f3n Ministerial n.\u00b0 005-2022-PCM.<\/p>\n<p><em>Foto referencial<\/em><\/p>","protected":false},"excerpt":{"rendered":"<p>Redacci\u00f3n DHSF Ma\u00f1ana, 17 de marzo, se tiene prevista la instalaci\u00f3n del Grupo de Trabajo Multisectorial a cargo de formular la propuesta del Plan de Intervenci\u00f3n para la Zona de Atenci\u00f3n Especial de Chumbivilcas. La convocatoria de la reuni\u00f3n fue hecha por la Presidencia del Consejo de Ministros, a trav\u00e9s del Viceministerio de Gobernanza Territorial, [&hellip;]<\/p>\n","protected":false},"author":1,"featured_media":3463,"comment_status":"open","ping_status":"open","sticky":false,"template":"","format":"standard","meta":{"_monsterinsights_skip_tracking":false,"_monsterinsights_sitenote_active":false,"_monsterinsights_sitenote_note":"","_monsterinsights_sitenote_category":0,"_jetpack_memberships_contains_paid_content":false,"footnotes":"","jetpack_publicize_message":"","jetpack_publicize_feature_enabled":true,"jetpack_social_post_already_shared":false,"jetpack_social_options":{"image_generator_settings":{"template":"highway","default_image_id":0,"font":"","enabled":false},"version":2}},"categories":[1],"tags":[],"class_list":["post-3462","post","type-post","status-publish","format-standard","has-post-thumbnail","hentry","category-sin-categoria"],"blocksy_meta":[],"jetpack_publicize_connections":[],"jetpack_featured_media_url":"https:\/\/derechosinfronteras.pe\/wp-content\/uploads\/2022\/03\/NOTA-GRUPO-DE-TRABAKO.jpg","jetpack_sharing_enabled":true,"jetpack_likes_enabled":true,"_links":{"self":[{"href":"https:\/\/derechosinfronteras.pe\/ingles\/wp-json\/wp\/v2\/posts\/3462","targetHints":{"allow":["GET"]}}],"collection":[{"href":"https:\/\/derechosinfronteras.pe\/ingles\/wp-json\/wp\/v2\/posts"}],"about":[{"href":"https:\/\/derechosinfronteras.pe\/ingles\/wp-json\/wp\/v2\/types\/post"}],"author":[{"embeddable":true,"href":"https:\/\/derechosinfronteras.pe\/ingles\/wp-json\/wp\/v2\/users\/1"}],"replies":[{"embeddable":true,"href":"https:\/\/derechosinfronteras.pe\/ingles\/wp-json\/wp\/v2\/comments?post=3462"}],"version-history":[{"count":0,"href":"https:\/\/derechosinfronteras.pe\/ingles\/wp-json\/wp\/v2\/posts\/3462\/revisions"}],"wp:featuredmedia":[{"embeddable":true,"href":"https:\/\/derechosinfronteras.pe\/ingles\/wp-json\/wp\/v2\/media\/3463"}],"wp:attachment":[{"href":"https:\/\/derechosinfronteras.pe\/ingles\/wp-json\/wp\/v2\/media?parent=3462"}],"wp:term":[{"taxonomy":"category","embeddable":true,"href":"https:\/\/derechosinfronteras.pe\/ingles\/wp-json\/wp\/v2\/categories?post=3462"},{"taxonomy":"post_tag","embeddable":true,"href":"https:\/\/derechosinfronteras.pe\/ingles\/wp-json\/wp\/v2\/tags?post=3462"}],"curies":[{"name":"wp","href":"https:\/\/api.w.org\/{rel}","templated":true}]}}