{"id":3464,"date":"2022-03-15T18:25:52","date_gmt":"2022-03-15T23:25:52","guid":{"rendered":"http:\/\/derechosinfronteras.pe\/?p=7925"},"modified":"2022-03-15T18:25:52","modified_gmt":"2022-03-15T23:25:52","slug":"espinar-presente-en-el-i-congreso-nacional-de-la-plataforma-nacional-de-afectados-y-afectadas-por-metales-toxicos","status":"publish","type":"post","link":"https:\/\/derechosinfronteras.pe\/ingles\/espinar-presente-en-el-i-congreso-nacional-de-la-plataforma-nacional-de-afectados-y-afectadas-por-metales-toxicos\/","title":{"rendered":"Espinar presente en el I Congreso Nacional de la Plataforma Nacional de Afectados y Afectadas por Metales T\u00f3xicos"},"content":{"rendered":"<p>Redacci\u00f3n DHSF<\/p>\n<p>La delegaci\u00f3n de Espinar, representada por 9 personas, entre voceros, l\u00edderes, lideresas, particip\u00f3 en el I Congreso de la Plataforma Nacional de Afectados y Afectadas por Metales, Metaloides y otras Sustancias Qu\u00edmicas T\u00f3xicas, realizado en la ciudad de Lima, el 14 y 15 de marzo.<\/p>\n<p>En el primer d\u00eda del evento, Elsa Merma, presidenta de la Asociaci\u00f3n de Mujeres Defensoras del Territorio y Cultura K\u2019ana, expuso la problem\u00e1tica de la provincia Espinar con respecto a la presencia de metales t\u00f3xicos.<\/p>\n<p>\u201cMe siento triste. Nosotras que preparamos los alimentos todos los d\u00edas, no sabemos si estamos dando alimento o veneno a nuestros hijos, ya son a\u00f1os que han pasado\u201d, expres\u00f3 la lideresa.<\/p>\n<p>Por su parte, el defensor Vildal Merma manifest\u00f3 que en la provincia de Espinar \u201cen 157 puntos analizados para agua de consumo humano, se ha detectado que m\u00e1s del 80% contiene sustancias t\u00f3xicas\u00bb.<\/p>\n<p>\u00abHoy tenemos estudios que demuestran la contaminaci\u00f3n. Tambi\u00e9n se han realizado estudios comparativos porque ya no confiamos en organismos oficiales\u201d, agreg\u00f3.<\/p>\n<p>Seg\u00fan el informe \u201cEstado de salud fallido\u201d realizado por Amnist\u00eda Internacional con el apoyo de Derechos Humanos Sin Fronteras y presentada en mayo de 2021, en Espinar, de una muestra de 150 personas se encontr\u00f3 que 117 ten\u00edan altos niveles de metales y sustancias t\u00f3xicas como ars\u00e9nico, plomo, mercurio, cadmio y manganeso.<\/p>\n<p>Dicho estudio se realiz\u00f3 en 11 comunidades ind\u00edgenas que se encuentran en el \u00e1rea de influencia del proyecto minero\u00a0Antapaccay Expansi\u00f3n Tintaya \u2013 Integraci\u00f3n Coroccohuayco<em>.<\/em><\/p>\n<p>Las y los\u00a0integrantes de la Plataforma Nacional de Afectados y Afectadas por Metales, Metaloides y otras Sustancias Qu\u00edmicas T\u00f3xicas, entre ellos la delegaci\u00f3n de Espinar, exigen que se implemente y reglamente el Plan Especial Multisectorial para la atenci\u00f3n integral de afectados y afectadas por metales pesados, metaloides y otras sustancias qu\u00edmicas t\u00f3xicas (PEM), aprobado el pasado 17 de diciembre de 2021.<\/p>\n<p>DETALLES<\/p>\n<p>Antes de empezar con la exposici\u00f3n de la problem\u00e1tica de salud, los asistentes pidieron un minuto de silencio en memoria del defensor ambiental Oscar Mollohuanca, a quien recodaron por su trayectoria en la defensa de los derechos humanos y medio ambiente en la provincia de Espinar.<\/p>\n<p>En este congreso participaron m\u00e1s de 150 personas de delegaciones de Amazonas, Ancash, Cajamarca, Callao, Cusco, Huancavelica, Jun\u00edn, La Libertad, Lambayeque, Lima y provincias, Loreto, Moquegua, Pasco y Puno. Ellos y ellas representan a poblaciones que sufren de exposici\u00f3n cr\u00f3nica a metales pesados y otras sustancias que causan graves efectos en la salud, por lo cual defienden sus territorios en contextos de actividades extractivas e industriales.<\/p>\n<p>La agenda del congreso:<\/p>\n<ol>\n<li>Exponer la problem\u00e1tica nacional por afectaci\u00f3n con metales, metaloides y otras sustancias qu\u00edmicas t\u00f3xicas (territorios y expertos).<\/li>\n<li>Socializar los avances en materia de salud ambiental y humana a nivel nacional y territorial, en base al Plan Especial Multisectorial \u2013 PEM, Presupuesto 2022, Ley 31189.<\/li>\n<li>Proponer, discutir y generar compromisos de las regiones y zonas del pa\u00eds para articular, seguir y fiscalizar los procesos de implementaci\u00f3n para la atenci\u00f3n de afectados\/as por metales t\u00f3xicos.<\/li>\n<li>Elegir a la junta directiva en base a las vocer\u00edas nacionales y comit\u00e9 coordinador de la plataforma nacional de afectados y afectadas por metales, metaloides y otras sustancias qu\u00edmicas t\u00f3xicas.<\/li>\n<\/ol>\n<p>Asimismo, al evento asistieron la congresista Ruth Luque, la expremier Mirtha V\u00e1squez, representantes del Ministerio del Ambiente y la Defensor\u00eda del Pueblo. Mientras que los ministerios de Salud, Desarrollo Agrario y Riego, Energ\u00eda y Minas no acudieron pese a la invitaci\u00f3n hecha.<\/p>\n<p>El congreso culmin\u00f3 hoy con la clausura del viceministro del Ministerio del Ambiente, Mariano Castro S\u00e1nchez \u2013 Moreno. Por parte de Derechos Humanos Sin Fronteras particip\u00f3 en calidad de coordinadora de la Mesa T\u00e9cnica de Salud Ambiental y Humana, bi\u00f3loga Karem Luque, quien a la vez coordina el \u00c1rea de Derechos Colectivos y Medio Ambiente de nuestra instituci\u00f3n.<\/p>","protected":false},"excerpt":{"rendered":"<p>Redacci\u00f3n DHSF La delegaci\u00f3n de Espinar, representada por 9 personas, entre voceros, l\u00edderes, lideresas, particip\u00f3 en el I Congreso de la Plataforma Nacional de Afectados y Afectadas por Metales, Metaloides y otras Sustancias Qu\u00edmicas T\u00f3xicas, realizado en la ciudad de Lima, el 14 y 15 de marzo. En el primer d\u00eda del evento, Elsa Merma, [&hellip;]<\/p>\n","protected":false},"author":1,"featured_media":3465,"comment_status":"open","ping_status":"open","sticky":false,"template":"","format":"standard","meta":{"_monsterinsights_skip_tracking":false,"_monsterinsights_sitenote_active":false,"_monsterinsights_sitenote_note":"","_monsterinsights_sitenote_category":0,"_jetpack_memberships_contains_paid_content":false,"footnotes":"","jetpack_publicize_message":"","jetpack_publicize_feature_enabled":true,"jetpack_social_post_already_shared":false,"jetpack_social_options":{"image_generator_settings":{"template":"highway","default_image_id":0,"font":"","enabled":false},"version":2}},"categories":[1],"tags":[],"class_list":["post-3464","post","type-post","status-publish","format-standard","has-post-thumbnail","hentry","category-sin-categoria"],"blocksy_meta":[],"jetpack_publicize_connections":[],"jetpack_featured_media_url":"https:\/\/derechosinfronteras.pe\/wp-content\/uploads\/2022\/03\/1.jpg","jetpack_sharing_enabled":true,"jetpack_likes_enabled":true,"_links":{"self":[{"href":"https:\/\/derechosinfronteras.pe\/ingles\/wp-json\/wp\/v2\/posts\/3464","targetHints":{"allow":["GET"]}}],"collection":[{"href":"https:\/\/derechosinfronteras.pe\/ingles\/wp-json\/wp\/v2\/posts"}],"about":[{"href":"https:\/\/derechosinfronteras.pe\/ingles\/wp-json\/wp\/v2\/types\/post"}],"author":[{"embeddable":true,"href":"https:\/\/derechosinfronteras.pe\/ingles\/wp-json\/wp\/v2\/users\/1"}],"replies":[{"embeddable":true,"href":"https:\/\/derechosinfronteras.pe\/ingles\/wp-json\/wp\/v2\/comments?post=3464"}],"version-history":[{"count":0,"href":"https:\/\/derechosinfronteras.pe\/ingles\/wp-json\/wp\/v2\/posts\/3464\/revisions"}],"wp:featuredmedia":[{"embeddable":true,"href":"https:\/\/derechosinfronteras.pe\/ingles\/wp-json\/wp\/v2\/media\/3465"}],"wp:attachment":[{"href":"https:\/\/derechosinfronteras.pe\/ingles\/wp-json\/wp\/v2\/media?parent=3464"}],"wp:term":[{"taxonomy":"category","embeddable":true,"href":"https:\/\/derechosinfronteras.pe\/ingles\/wp-json\/wp\/v2\/categories?post=3464"},{"taxonomy":"post_tag","embeddable":true,"href":"https:\/\/derechosinfronteras.pe\/ingles\/wp-json\/wp\/v2\/tags?post=3464"}],"curies":[{"name":"wp","href":"https:\/\/api.w.org\/{rel}","templated":true}]}}