{"id":3468,"date":"2022-03-14T11:47:00","date_gmt":"2022-03-14T16:47:00","guid":{"rendered":"http:\/\/derechosinfronteras.pe\/?p=7913"},"modified":"2022-03-14T11:47:00","modified_gmt":"2022-03-14T16:47:00","slug":"finaliza-reunion-de-trabajo-en-urinsaya-sin-la-firma-de-la-comunidad-campesina-en-el-acta-de-acuerdos","status":"publish","type":"post","link":"https:\/\/derechosinfronteras.pe\/ingles\/finaliza-reunion-de-trabajo-en-urinsaya-sin-la-firma-de-la-comunidad-campesina-en-el-acta-de-acuerdos\/","title":{"rendered":"Finaliza reuni\u00f3n de trabajo en Urinsaya sin la firma de la comunidad campesina en el acta de acuerdos"},"content":{"rendered":"<p>Redacci\u00f3n DHSF<\/p>\n<p>La incapacidad del Ejecutivo por solucionar el conflicto en la comunidad campesina Urinsaya, ubicada en la provincia de Espinar, volvi\u00f3 a salir a flote. Esta vez, finaliz\u00f3 la reuni\u00f3n de trabajo sin la firma de la comunidad en el acta de acuerdos, pero con la r\u00fabrica de los representantes del Ministerio de Energ\u00eda y Minas (MINEM), Ministerio de Transportes y Comunicaciones (MTC), Presidencia del Consejo de Ministros (PCM) y empresa minera Las Bambas.<\/p>\n<p>Comuneras y comuneros se retiraron del sal\u00f3n comunal al percatarse que sus demandas no ser\u00edan resueltas en esta sesi\u00f3n de trabajo, realizada el jueves 10 de marzo, de forma presencial en Urinsaya. Adem\u00e1s, no estuvo presente el premier An\u00edbal Torres. Urinsaya considera que los representantes que asistieron no tienen poder de decisi\u00f3n. Por eso esperaban la participaci\u00f3n del titular de la PCM.<\/p>\n<p>Pese a esta situaci\u00f3n, el acta fue firmada, incluso, figuran acuerdos que la comunidad l\u00f3gicamente desconoce. A continuaci\u00f3n, las seis conclusiones a las que se llegaron al finalizar la reuni\u00f3n de trabajo:<\/p>\n<ol>\n<li>El Poder Ejecutivo promover\u00e1 proyectos de ley para mejor el marco normativo y abordar la problem\u00e1tica del desarrollo minero en el Per\u00fa.<\/li>\n<li>El MINEM se compromete a revisar la normativa espec\u00edfica referida a la demanda de la comunidad campesina Urinsaya de ser considerada \u00e1rea de influencia directa.<\/li>\n<li>Mientras dure el proceso ante el Servicio Nacional de Certificaci\u00f3n Ambiental para las Inversiones Sostenibles (SENACE), la empresa Las Bambas implementar\u00e1 el \u00e1rea de inter\u00e9s social y ambiental en la comunidad de Urinsaya, con aportes para inversiones en salud, educaci\u00f3n, agropecuario y otros proyectos.<\/li>\n<li>El Poder Ejecutivo se compromete a promover actividades e inversiones multisectorial vinculadas al plan de desarrollo comunal.<\/li>\n<li>El MTC realizar\u00e1 operativos inopinados en el sector de la comunidad.<\/li>\n<li>El Poder Ejecutivo solicita a la comunidad de Urinsaya que levante la medida de lucha por un plazo de 90 d\u00edas mientras se trabajen los puntos 1 y 2.<\/li>\n<\/ol>\n<p>Hoy, en el programa Despertar K\u2019ana, emitido por Radio Laramani en Espinar, el dirigente Yuber Choqueccota declar\u00f3 que dicha comunidad campesina pide ser considerada \u00e1rea de influencia directa de la empresa Las Bambas, pero la minera propone que sea \u00e1rea de inter\u00e9s social. Este ser\u00eda el punto central de las desavenencias.<\/p>\n<p>Por lo pronto, el Corredor Minero Sur en la comunidad campesina de Urinsaya sigue bloqueado. Ya son 2 semanas sin que haya soluciones a este conflicto social.<\/p>\n<p>&nbsp;<\/p>\n<figure id=\"attachment_7918\" aria-describedby=\"caption-attachment-7918\" style=\"width: 695px\" class=\"wp-caption alignnone\"><img fetchpriority=\"high\" decoding=\"async\" class=\"size-full wp-image-7918\" src=\"http:\/\/derechosinfronteras.pe\/wp-content\/uploads\/2022\/03\/WhatsApp-Image-2022-03-11-at-8.41.55-AM.jpeg\" alt=\"Acta de acuerdos\" width=\"695\" height=\"858\" \/><figcaption id=\"caption-attachment-7918\" class=\"wp-caption-text\">Acta de acuerdos<\/figcaption><\/figure>","protected":false},"excerpt":{"rendered":"<p>Redacci\u00f3n DHSF La incapacidad del Ejecutivo por solucionar el conflicto en la comunidad campesina Urinsaya, ubicada en la provincia de Espinar, volvi\u00f3 a salir a flote. Esta vez, finaliz\u00f3 la reuni\u00f3n de trabajo sin la firma de la comunidad en el acta de acuerdos, pero con la r\u00fabrica de los representantes del Ministerio de Energ\u00eda [&hellip;]<\/p>\n","protected":false},"author":1,"featured_media":3469,"comment_status":"open","ping_status":"open","sticky":false,"template":"","format":"standard","meta":{"_monsterinsights_skip_tracking":false,"_monsterinsights_sitenote_active":false,"_monsterinsights_sitenote_note":"","_monsterinsights_sitenote_category":0,"_jetpack_memberships_contains_paid_content":false,"footnotes":"","jetpack_publicize_message":"","jetpack_publicize_feature_enabled":true,"jetpack_social_post_already_shared":false,"jetpack_social_options":{"image_generator_settings":{"template":"highway","default_image_id":0,"font":"","enabled":false},"version":2}},"categories":[1],"tags":[],"class_list":["post-3468","post","type-post","status-publish","format-standard","has-post-thumbnail","hentry","category-sin-categoria"],"blocksy_meta":[],"jetpack_publicize_connections":[],"jetpack_featured_media_url":"https:\/\/derechosinfronteras.pe\/wp-content\/uploads\/2022\/03\/NOTA-URINSAYA-WEB.jpg","jetpack_sharing_enabled":true,"jetpack_likes_enabled":true,"_links":{"self":[{"href":"https:\/\/derechosinfronteras.pe\/ingles\/wp-json\/wp\/v2\/posts\/3468","targetHints":{"allow":["GET"]}}],"collection":[{"href":"https:\/\/derechosinfronteras.pe\/ingles\/wp-json\/wp\/v2\/posts"}],"about":[{"href":"https:\/\/derechosinfronteras.pe\/ingles\/wp-json\/wp\/v2\/types\/post"}],"author":[{"embeddable":true,"href":"https:\/\/derechosinfronteras.pe\/ingles\/wp-json\/wp\/v2\/users\/1"}],"replies":[{"embeddable":true,"href":"https:\/\/derechosinfronteras.pe\/ingles\/wp-json\/wp\/v2\/comments?post=3468"}],"version-history":[{"count":0,"href":"https:\/\/derechosinfronteras.pe\/ingles\/wp-json\/wp\/v2\/posts\/3468\/revisions"}],"wp:featuredmedia":[{"embeddable":true,"href":"https:\/\/derechosinfronteras.pe\/ingles\/wp-json\/wp\/v2\/media\/3469"}],"wp:attachment":[{"href":"https:\/\/derechosinfronteras.pe\/ingles\/wp-json\/wp\/v2\/media?parent=3468"}],"wp:term":[{"taxonomy":"category","embeddable":true,"href":"https:\/\/derechosinfronteras.pe\/ingles\/wp-json\/wp\/v2\/categories?post=3468"},{"taxonomy":"post_tag","embeddable":true,"href":"https:\/\/derechosinfronteras.pe\/ingles\/wp-json\/wp\/v2\/tags?post=3468"}],"curies":[{"name":"wp","href":"https:\/\/api.w.org\/{rel}","templated":true}]}}