{"id":3473,"date":"2022-03-10T09:22:25","date_gmt":"2022-03-10T14:22:25","guid":{"rendered":"http:\/\/derechosinfronteras.pe\/?p=7900"},"modified":"2022-03-10T09:22:25","modified_gmt":"2022-03-10T14:22:25","slug":"hasta-siempre-querido-companero-oscar-mollohuanca","status":"publish","type":"post","link":"https:\/\/derechosinfronteras.pe\/ingles\/hasta-siempre-querido-companero-oscar-mollohuanca\/","title":{"rendered":"\u00a1Hasta siempre, querido compa\u00f1ero Oscar Mollohuanca!"},"content":{"rendered":"<p>Redacci\u00f3n DHSF<\/p>\n<p>La muerte de Oscar Mollohuanca Cruz, exalcalde de la provincia de Espinar en dos periodos, representa una p\u00e9rdida para el movimiento social que lucha por la reivindicaci\u00f3n de los derechos humanos y ambientales. Diversas organizaciones, l\u00edderes sociales y pol\u00edticos lamentan su deceso cuyas causas a\u00fan son materia de investigaci\u00f3n.<\/p>\n<p>Su cuerpo fue hallado sin vida y con una parte desnuda, a unos 300 metros de su vivienda en el sector denominado Alcassana, distrito de Pallpata, el lunes 7. Al d\u00eda siguiente fue ingresado a la morgue central de Cusco para el examen de necropsia.<\/p>\n<p>Ante este hallazgo, la Defensor\u00eda del Pueblo solicit\u00f3 al Ministerio P\u00fablico y Polic\u00eda Nacional del Per\u00fa investigar el caso. Adem\u00e1s, pidi\u00f3 al Ministerio de Justicia y Derechos Humanos la activaci\u00f3n del Mecanismo Intersectorial de Protecci\u00f3n de Personas Defensoras.<\/p>\n<p>Nuestra instituci\u00f3n Derechos Humanos Sin Fronteras se une a este pedido del organismo defensor y se mantendr\u00e1 vigilante para que se cumpla con la ley.<\/p>\n<p>HISTORIA<\/p>\n<p>Oscar Mollohuanca, defensor de los derechos humanos y medio ambiente, fue criminalizado por respaldar la protesta del a\u00f1o 2012 contra la empresa Xstrata Tintaya ahora Glencore. Mollohuanca junto a Sergio Huamani y Herbert Huaman reclamaban en contra de la contaminaci\u00f3n minera. Exig\u00edan la renegociaci\u00f3n del convenio marco, que existe en la actualidad gracias a esta lucha. La empresa minera tiene la obligaci\u00f3n de dar el 3% de sus utilidades a la provincia de Espinar para su desarrollo.<\/p>\n<p>Cuatro campesinos murieron producto de la represi\u00f3n policial, el 30 de mayo de 2012. Oscar fue llevado a Cusco y despu\u00e9s al penal de Cachiche en Ica. Estuvo en prisi\u00f3n 15 d\u00edas, hasta el 14 de junio, sin ninguna raz\u00f3n. Desde entonces, fue criminalizado por defender el medio ambiente y su territorio. Cinco a\u00f1os despu\u00e9s, el Poder Judicial lo declar\u00f3 inocente,\u00a0pero el caso fue apelado y se\u00a0reabri\u00f3 un nuevo juicio\u00a0que estaba en proceso.<\/p>\n<p>Desde el inicio asumimos la asesor\u00eda y defensa legal de su caso, por lo que \u00e9l se convirti\u00f3 en un entra\u00f1able amigo y un compa\u00f1ero que destac\u00f3 por no callar ante las injusticias.<\/p>\n<p>ASPIRACIONES<\/p>\n<p>\u00c9l ten\u00eda la intenci\u00f3n de participar en estas elecciones municipales y regionales 2022 como candidato por el distrito de Pallpata, zona de influencia del proyecto ampliaci\u00f3n Coroccohuayco de la mina Antapaccay.<\/p>\n<p>Estuvo ligado toda su vida a la pol\u00edtica. En 1984 se afili\u00f3 a la izquierda mariateguista. Luego, en 1999 fund\u00f3 el movimiento local Integraci\u00f3n K\u2019ana Minka, tras culminar sus estudios en econom\u00eda y regresar a su tierra natal. Fue una figura pol\u00edtica de gran peso en Espinar y en el pa\u00eds.<\/p>\n<p>Oscar, hoy sentimos tu partida. Tu vida y tu voz libertaria resuena en nuestros tristes corazones.<\/p>\n<p>\u00a1Hasta siempre, querido compa\u00f1ero!<\/p>\n<p>&nbsp;<\/p>","protected":false},"excerpt":{"rendered":"<p>Redacci\u00f3n DHSF La muerte de Oscar Mollohuanca Cruz, exalcalde de la provincia de Espinar en dos periodos, representa una p\u00e9rdida para el movimiento social que lucha por la reivindicaci\u00f3n de los derechos humanos y ambientales. Diversas organizaciones, l\u00edderes sociales y pol\u00edticos lamentan su deceso cuyas causas a\u00fan son materia de investigaci\u00f3n. Su cuerpo fue hallado [&hellip;]<\/p>\n","protected":false},"author":1,"featured_media":3474,"comment_status":"open","ping_status":"open","sticky":false,"template":"","format":"standard","meta":{"_monsterinsights_skip_tracking":false,"_monsterinsights_sitenote_active":false,"_monsterinsights_sitenote_note":"","_monsterinsights_sitenote_category":0,"_jetpack_memberships_contains_paid_content":false,"footnotes":"","jetpack_publicize_message":"","jetpack_publicize_feature_enabled":true,"jetpack_social_post_already_shared":false,"jetpack_social_options":{"image_generator_settings":{"template":"highway","default_image_id":0,"font":"","enabled":false},"version":2}},"categories":[1],"tags":[],"class_list":["post-3473","post","type-post","status-publish","format-standard","has-post-thumbnail","hentry","category-sin-categoria"],"blocksy_meta":[],"jetpack_publicize_connections":[],"jetpack_featured_media_url":"https:\/\/derechosinfronteras.pe\/wp-content\/uploads\/2022\/03\/foto-despedida-de-Oscar.jpg","jetpack_sharing_enabled":true,"jetpack_likes_enabled":true,"_links":{"self":[{"href":"https:\/\/derechosinfronteras.pe\/ingles\/wp-json\/wp\/v2\/posts\/3473","targetHints":{"allow":["GET"]}}],"collection":[{"href":"https:\/\/derechosinfronteras.pe\/ingles\/wp-json\/wp\/v2\/posts"}],"about":[{"href":"https:\/\/derechosinfronteras.pe\/ingles\/wp-json\/wp\/v2\/types\/post"}],"author":[{"embeddable":true,"href":"https:\/\/derechosinfronteras.pe\/ingles\/wp-json\/wp\/v2\/users\/1"}],"replies":[{"embeddable":true,"href":"https:\/\/derechosinfronteras.pe\/ingles\/wp-json\/wp\/v2\/comments?post=3473"}],"version-history":[{"count":0,"href":"https:\/\/derechosinfronteras.pe\/ingles\/wp-json\/wp\/v2\/posts\/3473\/revisions"}],"wp:featuredmedia":[{"embeddable":true,"href":"https:\/\/derechosinfronteras.pe\/ingles\/wp-json\/wp\/v2\/media\/3474"}],"wp:attachment":[{"href":"https:\/\/derechosinfronteras.pe\/ingles\/wp-json\/wp\/v2\/media?parent=3473"}],"wp:term":[{"taxonomy":"category","embeddable":true,"href":"https:\/\/derechosinfronteras.pe\/ingles\/wp-json\/wp\/v2\/categories?post=3473"},{"taxonomy":"post_tag","embeddable":true,"href":"https:\/\/derechosinfronteras.pe\/ingles\/wp-json\/wp\/v2\/tags?post=3473"}],"curies":[{"name":"wp","href":"https:\/\/api.w.org\/{rel}","templated":true}]}}