{"id":3475,"date":"2022-03-08T11:36:45","date_gmt":"2022-03-08T16:36:45","guid":{"rendered":"http:\/\/derechosinfronteras.pe\/?p=7890"},"modified":"2022-03-08T11:36:45","modified_gmt":"2022-03-08T16:36:45","slug":"en-el-marco-del-8m-la-asociacion-de-regidoras-y-mujeres-autoridades-de-la-region-del-cusco-se-pronuncia","status":"publish","type":"post","link":"https:\/\/derechosinfronteras.pe\/ingles\/en-el-marco-del-8m-la-asociacion-de-regidoras-y-mujeres-autoridades-de-la-region-del-cusco-se-pronuncia\/","title":{"rendered":"En el marco del 8M la Asociaci\u00f3n de Regidoras y Mujeres Autoridades de la Regi\u00f3n del Cusco se Pronuncia"},"content":{"rendered":"<p>Pronunciamiento<\/p>\n<p style=\"text-align: left;\"><strong>A LA OPINI\u00d3N P\u00daBLICA:<\/strong><br \/>\nLa Asociaci\u00f3n de Regidoras y Mujeres Autoridades de la Regi\u00f3n Cusco e instituciones aliadas, conmemorando del D\u00eda Internacional de la Mujer, manifestamos a la sociedad, lo siguiente:<\/p>\n<p style=\"text-align: left;\">\n<strong>PRIMERO:<\/strong> Expresamos nuestro saludo y rendimos homenaje a todas las mujeres que reivindican la lucha por la igualdad de g\u00e9nero y oportunidades, en pos de una sociedad m\u00e1s justa e igualitaria, recordando que el trabajo de cada una de nosotras es importante para alcanzar dichos objetivos, somos conscientes que a\u00fan queda un largo camino, pero con perseverancia se lograr\u00e1.<br \/>\n<strong>SEGUNDO:<\/strong> Reconocemos la posici\u00f3n de la mujer como profesional, madre, autoridad, trabajadora, ama de casa, en sus distintos roles entre otras cualidades y habilidades que la reivindican, constituyendo un pilar importante en eldesarrollo de la sociedad.<br \/>\n<strong>TERCERO:<\/strong> Rechazamos contundentemente cualquier tipo de violencia en sus distintas formas, provenga de donde provenga; enfatizando con firmeza la igualdad entre varones y mujeres.<br \/>\n<strong>CUARTO:<\/strong> Expresamos nuestras muestras de solidaridad con todas aquellas mujeres que hayan sido o sean v\u00edctimas de violencia en cualquiera de sus formas e instamos a las mujeres a no tener miedo ni verg\u00fcenza y denunciar hechos como estos.<\/p>\n<p style=\"text-align: left;\">Se hace el llamado a todas las mujeres, organizaciones sociales, ONG\u00b4S, instituciones p\u00fablicas y privadas, y dem\u00e1s aliados a trabajar de manera conjunta y articulada para erradicar la violencia y dem\u00e1s problemas de la sociedad; como AREC seguiremos brindando un apoyo incondicional para acompa\u00f1ar estos casos, hasta lograr justicia y trabajaremos en conjunto con los gobiernos locales<br \/>\ny regionales para la regulaci\u00f3n y reglamentaci\u00f3n contra el acoso pol\u00edtico y la igualdad de g\u00e9nero.<br \/>\n<strong>Cusco, 8 de marzo de 2022.<\/strong><br \/>\nASOCIACI\u00d3N DE REGIDORAS Y MUJERES AUTORIDADES DE LA<br \/>\nREGI\u00d3N CUSCO.<\/p>\n<p><img fetchpriority=\"high\" decoding=\"async\" class=\"size-full wp-image-7891 aligncenter\" src=\"http:\/\/derechosinfronteras.pe\/wp-content\/uploads\/2022\/03\/ARE-PRONUNCIAMIENTO.jpg\" alt=\"\" width=\"493\" height=\"689\" \/><\/p>","protected":false},"excerpt":{"rendered":"<p>Pronunciamiento A LA OPINI\u00d3N P\u00daBLICA: La Asociaci\u00f3n de Regidoras y Mujeres Autoridades de la Regi\u00f3n Cusco e instituciones aliadas, conmemorando del D\u00eda Internacional de la Mujer, manifestamos a la sociedad, lo siguiente: PRIMERO: Expresamos nuestro saludo y rendimos homenaje a todas las mujeres que reivindican la lucha por la igualdad de g\u00e9nero y oportunidades, en [&hellip;]<\/p>\n","protected":false},"author":1,"featured_media":3476,"comment_status":"open","ping_status":"open","sticky":false,"template":"","format":"standard","meta":{"_monsterinsights_skip_tracking":false,"_monsterinsights_sitenote_active":false,"_monsterinsights_sitenote_note":"","_monsterinsights_sitenote_category":0,"_jetpack_memberships_contains_paid_content":false,"footnotes":"","jetpack_publicize_message":"","jetpack_publicize_feature_enabled":true,"jetpack_social_post_already_shared":false,"jetpack_social_options":{"image_generator_settings":{"template":"highway","default_image_id":0,"font":"","enabled":false},"version":2}},"categories":[1],"tags":[],"class_list":["post-3475","post","type-post","status-publish","format-standard","has-post-thumbnail","hentry","category-sin-categoria"],"blocksy_meta":[],"jetpack_publicize_connections":[],"jetpack_featured_media_url":"https:\/\/derechosinfronteras.pe\/wp-content\/uploads\/2022\/03\/001waaa-fin.jpg","jetpack_sharing_enabled":true,"jetpack_likes_enabled":true,"_links":{"self":[{"href":"https:\/\/derechosinfronteras.pe\/ingles\/wp-json\/wp\/v2\/posts\/3475","targetHints":{"allow":["GET"]}}],"collection":[{"href":"https:\/\/derechosinfronteras.pe\/ingles\/wp-json\/wp\/v2\/posts"}],"about":[{"href":"https:\/\/derechosinfronteras.pe\/ingles\/wp-json\/wp\/v2\/types\/post"}],"author":[{"embeddable":true,"href":"https:\/\/derechosinfronteras.pe\/ingles\/wp-json\/wp\/v2\/users\/1"}],"replies":[{"embeddable":true,"href":"https:\/\/derechosinfronteras.pe\/ingles\/wp-json\/wp\/v2\/comments?post=3475"}],"version-history":[{"count":0,"href":"https:\/\/derechosinfronteras.pe\/ingles\/wp-json\/wp\/v2\/posts\/3475\/revisions"}],"wp:featuredmedia":[{"embeddable":true,"href":"https:\/\/derechosinfronteras.pe\/ingles\/wp-json\/wp\/v2\/media\/3476"}],"wp:attachment":[{"href":"https:\/\/derechosinfronteras.pe\/ingles\/wp-json\/wp\/v2\/media?parent=3475"}],"wp:term":[{"taxonomy":"category","embeddable":true,"href":"https:\/\/derechosinfronteras.pe\/ingles\/wp-json\/wp\/v2\/categories?post=3475"},{"taxonomy":"post_tag","embeddable":true,"href":"https:\/\/derechosinfronteras.pe\/ingles\/wp-json\/wp\/v2\/tags?post=3475"}],"curies":[{"name":"wp","href":"https:\/\/api.w.org\/{rel}","templated":true}]}}