{"id":3478,"date":"2022-03-04T16:27:01","date_gmt":"2022-03-04T21:27:01","guid":{"rendered":"http:\/\/derechosinfronteras.pe\/?p=7883"},"modified":"2022-03-04T16:27:01","modified_gmt":"2022-03-04T21:27:01","slug":"la-asociacion-vida-y-medio-ambiente-causayninchis-quirinchascca-del-cusco-con-la-asesoria-y-defensa-legal-del-idl-y-dhsf-logran-la-sentencia-que-ordena-frenar-la-contaminacion-de-las","status":"publish","type":"post","link":"https:\/\/derechosinfronteras.pe\/ingles\/la-asociacion-vida-y-medio-ambiente-causayninchis-quirinchascca-del-cusco-con-la-asesoria-y-defensa-legal-del-idl-y-dhsf-logran-la-sentencia-que-ordena-frenar-la-contaminacion-de-las\/","title":{"rendered":"La Asociaci\u00f3n Vida y Medio Ambiente \u201cCausayninchis Quirinchascca\u201d del Cusco logra la sentencia que ordena frenar la contaminaci\u00f3n de las ladrilleras"},"content":{"rendered":"<p>Redacci\u00f3n DHSF<\/p>\n<p>La Asociaci\u00f3n Vida y Medio Ambiente \u201cCausayninchis Quirinchascca\u201d del Cusco, con la asesor\u00eda y defensa legal del Instituto de Defensa Legal (IDL) y Derechos Humanos Sin Fronteras (DHSF), lograron la sentencia que ordena frenar la contaminaci\u00f3n de las ladrilleras en el distrito de San Jer\u00f3nimo. Esto luego de dos a\u00f1os de haber presentado una demanda de amparo.<\/p>\n<p>La decisi\u00f3n del juzgado reconoce la vulneraci\u00f3n del derecho fundamental a gozar de un medio ambiente adecuado y equilibrado para el desarrollo de la vida, debido a la emisi\u00f3n de gases y part\u00edculas que generan las ladrilleras.<\/p>\n<p>Tambi\u00e9n dispone que la Municipalidad Distrital San Jer\u00f3nimo \u2013 Cusco realice la fiscalizaci\u00f3n al sector de las ladrilleras que funcionan sin licencia e inicie con el procedimiento de clausura. Este mandato debe ser acatado de forma inmediata.<\/p>\n<p>La sentencia se\u00f1ala que son 168 hornos caseros que no contaban con instrumentos de gesti\u00f3n ambiental, certificaci\u00f3n ambiental y licencia de funcionamiento que asegure la compatibilidad del uso del lugar donde realizan dicha actividad.<\/p>\n<p>Tambi\u00e9n el Primer Juzgado Civil de la Corte Superior de Justicia de Cusco orden\u00f3 al Organismo de Evaluaci\u00f3n y Fiscalizaci\u00f3n Ambiental (OEFA) continuar con la fiscalizaci\u00f3n a las ladrilleras informales y seguir con la verificaci\u00f3n de las medidas preventivas dictadas.<\/p>\n<p>Asimismo, indica que las personas dedicadas a la actividad ladrillera deber\u00e1n procurar el desenvolvimiento normal de sus actividades empleando m\u00e9todos o procesos que no sean nocivos o perjudiciales para el medio ambiente.<\/p>\n<p>A la Direcci\u00f3n Regional de Salud Cusco le ordena brindar atenci\u00f3n m\u00e9dica adecuada y prioritaria a los afectados de San Jer\u00f3nimo.<\/p>\n<p>Si bien la decisi\u00f3n del juzgado es favorable, la Asociaci\u00f3n Vida y Medio Ambiente \u201cCausayninchis Quirinchascca\u201d del Cusco con apoyo del IDL y DHSF present\u00f3 un recurso de apelaci\u00f3n contra la sentencia por las siguientes razones:<\/p>\n<ul>\n<li>La sentencia solo ordena fiscalizar y no ordena el cierre de las ladrilleras que vienen contaminando. Si los predios ladrilleros cuentan o no con licencia de funcionamiento NO CAMBIA EN NADA LA MATRIZ PRODUCTORA DE CONTAMINACI\u00d3N.<\/li>\n<li>Se pide que aclaren la sentencia en cuanto a los Efectos de la Sentencia; fundamento 5.62, fundamento 5.64.<\/li>\n<li>Exigen se precise los plazos para el cumplimiento de lo dispuesto, as\u00ed como la ejecuci\u00f3n anticipada de la sentencia conforme establece el art\u00edculo 26 del C\u00f3digo Procesal Constitucional.<\/li>\n<\/ul>","protected":false},"excerpt":{"rendered":"<p>Redacci\u00f3n DHSF La Asociaci\u00f3n Vida y Medio Ambiente \u201cCausayninchis Quirinchascca\u201d del Cusco, con la asesor\u00eda y defensa legal del Instituto de Defensa Legal (IDL) y Derechos Humanos Sin Fronteras (DHSF), lograron la sentencia que ordena frenar la contaminaci\u00f3n de las ladrilleras en el distrito de San Jer\u00f3nimo. Esto luego de dos a\u00f1os de haber presentado [&hellip;]<\/p>\n","protected":false},"author":1,"featured_media":3479,"comment_status":"open","ping_status":"open","sticky":false,"template":"","format":"standard","meta":{"_monsterinsights_skip_tracking":false,"_monsterinsights_sitenote_active":false,"_monsterinsights_sitenote_note":"","_monsterinsights_sitenote_category":0,"_jetpack_memberships_contains_paid_content":false,"footnotes":"","jetpack_publicize_message":"","jetpack_publicize_feature_enabled":true,"jetpack_social_post_already_shared":false,"jetpack_social_options":{"image_generator_settings":{"template":"highway","default_image_id":0,"font":"","enabled":false},"version":2}},"categories":[1],"tags":[],"class_list":["post-3478","post","type-post","status-publish","format-standard","has-post-thumbnail","hentry","category-sin-categoria"],"blocksy_meta":[],"jetpack_publicize_connections":[],"jetpack_featured_media_url":"https:\/\/derechosinfronteras.pe\/wp-content\/uploads\/2022\/03\/0PTYGTG.jpg","jetpack_sharing_enabled":true,"jetpack_likes_enabled":true,"_links":{"self":[{"href":"https:\/\/derechosinfronteras.pe\/ingles\/wp-json\/wp\/v2\/posts\/3478","targetHints":{"allow":["GET"]}}],"collection":[{"href":"https:\/\/derechosinfronteras.pe\/ingles\/wp-json\/wp\/v2\/posts"}],"about":[{"href":"https:\/\/derechosinfronteras.pe\/ingles\/wp-json\/wp\/v2\/types\/post"}],"author":[{"embeddable":true,"href":"https:\/\/derechosinfronteras.pe\/ingles\/wp-json\/wp\/v2\/users\/1"}],"replies":[{"embeddable":true,"href":"https:\/\/derechosinfronteras.pe\/ingles\/wp-json\/wp\/v2\/comments?post=3478"}],"version-history":[{"count":0,"href":"https:\/\/derechosinfronteras.pe\/ingles\/wp-json\/wp\/v2\/posts\/3478\/revisions"}],"wp:featuredmedia":[{"embeddable":true,"href":"https:\/\/derechosinfronteras.pe\/ingles\/wp-json\/wp\/v2\/media\/3479"}],"wp:attachment":[{"href":"https:\/\/derechosinfronteras.pe\/ingles\/wp-json\/wp\/v2\/media?parent=3478"}],"wp:term":[{"taxonomy":"category","embeddable":true,"href":"https:\/\/derechosinfronteras.pe\/ingles\/wp-json\/wp\/v2\/categories?post=3478"},{"taxonomy":"post_tag","embeddable":true,"href":"https:\/\/derechosinfronteras.pe\/ingles\/wp-json\/wp\/v2\/tags?post=3478"}],"curies":[{"name":"wp","href":"https:\/\/api.w.org\/{rel}","templated":true}]}}