{"id":3480,"date":"2022-03-03T14:37:39","date_gmt":"2022-03-03T19:37:39","guid":{"rendered":"http:\/\/derechosinfronteras.pe\/?p=7879"},"modified":"2022-03-03T14:37:39","modified_gmt":"2022-03-03T19:37:39","slug":"esterilizaciones-forzadas-inician-diligencias-en-medio-de-la-incertidumbre-por-parte-de-las-victimas","status":"publish","type":"post","link":"https:\/\/derechosinfronteras.pe\/ingles\/esterilizaciones-forzadas-inician-diligencias-en-medio-de-la-incertidumbre-por-parte-de-las-victimas\/","title":{"rendered":"Esterilizaciones forzadas: Inician diligencias en medio de la incertidumbre por parte de las v\u00edctimas"},"content":{"rendered":"<p>Redacci\u00f3n DHSF<\/p>\n<p>Hoy inician las diligencias del proceso penal contra Alberto Fujimori y sus exministros de Salud por las esterilizaciones forzadas en medio de la incertidumbre de las v\u00edctimas por la toma de declaraciones de forma virtual. La mayor\u00eda son quechuahablantes y residen en comunidades rurales de diferentes departamentos con problemas de conectividad a Internet.<\/p>\n<p>La presidenta de la Asociaci\u00f3n de Mujeres Afectadas por Esterilizaciones Forzadas de Chumbivilcas, In\u00e9s Condori Anaya, expres\u00f3 su preocupaci\u00f3n por las brechas existes en la zona rural, pues la mayor\u00eda no cuenta con Internet ni con celulares modernos para conectarse en las fechas programadas de las declaraciones previas.<\/p>\n<p>\u201cLas notificaciones no est\u00e1n llegando a todas las mujeres. Solo est\u00e1 llamando Defensa P\u00fablica a \u00faltima hora (para decir que se conecten) y no lo est\u00e1 haciendo con tiempo. Queremos que nos notifiquen con tiempo para programarnos y prevenir problemas\u201d, explic\u00f3.<\/p>\n<p>Esta diligencia, que forma parte de los 2000 actos de investigaci\u00f3n entre declaraciones, testimonios, ex\u00e1menes m\u00e9dicos especializados y entrega de documentos, concluir\u00e1 el 12 de julio. Tambi\u00e9n para hoy se tiene previsto la toma de declaraciones a los exministros de Salud Eduardo Yong Motta, Marino Costa Bauer y Alejandro Aguinaga. Este \u00faltimo actual congresista.<\/p>\n<p>El juez del caso Litman Ram\u00edrez Delgado tambi\u00e9n realizar\u00e1 diligencias presenciales, por lo que Condori dijo que las autoridades judiciales deber\u00e1n prever un espacio apropiado y seguro para las agraviadas. El recojo de las declaraciones y testimonios contar\u00e1 con la presencia de int\u00e9rpretes en sus diferentes variantes del quechua.<\/p>\n<p><strong>CONFERENCIA DE PRENSA<\/strong><\/p>\n<p>Ante el inicio de la investigaci\u00f3n judicial por el caso de las esterilizaciones forzadas, la Coordinadora Nacional de Derechos Humanos, Demus y Somos 2074 y muchas m\u00e1s exigieron ayer la ampliaci\u00f3n de la extradici\u00f3n a Alberto Fujimori. Sucede que Fujimori fue extraditado por determinados delitos y no por el caso esterilizaciones forzadas que configura el delito contra la vida, el cuerpo y la salud, lesiones graves, seguidas de muerte, en un contexto de grave violaci\u00f3n de derechos humanos.<\/p>\n<p>Asimismo, demandaron condiciones para que Alberto Fujimori y sus exministros de salud sean debidamente investigados en un plazo no mayor de 8 meses:<\/p>\n<ul>\n<li>Una fiscal\u00eda y un juzgado AD HOC para garantizar que el caso avance.<\/li>\n<li>Que la fiscal\u00eda empiece los tr\u00e1mites para ampliar la extradici\u00f3n de Alberto Fujimori a fin de que sea juzgado.<\/li>\n<\/ul>\n<p>Cabe recordar que las v\u00edctimas llevan m\u00e1s de 25 a\u00f1os exigiendo justicia, verdad y reparaciones integrales.<\/p>\n<p>&nbsp;<\/p>","protected":false},"excerpt":{"rendered":"<p>Redacci\u00f3n DHSF Hoy inician las diligencias del proceso penal contra Alberto Fujimori y sus exministros de Salud por las esterilizaciones forzadas en medio de la incertidumbre de las v\u00edctimas por la toma de declaraciones de forma virtual. La mayor\u00eda son quechuahablantes y residen en comunidades rurales de diferentes departamentos con problemas de conectividad a Internet. [&hellip;]<\/p>\n","protected":false},"author":1,"featured_media":3481,"comment_status":"open","ping_status":"open","sticky":false,"template":"","format":"standard","meta":{"_monsterinsights_skip_tracking":false,"_monsterinsights_sitenote_active":false,"_monsterinsights_sitenote_note":"","_monsterinsights_sitenote_category":0,"_jetpack_memberships_contains_paid_content":false,"footnotes":"","jetpack_publicize_message":"","jetpack_publicize_feature_enabled":true,"jetpack_social_post_already_shared":false,"jetpack_social_options":{"image_generator_settings":{"template":"highway","default_image_id":0,"font":"","enabled":false},"version":2}},"categories":[1],"tags":[],"class_list":["post-3480","post","type-post","status-publish","format-standard","has-post-thumbnail","hentry","category-sin-categoria"],"blocksy_meta":[],"jetpack_publicize_connections":[],"jetpack_featured_media_url":"https:\/\/derechosinfronteras.pe\/wp-content\/uploads\/2022\/03\/FOTO-EEFF.jpg","jetpack_sharing_enabled":true,"jetpack_likes_enabled":true,"_links":{"self":[{"href":"https:\/\/derechosinfronteras.pe\/ingles\/wp-json\/wp\/v2\/posts\/3480","targetHints":{"allow":["GET"]}}],"collection":[{"href":"https:\/\/derechosinfronteras.pe\/ingles\/wp-json\/wp\/v2\/posts"}],"about":[{"href":"https:\/\/derechosinfronteras.pe\/ingles\/wp-json\/wp\/v2\/types\/post"}],"author":[{"embeddable":true,"href":"https:\/\/derechosinfronteras.pe\/ingles\/wp-json\/wp\/v2\/users\/1"}],"replies":[{"embeddable":true,"href":"https:\/\/derechosinfronteras.pe\/ingles\/wp-json\/wp\/v2\/comments?post=3480"}],"version-history":[{"count":0,"href":"https:\/\/derechosinfronteras.pe\/ingles\/wp-json\/wp\/v2\/posts\/3480\/revisions"}],"wp:featuredmedia":[{"embeddable":true,"href":"https:\/\/derechosinfronteras.pe\/ingles\/wp-json\/wp\/v2\/media\/3481"}],"wp:attachment":[{"href":"https:\/\/derechosinfronteras.pe\/ingles\/wp-json\/wp\/v2\/media?parent=3480"}],"wp:term":[{"taxonomy":"category","embeddable":true,"href":"https:\/\/derechosinfronteras.pe\/ingles\/wp-json\/wp\/v2\/categories?post=3480"},{"taxonomy":"post_tag","embeddable":true,"href":"https:\/\/derechosinfronteras.pe\/ingles\/wp-json\/wp\/v2\/tags?post=3480"}],"curies":[{"name":"wp","href":"https:\/\/api.w.org\/{rel}","templated":true}]}}