{"id":3482,"date":"2022-01-24T12:43:25","date_gmt":"2022-01-24T17:43:25","guid":{"rendered":"http:\/\/derechosinfronteras.pe\/?p=7870"},"modified":"2022-01-24T12:43:25","modified_gmt":"2022-01-24T17:43:25","slug":"comunidades-originarias-de-chumbivilcas-acuerdan-no-recibir-dadivas-de-candidatos","status":"publish","type":"post","link":"https:\/\/derechosinfronteras.pe\/ingles\/comunidades-originarias-de-chumbivilcas-acuerdan-no-recibir-dadivas-de-candidatos\/","title":{"rendered":"Comunidades originarias de Chumbivilcas acuerdan no recibir d\u00e1divas de candidatos"},"content":{"rendered":"<p>Redacci\u00f3n DHSF<\/p>\n<p>Ante la cercan\u00eda de las elecciones regionales y municipales de este a\u00f1o, donde casi siempre los movimientos y partidos pol\u00edticos practican el clientelismo para captar electores, parte de las comunidades originarias de Chumbivilcas acordaron no recibir d\u00e1divas de los y las candidatas.<\/p>\n<p>A esta decisi\u00f3n llegaron las comunidades, rondas campesinas, organizaciones sociales de base y Frente \u00danico de Defensa que pertenecen al centro poblado de Pulpera Condes, distrito de Santo Tom\u00e1s. Solo aceptar\u00e1n a los candidatos y sus regidores sin sus equipos de campa\u00f1a y \u00fanicamente en asambleas populares y sin portar banderolas ni regalos. Esto con el fin de conocer propuestas t\u00e9cnicas de proyectos de desarrollo, mas no promesas sin sustento.<\/p>\n<p>Tampoco las comunidades ni poblaci\u00f3n local pedir\u00e1n ning\u00fan tipo de apoyo a candidatos, caso contrario ser\u00e1n sancionadas. Asimismo, est\u00e1n prohibidas las reuniones clandestinas y pintas alusivas a la campa\u00f1a electoral en las paredes de las viviendas, obras p\u00fablicas y muros en general.<\/p>\n<p>No permitir\u00e1n que candidatos trasladen personas de un lugar hacia otro como forma de aparentar que tienen un gran n\u00famero de seguidores y militantes. Lo que s\u00ed aprobaron fue realizar debates hasta en 3 oportunidades dentro del centro poblado. De no cumplirse con lo dispuesto, no se permitir\u00e1 a los y las candidatas participar en los debates y al mismo tiempo ser\u00e1n sancionados, as\u00ed lo se\u00f1ala el comunicado sobre los seis acuerdos de la asamblea en Pulpera Condes.<\/p>\n<p>SE SUM\u00c1N M\u00c1S COMUNIDADES<\/p>\n<p>En la comunidad originaria Ccollana, ubicada en el distrito de Velille, tambi\u00e9n propondr\u00e1n lo mismo. El presidente de las rondas campesinas de Ccollana, Jos\u00e9 Huaman\u00ed, manifest\u00f3 que plantear\u00e1 su propuesta en la pr\u00f3xima asamblea general a fin de frenar las malas pr\u00e1cticas electorales.<\/p>\n<p><em>Foto referencial<\/em><\/p>","protected":false},"excerpt":{"rendered":"<p>Redacci\u00f3n DHSF Ante la cercan\u00eda de las elecciones regionales y municipales de este a\u00f1o, donde casi siempre los movimientos y partidos pol\u00edticos practican el clientelismo para captar electores, parte de las comunidades originarias de Chumbivilcas acordaron no recibir d\u00e1divas de los y las candidatas. A esta decisi\u00f3n llegaron las comunidades, rondas campesinas, organizaciones sociales de [&hellip;]<\/p>\n","protected":false},"author":1,"featured_media":3483,"comment_status":"open","ping_status":"open","sticky":false,"template":"","format":"standard","meta":{"_monsterinsights_skip_tracking":false,"_monsterinsights_sitenote_active":false,"_monsterinsights_sitenote_note":"","_monsterinsights_sitenote_category":0,"_jetpack_memberships_contains_paid_content":false,"footnotes":"","jetpack_publicize_message":"","jetpack_publicize_feature_enabled":true,"jetpack_social_post_already_shared":false,"jetpack_social_options":{"image_generator_settings":{"template":"highway","default_image_id":0,"font":"","enabled":false},"version":2}},"categories":[1],"tags":[],"class_list":["post-3482","post","type-post","status-publish","format-standard","has-post-thumbnail","hentry","category-sin-categoria"],"blocksy_meta":[],"jetpack_publicize_connections":[],"jetpack_featured_media_url":"https:\/\/derechosinfronteras.pe\/wp-content\/uploads\/2022\/01\/NOTA-DADIVAS-ELECTORAL.jpg","jetpack_sharing_enabled":true,"jetpack_likes_enabled":true,"_links":{"self":[{"href":"https:\/\/derechosinfronteras.pe\/ingles\/wp-json\/wp\/v2\/posts\/3482","targetHints":{"allow":["GET"]}}],"collection":[{"href":"https:\/\/derechosinfronteras.pe\/ingles\/wp-json\/wp\/v2\/posts"}],"about":[{"href":"https:\/\/derechosinfronteras.pe\/ingles\/wp-json\/wp\/v2\/types\/post"}],"author":[{"embeddable":true,"href":"https:\/\/derechosinfronteras.pe\/ingles\/wp-json\/wp\/v2\/users\/1"}],"replies":[{"embeddable":true,"href":"https:\/\/derechosinfronteras.pe\/ingles\/wp-json\/wp\/v2\/comments?post=3482"}],"version-history":[{"count":0,"href":"https:\/\/derechosinfronteras.pe\/ingles\/wp-json\/wp\/v2\/posts\/3482\/revisions"}],"wp:featuredmedia":[{"embeddable":true,"href":"https:\/\/derechosinfronteras.pe\/ingles\/wp-json\/wp\/v2\/media\/3483"}],"wp:attachment":[{"href":"https:\/\/derechosinfronteras.pe\/ingles\/wp-json\/wp\/v2\/media?parent=3482"}],"wp:term":[{"taxonomy":"category","embeddable":true,"href":"https:\/\/derechosinfronteras.pe\/ingles\/wp-json\/wp\/v2\/categories?post=3482"},{"taxonomy":"post_tag","embeddable":true,"href":"https:\/\/derechosinfronteras.pe\/ingles\/wp-json\/wp\/v2\/tags?post=3482"}],"curies":[{"name":"wp","href":"https:\/\/api.w.org\/{rel}","templated":true}]}}