{"id":3484,"date":"2022-01-20T16:13:32","date_gmt":"2022-01-20T21:13:32","guid":{"rendered":"http:\/\/derechosinfronteras.pe\/?p=7862"},"modified":"2022-01-20T16:13:32","modified_gmt":"2022-01-20T21:13:32","slug":"problematica-ambiental-fuera-de-la-agenda-de-la-mesa-de-dialogo-con-las-bambas","status":"publish","type":"post","link":"https:\/\/derechosinfronteras.pe\/ingles\/problematica-ambiental-fuera-de-la-agenda-de-la-mesa-de-dialogo-con-las-bambas\/","title":{"rendered":"Problem\u00e1tica ambiental fuera de la agenda de la mesa de di\u00e1logo con Las Bambas"},"content":{"rendered":"<p>Redacci\u00f3n DHSF<\/p>\n<p>Luego del acuerdo de desbloqueo de v\u00edas\u00a0 realizado el 30 de diciembre de 2021, el desconocimiento de cuatro comunidades frente al acuerdo que permiti\u00f3 el reinicio de operaciones a Las Bambas y los intentos de di\u00e1logo entre la PCM, dirigentes, dirigentas de la provincia de Chumbivilcas y la minera Las Bambas, la incertidumbre en el corredor minero del sur contin\u00faa latente.<\/p>\n<p>\u00abQueremos tratar el tema ambiental antes que la parte econ\u00f3mica\u00bb, se\u00f1al\u00f3 el presidente de las rondas campesinas de la comunidad originaria de Ccollana, Jos\u00e9 Huamani, quien rechaz\u00f3 la actitud de la empresa minera Las Bambas que se niega a dialogar sobre la problem\u00e1tica ambiental.<\/p>\n<p>Ayer se realiz\u00f3 la reuni\u00f3n del \u201csubgrupo de trabajo N\u00b0 3; evaluaci\u00f3n de los proveedores de bienes y servicios\u201d con la minera MMG Las Bambas y diez comunidades de la provincia de Chumbivilcas, en la comunidad de Cancahuani. Sin embargo, Las comunidades Ccollana y Tuntuma se retiraron de la mesa de di\u00e1logo, sin firmar el acta, por la actitud de la empresa de no prioriza la problem\u00e1tica ambiental \u00a0\u00a0y el supuesto respaldo que le estar\u00eda dando \u00a0el Estado.<\/p>\n<p>Finalmente, se acord\u00f3 que la minera otorgar\u00e1 14 cupos para el alquiler de camiones de transporte de concentrado y otros 14 para el alquiler de camionetas, servicios por los que la compa\u00f1\u00eda pagar\u00e1 costos equivalentes a los otros consorcios que trabajan actualmente con la minera. Cabe recalcar que las comunidades de Tuntuma y Ccollana manifiestan que no recibir\u00e1n lo ofrecido.<\/p>\n<p>De esta manera se vienen desarrollando los procesos de di\u00e1logo en el corredor minero del sur; Hay comunidades que manifiestan que la agenda ambiental no est\u00e1 siendo considerada pese a que habr\u00eda contaminaci\u00f3n ambiental a ra\u00edz de las part\u00edculas de polvo generadas por el paso de los camiones que transitan a diario transportando concentrado de cobre y\/o trasladando insumos qu\u00edmicos, entre otros materiales propios de la actividad minera.<\/p>","protected":false},"excerpt":{"rendered":"<p>Redacci\u00f3n DHSF Luego del acuerdo de desbloqueo de v\u00edas\u00a0 realizado el 30 de diciembre de 2021, el desconocimiento de cuatro comunidades frente al acuerdo que permiti\u00f3 el reinicio de operaciones a Las Bambas y los intentos de di\u00e1logo entre la PCM, dirigentes, dirigentas de la provincia de Chumbivilcas y la minera Las Bambas, la incertidumbre [&hellip;]<\/p>\n","protected":false},"author":1,"featured_media":3485,"comment_status":"open","ping_status":"open","sticky":false,"template":"","format":"standard","meta":{"_monsterinsights_skip_tracking":false,"_monsterinsights_sitenote_active":false,"_monsterinsights_sitenote_note":"","_monsterinsights_sitenote_category":0,"_jetpack_memberships_contains_paid_content":false,"footnotes":"","jetpack_publicize_message":"","jetpack_publicize_feature_enabled":true,"jetpack_social_post_already_shared":false,"jetpack_social_options":{"image_generator_settings":{"template":"highway","default_image_id":0,"font":"","enabled":false},"version":2}},"categories":[1],"tags":[],"class_list":["post-3484","post","type-post","status-publish","format-standard","has-post-thumbnail","hentry","category-sin-categoria"],"blocksy_meta":[],"jetpack_publicize_connections":[],"jetpack_featured_media_url":"https:\/\/derechosinfronteras.pe\/wp-content\/uploads\/2022\/01\/VELILLE-Y-TUNTUMA.jpg","jetpack_sharing_enabled":true,"jetpack_likes_enabled":true,"_links":{"self":[{"href":"https:\/\/derechosinfronteras.pe\/ingles\/wp-json\/wp\/v2\/posts\/3484","targetHints":{"allow":["GET"]}}],"collection":[{"href":"https:\/\/derechosinfronteras.pe\/ingles\/wp-json\/wp\/v2\/posts"}],"about":[{"href":"https:\/\/derechosinfronteras.pe\/ingles\/wp-json\/wp\/v2\/types\/post"}],"author":[{"embeddable":true,"href":"https:\/\/derechosinfronteras.pe\/ingles\/wp-json\/wp\/v2\/users\/1"}],"replies":[{"embeddable":true,"href":"https:\/\/derechosinfronteras.pe\/ingles\/wp-json\/wp\/v2\/comments?post=3484"}],"version-history":[{"count":0,"href":"https:\/\/derechosinfronteras.pe\/ingles\/wp-json\/wp\/v2\/posts\/3484\/revisions"}],"wp:featuredmedia":[{"embeddable":true,"href":"https:\/\/derechosinfronteras.pe\/ingles\/wp-json\/wp\/v2\/media\/3485"}],"wp:attachment":[{"href":"https:\/\/derechosinfronteras.pe\/ingles\/wp-json\/wp\/v2\/media?parent=3484"}],"wp:term":[{"taxonomy":"category","embeddable":true,"href":"https:\/\/derechosinfronteras.pe\/ingles\/wp-json\/wp\/v2\/categories?post=3484"},{"taxonomy":"post_tag","embeddable":true,"href":"https:\/\/derechosinfronteras.pe\/ingles\/wp-json\/wp\/v2\/tags?post=3484"}],"curies":[{"name":"wp","href":"https:\/\/api.w.org\/{rel}","templated":true}]}}