{"id":3486,"date":"2022-01-19T16:30:21","date_gmt":"2022-01-19T21:30:21","guid":{"rendered":"http:\/\/derechosinfronteras.pe\/?p=7852"},"modified":"2022-01-19T16:30:21","modified_gmt":"2022-01-19T21:30:21","slug":"archivan-en-forma-definitiva-el-caso-de-criminalizacion-de-la-protesta-en-ccapacmarca","status":"publish","type":"post","link":"https:\/\/derechosinfronteras.pe\/ingles\/archivan-en-forma-definitiva-el-caso-de-criminalizacion-de-la-protesta-en-ccapacmarca\/","title":{"rendered":"Archivan, en forma definitiva, el caso de criminalizaci\u00f3n de la protesta en Ccapacmarca"},"content":{"rendered":"<p>El caso de criminalizaci\u00f3n \u201cCcapacmarca 2020\u201d se origin\u00f3 el 24 de enero de 2020, a ra\u00edz de la denuncia en v\u00eda de prevenci\u00f3n realizada por la minera \u201cLas Bambas\u201d ante la Fiscal\u00eda Provincial Penal de Chumbivilcas por los delitos de <strong>disturbios<\/strong>, <strong>da\u00f1o agravado, atentado contra los medios de transporte p\u00fablico y coacci\u00f3n<\/strong>. Dicha investigaci\u00f3n recay\u00f3 en la <strong>carpeta fiscal 48-2020. <\/strong><\/p>\n<p>Los denunciados fueron nueve defensores; exdirigentes y expresidentes comunales del distrito de Ccapacmarca. Entre ellos estaban <strong>Luis Huamani Fuentes, Juan Carlos Monge Garc\u00eda, Santiago Huamani Salva, Jose \u00c1ngel Esquivel Dom\u00ednguez, Renato Charcahuana Pe\u00f1a, Jes\u00fas Pe\u00f1afiel Gonz\u00e1lez, Pedro Pepe Gamarra Pe\u00f1afiel, Silvio Choqueccata Flores y Mario Vallejo Yupanqui<\/strong>.<\/p>\n<p>Lo que resulta sorprendente es que el motivo de la denuncia fue el hecho de convocar a una \u201chuelga indefinida por contaminaci\u00f3n ambiental y defensa de su territorio\u201d, adem\u00e1s de la respuesta inmediata que tuvo la empresa minera, con la criminalizaci\u00f3n a los dirigentes, antes de iniciar la protesta.<\/p>\n<p>Al respecto, es importante mencionar que la protesta social es un derecho humano y que los dirigentes ejecutan las decisiones tomadas por sus pueblos. Con acciones como estas lo \u00fanico que hacen es continuar con la instrumentalizaci\u00f3n el derecho penal atentando contra el derecho a la protesta social.<\/p>\n<p>Derechos Humanos Sin Fronteras, luego de conocer este caso de criminalizaci\u00f3n a la protesta social, asumi\u00f3 la defensa legal de los defensores criminalizados, hizo el seguimiento respectivo y logr\u00f3 el archivamiento definitivo de la investigaci\u00f3n.<\/p>\n<p>De esta manera, una vez m\u00e1s, se intenta contribuir con la disminuci\u00f3n de los casos de criminalizaci\u00f3n en contra de defensores y defensoras de derechos humanos. La\u00a0 criminalizaci\u00f3n es una pr\u00e1ctica conocida que suelen emplear las empresas\u00a0 y el mismo Estado, a trav\u00e9s de sus instituciones, en el denominado \u201cCorredor Minero del Sur Andino\u201d.<\/p>\n<p>&nbsp;<\/p>","protected":false},"excerpt":{"rendered":"<p>El caso de criminalizaci\u00f3n \u201cCcapacmarca 2020\u201d se origin\u00f3 el 24 de enero de 2020, a ra\u00edz de la denuncia en v\u00eda de prevenci\u00f3n realizada por la minera \u201cLas Bambas\u201d ante la Fiscal\u00eda Provincial Penal de Chumbivilcas por los delitos de disturbios, da\u00f1o agravado, atentado contra los medios de transporte p\u00fablico y coacci\u00f3n. Dicha investigaci\u00f3n recay\u00f3 [&hellip;]<\/p>\n","protected":false},"author":1,"featured_media":3487,"comment_status":"open","ping_status":"open","sticky":false,"template":"","format":"standard","meta":{"_monsterinsights_skip_tracking":false,"_monsterinsights_sitenote_active":false,"_monsterinsights_sitenote_note":"","_monsterinsights_sitenote_category":0,"_jetpack_memberships_contains_paid_content":false,"footnotes":"","jetpack_publicize_message":"","jetpack_publicize_feature_enabled":true,"jetpack_social_post_already_shared":false,"jetpack_social_options":{"image_generator_settings":{"template":"highway","default_image_id":0,"font":"","enabled":false},"version":2}},"categories":[1],"tags":[],"class_list":["post-3486","post","type-post","status-publish","format-standard","has-post-thumbnail","hentry","category-sin-categoria"],"blocksy_meta":[],"jetpack_publicize_connections":[],"jetpack_featured_media_url":"https:\/\/derechosinfronteras.pe\/wp-content\/uploads\/2022\/01\/canse.jpg","jetpack_sharing_enabled":true,"jetpack_likes_enabled":true,"_links":{"self":[{"href":"https:\/\/derechosinfronteras.pe\/ingles\/wp-json\/wp\/v2\/posts\/3486","targetHints":{"allow":["GET"]}}],"collection":[{"href":"https:\/\/derechosinfronteras.pe\/ingles\/wp-json\/wp\/v2\/posts"}],"about":[{"href":"https:\/\/derechosinfronteras.pe\/ingles\/wp-json\/wp\/v2\/types\/post"}],"author":[{"embeddable":true,"href":"https:\/\/derechosinfronteras.pe\/ingles\/wp-json\/wp\/v2\/users\/1"}],"replies":[{"embeddable":true,"href":"https:\/\/derechosinfronteras.pe\/ingles\/wp-json\/wp\/v2\/comments?post=3486"}],"version-history":[{"count":0,"href":"https:\/\/derechosinfronteras.pe\/ingles\/wp-json\/wp\/v2\/posts\/3486\/revisions"}],"wp:featuredmedia":[{"embeddable":true,"href":"https:\/\/derechosinfronteras.pe\/ingles\/wp-json\/wp\/v2\/media\/3487"}],"wp:attachment":[{"href":"https:\/\/derechosinfronteras.pe\/ingles\/wp-json\/wp\/v2\/media?parent=3486"}],"wp:term":[{"taxonomy":"category","embeddable":true,"href":"https:\/\/derechosinfronteras.pe\/ingles\/wp-json\/wp\/v2\/categories?post=3486"},{"taxonomy":"post_tag","embeddable":true,"href":"https:\/\/derechosinfronteras.pe\/ingles\/wp-json\/wp\/v2\/tags?post=3486"}],"curies":[{"name":"wp","href":"https:\/\/api.w.org\/{rel}","templated":true}]}}