{"id":3488,"date":"2021-12-14T10:20:16","date_gmt":"2021-12-14T15:20:16","guid":{"rendered":"http:\/\/derechosinfronteras.pe\/?p=7844"},"modified":"2021-12-14T10:20:16","modified_gmt":"2021-12-14T15:20:16","slug":"la-lucha-de-los-afectados-por-contaminacion-con-sustancias-quimicas-toxicas-en-el-peru","status":"publish","type":"post","link":"https:\/\/derechosinfronteras.pe\/ingles\/la-lucha-de-los-afectados-por-contaminacion-con-sustancias-quimicas-toxicas-en-el-peru\/","title":{"rendered":"La lucha de los afectados por contaminaci\u00f3n con sustancias qu\u00edmicas t\u00f3xicas en el Per\u00fa"},"content":{"rendered":"<p>Por: Blga. Karem Luque \u2013 Coordinadora de la Mesa T\u00e9cnica de Salud Ambiental y Humana<\/p>\n<p>Cada 13 de diciembre se recuerda el D\u00eda Nacional de la Acci\u00f3n Frente a la Contaminaci\u00f3n por Sustancias Qu\u00edmicas, el objetivo de este d\u00eda es generar conciencia en la ciudadan\u00eda sobre el uso de sustancias sint\u00e9ticas en la agricultura, esto a trav\u00e9s de fertilizantes, plaguicidas y productos farmac\u00e9uticos. Sin embargo, desde hace varios a\u00f1os se ha estado visibilizando los grandes e irreversibles da\u00f1os al medio ambiente y la salud que viene generado las actividades extractivas en nuestro pa\u00eds, principalmente en zonas aleda\u00f1as a estos proyectos. La data indica que existen al menos 9 mil pasivos ambientales en el pa\u00eds<a href=\"#_ftn1\" name=\"_ftnref1\">[1]<\/a> y durante los \u00faltimos 20 a\u00f1os se han dado alrededor de 500 derrames de petr\u00f3leo en nuestra Amazon\u00eda.<\/p>\n<p>El riesgo de contaminaci\u00f3n en estos territorios es permanente, debido a que hay una d\u00e9bil aplicaci\u00f3n de nuestras pol\u00edticas ambientales en materia de protecci\u00f3n y fiscalizaci\u00f3n, adem\u00e1s no hay medidas que identifiquen y sancionen a los responsables de los da\u00f1os ambientales generados por sustancias qu\u00edmicas, al respecto al a\u00f1o 2015 de 8616 pasivos ambientales mineros 7531 (86%) carec\u00edan de estudios ambientales y por lo tanto no se ten\u00edan identificados a los responsables. Por ejemplo, hace 21 a\u00f1os ocurri\u00f3 un derrame de mercurio en Choropampa Cajamarca, siendo una de las zonas m\u00e1s afectadas, dos d\u00e9cadas despu\u00e9s las personas afectadas por el metal t\u00f3xico no son atendidas a su salud totalmente, pr\u00e1cticamente se encuentran abandonados.<\/p>\n<p>Toda esta problem\u00e1tica ambiental tambi\u00e9n ha sido reflejada por casos emblem\u00e1ticos como Cerro de Pasco, La Oroya, Espinar, Puno, Cuninico, entre otras zonas. Es por ello que, desde el 2017 se ha constituido una Plataforma Nacional de Afectados por metales, metaloides y otras sustancias qu\u00edmicas t\u00f3xicas, quienes vienen visibilizando el abandono del Estado que s\u00f3lo ve sus territorios como zonas de \u201creactivaci\u00f3n econ\u00f3mica\u201d pero con poca voluntad para atender los impactos a la salud generada por la exposici\u00f3n a estos metales t\u00f3xicos. Lamentablemente las empresas mineras e hidrocarbur\u00edferas han mostrado poca \u201cempat\u00eda\u201d para asumir sus responsabilidades y s\u00f3lo buscan evadirlas con mensajes vac\u00edos de que \u201caportan al desarrollo del pa\u00eds\u201d con poca transparencia para reconocer y contribuir en la atenci\u00f3n y reparaci\u00f3n del da\u00f1o generada por sus actividades.<\/p>\n<p>Por ello creemos que las acciones para frenar la contaminaci\u00f3n de sustancias qu\u00edmicas t\u00f3xicas tienen que pasar de ser s\u00f3lo una \u201cfecha simb\u00f3lica\u201d a acciones reales, y es lo que piden las poblaciones afectadas, es por ello que, a trav\u00e9s de su persistencia y constante lucha se ha logrado construir un Plan Especial Multisectorial para que con un enfoque integral se proponga los lineamientos y mecanismos que atiendan el problema ambiental \u2013 salud \u2013 saneamiento<a href=\"#_ftn2\" name=\"_ftnref2\">[2]<\/a>; asimismo, han contribuido e incidido para la aprobaci\u00f3n de la ley N\u00b0 31189, Ley para fortalecer la prevenci\u00f3n, mitigaci\u00f3n y atenci\u00f3n de la salud afectada por la contaminaci\u00f3n con metales pesados y otras sustancias qu\u00edmicas; finalmente, han logrado a trav\u00e9s del legislativo impulsar por primera vez un <a href=\"#_ftnref1\" name=\"_ftn1\"><\/a>incremento de presupuesto de m\u00e1s de 50 millones de soles que pueda contribuir en la atenci\u00f3n de personas afectadas por metales t\u00f3xicos<a href=\"#_ftn1\" name=\"_ftnref1\">[3]<\/a>.<\/p>\n<p>El 2021 cierra con algunos avances para promover una acci\u00f3n contra la contaminaci\u00f3n por sustancias t\u00f3xicas, sin embargo, se requiere reforzar la implementaci\u00f3n de pol\u00edticas publicas efectivas en materia ambiental, abastecer de agua segura para el consumo humano, atender id\u00f3neamente a la poblaci\u00f3n afectada por metales t\u00f3xicos. Se requiere construir un equilibrio ecol\u00f3gico que no someta a las poblaciones al da\u00f1o a su salud que posteriormente, ser\u00e1 dif\u00edcil de revertir. En suma, las y los afectados esperan que sean tratados como ciudadanos con derechos y no solo como el costo \u2013 sacrificio del \u201cdesarrollo econ\u00f3mico\u201d.<\/p>\n<hr \/>\n<p>[1] Declaraciones realizadas por el ministro de medio ambiente Ruben Ramirez en Tv Per\u00fa el 16 de noviembre del 2021.<\/p>\n<p>[1] Pese a que este Plan Especial Multisectorial se construy\u00f3 con la participaci\u00f3n de todos los ministerios y la sociedad civil, a\u00fan se tiene el pendiente de que la Presidencia del Consejo de Ministros publiqu\u00e9 dicha pol\u00edtica, esto debido a que el Ministerio de Energ\u00eda y Minas \u2013 MINEM se resiste a acelerar el proceso.<\/p>\n<p>[1] El detalle de este asignaci\u00f3n presupuestal se encuentra disponible en: <a href=\"https:\/\/muqui.org\/noticias\/presupuesto-2022-aprobado-por-congreso-minsa-y-mef-priorizara-50-millones-600-mil-soles-para-atencion-a-afectados-por-metales-toxicos\/\" target=\"_blank\" rel=\"noopener\">https:\/\/muqui.org\/noticias\/presupuesto-2022-aprobado-por-congreso-minsa-y-mef-priorizara-50-millones-600-mil-soles-para-atencion-a-afectados-por-metales-toxicos\/<\/a><\/p>\n","protected":false},"excerpt":{"rendered":"<p>Por: Blga. Karem Luque \u2013 Coordinadora de la Mesa T\u00e9cnica de Salud Ambiental y Humana Cada 13 de diciembre se recuerda el D\u00eda Nacional de la Acci\u00f3n Frente a la Contaminaci\u00f3n por Sustancias Qu\u00edmicas, el objetivo de este d\u00eda es generar conciencia en la ciudadan\u00eda sobre el uso de sustancias sint\u00e9ticas en la agricultura, esto [&hellip;]<\/p>\n","protected":false},"author":1,"featured_media":3489,"comment_status":"open","ping_status":"open","sticky":false,"template":"","format":"standard","meta":{"_monsterinsights_skip_tracking":false,"_monsterinsights_sitenote_active":false,"_monsterinsights_sitenote_note":"","_monsterinsights_sitenote_category":0,"_jetpack_memberships_contains_paid_content":false,"footnotes":"","jetpack_publicize_message":"","jetpack_publicize_feature_enabled":true,"jetpack_social_post_already_shared":false,"jetpack_social_options":{"image_generator_settings":{"template":"highway","default_image_id":0,"font":"","enabled":false},"version":2}},"categories":[1],"tags":[],"class_list":["post-3488","post","type-post","status-publish","format-standard","has-post-thumbnail","hentry","category-sin-categoria"],"blocksy_meta":[],"jetpack_publicize_connections":[],"jetpack_featured_media_url":"https:\/\/derechosinfronteras.pe\/wp-content\/uploads\/2021\/12\/nnnnn.jpg","jetpack_sharing_enabled":true,"jetpack_likes_enabled":true,"_links":{"self":[{"href":"https:\/\/derechosinfronteras.pe\/ingles\/wp-json\/wp\/v2\/posts\/3488","targetHints":{"allow":["GET"]}}],"collection":[{"href":"https:\/\/derechosinfronteras.pe\/ingles\/wp-json\/wp\/v2\/posts"}],"about":[{"href":"https:\/\/derechosinfronteras.pe\/ingles\/wp-json\/wp\/v2\/types\/post"}],"author":[{"embeddable":true,"href":"https:\/\/derechosinfronteras.pe\/ingles\/wp-json\/wp\/v2\/users\/1"}],"replies":[{"embeddable":true,"href":"https:\/\/derechosinfronteras.pe\/ingles\/wp-json\/wp\/v2\/comments?post=3488"}],"version-history":[{"count":0,"href":"https:\/\/derechosinfronteras.pe\/ingles\/wp-json\/wp\/v2\/posts\/3488\/revisions"}],"wp:featuredmedia":[{"embeddable":true,"href":"https:\/\/derechosinfronteras.pe\/ingles\/wp-json\/wp\/v2\/media\/3489"}],"wp:attachment":[{"href":"https:\/\/derechosinfronteras.pe\/ingles\/wp-json\/wp\/v2\/media?parent=3488"}],"wp:term":[{"taxonomy":"category","embeddable":true,"href":"https:\/\/derechosinfronteras.pe\/ingles\/wp-json\/wp\/v2\/categories?post=3488"},{"taxonomy":"post_tag","embeddable":true,"href":"https:\/\/derechosinfronteras.pe\/ingles\/wp-json\/wp\/v2\/tags?post=3488"}],"curies":[{"name":"wp","href":"https:\/\/api.w.org\/{rel}","templated":true}]}}