{"id":3492,"date":"2021-11-23T17:35:34","date_gmt":"2021-11-23T22:35:34","guid":{"rendered":"http:\/\/derechosinfronteras.pe\/?p=7817"},"modified":"2021-11-23T17:35:34","modified_gmt":"2021-11-23T22:35:34","slug":"archivan-investigacion-contra-cuatro-ciudadanos-que-participaron-en-protesta-contra-keiko-fujimori","status":"publish","type":"post","link":"https:\/\/derechosinfronteras.pe\/ingles\/archivan-investigacion-contra-cuatro-ciudadanos-que-participaron-en-protesta-contra-keiko-fujimori\/","title":{"rendered":"Archivan investigaci\u00f3n contra cuatro ciudadanos que participaron en protesta en rechazo a Keiko Fujimori"},"content":{"rendered":"<blockquote><p><strong>\u00a0<\/strong>Redacci\u00f3n DHSF<\/p><\/blockquote>\n<p>La investigaci\u00f3n contra cuatro ciudadanos, quienes <a href=\"https:\/\/derechosinfronteras.pe\/ingles\/dhsf-alerta-irregularidades-policia-libera-despues-de-casi-24-horas-a-detenidos-que-manifestaban-rechazo-a-keiko-fujimori\/\">participaron en la protesta en rechazo a Keiko Fujimori<\/a>, el pasado 26 de mayo en la ciudad de Cusco, fue archivada por el Segundo Despacho de la Primera Fiscal\u00eda Provincial Penal Corporativa de Cusco.<\/p>\n<p>As\u00ed lo contempla la Disposici\u00f3n N\u00b0 01, de fecha 13 de setiembre, la cual fue enviada al \u00e1rea legal de nuestra instituci\u00f3n Derechos Humanos Sin Fronteras, que asumi\u00f3 la defensa legal de todos los denunciados por el delito de disturbios.<\/p>\n<p>Esta decisi\u00f3n fiscal demuestra que las imputaciones fueron falsas, ya que durante la investigaci\u00f3n se supo que los ciudadanos fueron detenidos arbitrariamente.<\/p>\n<p>Los hechos ocurrieron, el pasado 26 de mayo, cuando la candidata presidencial Keiko Fujimori Higuchi realizaba un recorrido vehicular en el centro hist\u00f3rico de Cusco como parte de sus actividades proselitistas.<\/p>\n<p>En ese contexto, en la intersecci\u00f3n de la avenida El Sol con la calle Ayacucho, un grupo de polic\u00edas vestido de civil detuvo a dos personas. Luego, hizo lo mismo en el frontis del colegio La Merced contra un ciudadano m\u00e1s. Posteriormente, a la altura del portal de la plaza de armas, los agentes volvieron a detener a una personas m\u00e1s.<\/p>\n<p>Tras conocerse esta noticia de las detenciones, a trav\u00e9s de las redes sociales, se difundieron videos que mostraban a polic\u00edas provocar agresivamente con empujones a la poblaci\u00f3n movilizada. Esto gener\u00f3 una ola de cr\u00edticas contra la Polic\u00eda Nacional del Per\u00fa.<\/p>\n<p>Nuestra instituci\u00f3n reitera que la protesta social es un derecho constitucional, por lo que las instituciones del Estado correspondientes deben garantizar el ejercicio de los derechos en forma pac\u00edfica y sin armas.<\/p>","protected":false},"excerpt":{"rendered":"<p>\u00a0Redacci\u00f3n DHSF La investigaci\u00f3n contra cuatro ciudadanos, quienes participaron en la protesta en rechazo a Keiko Fujimori, el pasado 26 de mayo en la ciudad de Cusco, fue archivada por el Segundo Despacho de la Primera Fiscal\u00eda Provincial Penal Corporativa de Cusco. As\u00ed lo contempla la Disposici\u00f3n N\u00b0 01, de fecha 13 de setiembre, la [&hellip;]<\/p>\n","protected":false},"author":1,"featured_media":3493,"comment_status":"open","ping_status":"open","sticky":false,"template":"","format":"standard","meta":{"_monsterinsights_skip_tracking":false,"_monsterinsights_sitenote_active":false,"_monsterinsights_sitenote_note":"","_monsterinsights_sitenote_category":0,"_jetpack_memberships_contains_paid_content":false,"footnotes":"","jetpack_publicize_message":"","jetpack_publicize_feature_enabled":true,"jetpack_social_post_already_shared":false,"jetpack_social_options":{"image_generator_settings":{"template":"highway","default_image_id":0,"font":"","enabled":false},"version":2}},"categories":[1],"tags":[],"class_list":["post-3492","post","type-post","status-publish","format-standard","has-post-thumbnail","hentry","category-sin-categoria"],"blocksy_meta":[],"jetpack_publicize_connections":[],"jetpack_featured_media_url":"https:\/\/derechosinfronteras.pe\/wp-content\/uploads\/2021\/11\/FOTO-ARCHIVAN-CASO-KEIKO-FUJIMORI.jpg","jetpack_sharing_enabled":true,"jetpack_likes_enabled":true,"_links":{"self":[{"href":"https:\/\/derechosinfronteras.pe\/ingles\/wp-json\/wp\/v2\/posts\/3492","targetHints":{"allow":["GET"]}}],"collection":[{"href":"https:\/\/derechosinfronteras.pe\/ingles\/wp-json\/wp\/v2\/posts"}],"about":[{"href":"https:\/\/derechosinfronteras.pe\/ingles\/wp-json\/wp\/v2\/types\/post"}],"author":[{"embeddable":true,"href":"https:\/\/derechosinfronteras.pe\/ingles\/wp-json\/wp\/v2\/users\/1"}],"replies":[{"embeddable":true,"href":"https:\/\/derechosinfronteras.pe\/ingles\/wp-json\/wp\/v2\/comments?post=3492"}],"version-history":[{"count":0,"href":"https:\/\/derechosinfronteras.pe\/ingles\/wp-json\/wp\/v2\/posts\/3492\/revisions"}],"wp:featuredmedia":[{"embeddable":true,"href":"https:\/\/derechosinfronteras.pe\/ingles\/wp-json\/wp\/v2\/media\/3493"}],"wp:attachment":[{"href":"https:\/\/derechosinfronteras.pe\/ingles\/wp-json\/wp\/v2\/media?parent=3492"}],"wp:term":[{"taxonomy":"category","embeddable":true,"href":"https:\/\/derechosinfronteras.pe\/ingles\/wp-json\/wp\/v2\/categories?post=3492"},{"taxonomy":"post_tag","embeddable":true,"href":"https:\/\/derechosinfronteras.pe\/ingles\/wp-json\/wp\/v2\/tags?post=3492"}],"curies":[{"name":"wp","href":"https:\/\/api.w.org\/{rel}","templated":true}]}}