{"id":3494,"date":"2021-11-23T10:01:33","date_gmt":"2021-11-23T15:01:33","guid":{"rendered":"http:\/\/derechosinfronteras.pe\/?p=7808"},"modified":"2021-11-23T10:01:33","modified_gmt":"2021-11-23T15:01:33","slug":"lideresas-de-las-provincias-de-chumbivilcas-y-espinar-se-pronuncian-frente-al-actual-contexto-politico","status":"publish","type":"post","link":"https:\/\/derechosinfronteras.pe\/ingles\/lideresas-de-las-provincias-de-chumbivilcas-y-espinar-se-pronuncian-frente-al-actual-contexto-politico\/","title":{"rendered":"Lideresas de las provincias de Chumbivilcas y Espinar se pronuncian frente al actual contexto pol\u00edtico"},"content":{"rendered":"<p>Nosotras, lideresas de las provincias de Chumbivilcas y Espinar, defensoras de la Pachamama, el agua, el medio ambiente, la vida y los derechos de las mujeres rurales, desde nuestros saberes y conocimientos ancestrales, frente el contexto pol\u00edtico nacional regional y local, nos pronunciamos:<\/p>\n<p><strong>PRIMERO:<\/strong> Nos enfrentamos a una problem\u00e1tica que vulnera los derechos de las mujeres rurales: el machismo y la discriminaci\u00f3n en los espacios de toma de decisi\u00f3n, en mesas de di\u00e1logo convocadas por el gobierno nacional, provincial y distrital. Esto tambi\u00e9n se manifiesta dentro de nuestras propias comunidades y organizaciones, donde no tiene el mismo nivel de importancia nuestras opiniones y nuestro derecho al voto.<\/p>\n<p><strong>SEGUNDO:<\/strong> Aun a 200 a\u00f1os de independencia no ha cambiado esta situaci\u00f3n que afecta directamente la vida y vulnera los derechos de de las mujeres, pero con mayor \u00e9nfasis a las mujeres quechuahablantes, ind\u00edgenas rurales y urbanas. La violencia estructural y violencia de g\u00e9nero son el resultado de la desigualdad social, exclusi\u00f3n y pobreza que impiden el desarrollo sostenible de un pa\u00eds justo, equitativo e inclusivo.<\/p>\n<p><strong>TERCERO:<\/strong> Existen brechas de g\u00e9nero limitantes para ejercer el derecho a la participaci\u00f3n ciudadana y pol\u00edtica, por lo cual es un desaf\u00edo para nosotras superar las barreras estructurales que condicionan nuestra participaci\u00f3n en el \u00e1mbito pol\u00edtico. Es importante tener representatividad pol\u00edtica para la creaci\u00f3n de pol\u00edticas p\u00fablicas que resuelvan la problem\u00e1tica espec\u00edfica de las mujeres.<\/p>\n<p><strong>CUARTO:<\/strong> Saludamos la ley de paridad y alternancia, y a la vez somos conscientes de las manifestaciones de discriminaci\u00f3n y racismos que hacen evidente la violencia que se ejerce contra la mujer, as\u00ed tambi\u00e9n de las debilidades que a\u00fan tenemos las mujeres para garantizar una participaci\u00f3n pol\u00edtica efectiva y plena. En campa\u00f1as electorales como en funciones de representaci\u00f3n, hemos logrado entender que este problema no se resuelve solo con leyes, sino con acciones sociales complementarias para combatir la violencia de g\u00e9nero.<\/p>\n<p>Por lo expuesto, proponemos:<\/p>\n<ul>\n<li>La implementaci\u00f3n de escuelas de formaci\u00f3n pol\u00edtica para mujeres con enfoque de derechos humanos, g\u00e9nero e interculturalidad.<\/li>\n<li>Capacitaci\u00f3n en liderazgo, gesti\u00f3n p\u00fablica y municipal a organizaciones de mujeres.<\/li>\n<li>Promoci\u00f3n e implementaci\u00f3n de proyectos para el desarrollo de las capacidades econ\u00f3micas, sociales y pol\u00edticas de las mujeres.<\/li>\n<li>Campa\u00f1as educativas dirigidas a las familias de las zonas rurales para combatir la violencia de g\u00e9nero.<\/li>\n<li>Los partidos pol\u00edticos deben respetar la ley de paridad y alternancia.<\/li>\n<li>Sensibilizaci\u00f3n a la poblaci\u00f3n y zona urbana contra la discriminaci\u00f3n, violencia contra la mujer y participaci\u00f3n ciudadana.<\/li>\n<li>Capacitaci\u00f3n y talleres para los varones sobre nuevas masculinidades.<\/li>\n<\/ul>\n<p>Una sociedad tan plural y diversa como el Per\u00fa necesitamos contar con diversidad de voces que nos representen y ayuden a construir el Buen Vivir. Ratificamos nuestro compromiso de proteger el medio ambiente y seguir transmitiendo los conocimientos y las pr\u00e1cticas ancestrales a las generaciones futura.<\/p>\n<p>Finalmente, instamos a las autoridades pol\u00edticas nacionales, de la regi\u00f3n y de nuestras provincias respetar y garantizar los derechos individuales y colectivos de las mujeres en igualdad de condiciones que los varones.<\/p>\n<p>\u00a1Vivan las mujeres k\u2019anas!<\/p>\n<p>\u00a1Vivan las mujeres chumbivilcanas!<\/p>\n<p>\u00a1Vivan las defensoras de la vida!<\/p>","protected":false},"excerpt":{"rendered":"<p>Nosotras, lideresas de las provincias de Chumbivilcas y Espinar, defensoras de la Pachamama, el agua, el medio ambiente, la vida y los derechos de las mujeres rurales, desde nuestros saberes y conocimientos ancestrales, frente el contexto pol\u00edtico nacional regional y local, nos pronunciamos: PRIMERO: Nos enfrentamos a una problem\u00e1tica que vulnera los derechos de las [&hellip;]<\/p>\n","protected":false},"author":1,"featured_media":3495,"comment_status":"open","ping_status":"open","sticky":false,"template":"","format":"standard","meta":{"_monsterinsights_skip_tracking":false,"_monsterinsights_sitenote_active":false,"_monsterinsights_sitenote_note":"","_monsterinsights_sitenote_category":0,"_jetpack_memberships_contains_paid_content":false,"footnotes":"","jetpack_publicize_message":"","jetpack_publicize_feature_enabled":true,"jetpack_social_post_already_shared":false,"jetpack_social_options":{"image_generator_settings":{"template":"highway","default_image_id":0,"font":"","enabled":false},"version":2}},"categories":[1],"tags":[],"class_list":["post-3494","post","type-post","status-publish","format-standard","has-post-thumbnail","hentry","category-sin-categoria"],"blocksy_meta":[],"jetpack_publicize_connections":[],"jetpack_featured_media_url":"https:\/\/derechosinfronteras.pe\/wp-content\/uploads\/2021\/11\/PRONUCIAMIENTO-FINAL-LIDERESAS.jpg","jetpack_sharing_enabled":true,"jetpack_likes_enabled":true,"_links":{"self":[{"href":"https:\/\/derechosinfronteras.pe\/ingles\/wp-json\/wp\/v2\/posts\/3494","targetHints":{"allow":["GET"]}}],"collection":[{"href":"https:\/\/derechosinfronteras.pe\/ingles\/wp-json\/wp\/v2\/posts"}],"about":[{"href":"https:\/\/derechosinfronteras.pe\/ingles\/wp-json\/wp\/v2\/types\/post"}],"author":[{"embeddable":true,"href":"https:\/\/derechosinfronteras.pe\/ingles\/wp-json\/wp\/v2\/users\/1"}],"replies":[{"embeddable":true,"href":"https:\/\/derechosinfronteras.pe\/ingles\/wp-json\/wp\/v2\/comments?post=3494"}],"version-history":[{"count":0,"href":"https:\/\/derechosinfronteras.pe\/ingles\/wp-json\/wp\/v2\/posts\/3494\/revisions"}],"wp:featuredmedia":[{"embeddable":true,"href":"https:\/\/derechosinfronteras.pe\/ingles\/wp-json\/wp\/v2\/media\/3495"}],"wp:attachment":[{"href":"https:\/\/derechosinfronteras.pe\/ingles\/wp-json\/wp\/v2\/media?parent=3494"}],"wp:term":[{"taxonomy":"category","embeddable":true,"href":"https:\/\/derechosinfronteras.pe\/ingles\/wp-json\/wp\/v2\/categories?post=3494"},{"taxonomy":"post_tag","embeddable":true,"href":"https:\/\/derechosinfronteras.pe\/ingles\/wp-json\/wp\/v2\/tags?post=3494"}],"curies":[{"name":"wp","href":"https:\/\/api.w.org\/{rel}","templated":true}]}}