{"id":3498,"date":"2021-11-12T16:14:50","date_gmt":"2021-11-12T21:14:50","guid":{"rendered":"http:\/\/derechosinfronteras.pe\/?p=7795"},"modified":"2023-12-28T20:32:56","modified_gmt":"2023-12-29T01:32:56","slug":"en-defensa-del-territorio-de-comunidades-campesinas-originarias-o-indigenas-de-chumbivilcas","status":"publish","type":"post","link":"https:\/\/derechosinfronteras.pe\/ingles\/en-defensa-del-territorio-de-comunidades-campesinas-originarias-o-indigenas-de-chumbivilcas\/","title":{"rendered":"En defensa del territorio de comunidades campesinas originarias o ind\u00edgenas de Chumbivilcas"},"content":{"rendered":"<p>Redacci\u00f3n DHSF<\/p>\n<p>Ante la sala especializada en contencioso administrativo en Lima, en el mes de noviembre de 2019 las comunidades Huininquiri <em>del distrito de Santo Tomas<\/em>, Cancahuani, Ccapacmarca y Sayhua <em>del distrito de Capacmarca<\/em>, Tincurca Lacaya <em>del distrito de Chamaca<\/em> e Idiopa \u00d1aupa Japo Urinsaya del distrito de Colquemarca de la provincia de Chumbivilcas demandaron al Ministerio de Transportes y Comunicaciones y a la empresa minera Las Bambas la nulidad del Decreto Supremo No 011-2016-MTC que aprob\u00f3 la \u201cActualizaci\u00f3n del clasificador de rutas del sistema nacional de carreteras \u2013SINAC\u201d y la nulidad de la Resoluci\u00f3n Ministerial No 372-2018-MTC\/01.02, que \u201cReclasifican de manera definitiva como ruta nacional, diversas rutas departamentales o regionales de la red vial de los departamentos de Apur\u00edmac y Cusco\u201d.<\/p>\n<p>Las comunidades demandantes argumentan la omisi\u00f3n de consulta previa y la violaci\u00f3n del derecho propiedad colectiva al reclasificar las v\u00edas de forma arbitraria, as\u00ed mismo sostienen que como parte del contexto que ha generado el conflicto socio ambiental se encuentra la contaminaci\u00f3n ambiental generado por el transito de camiones con concentrado de minerales de MMG Las Bambas que se encuentra sustentada en la resoluci\u00f3n emitida por OEFA, la contaminaci\u00f3n est\u00e1 relacionada con el material particulado (polvo), ruido, vibraci\u00f3n, uso de fuentes de agua para regado de v\u00eda, as\u00ed mismo OEFA ha se\u00f1alado que Las Bambas modifique y\/o actualice el Estudio de Impacto Ambiental integrando las afectaciones ambientales en el corredor vial minero Chumbivilcas.<\/p>\n<p>La sala ha convocado a la audiencia de vista el pasado 11 de noviembre en forma virtual (Ver audiencia: https:\/\/youtu.be\/wB_6Bx-t26k)<\/p>\n<p>En audiencia el procurador del Ministerio de Transportes y Comunicaciones no reconoci\u00f3 la condici\u00f3n de pueblos originarios a las comunidades demandantes pese a encontrarse inscritos en la base de datos del viceministerio de interculturalidad, pero principalmente reconocidos en el Convenio 169 de la OIT bajo los criterios objetivos y subjetivos, convenio aprobado en el Congreso de la Republica mediante Resoluci\u00f3n Legislativa 26253 del a\u00f1o 1993.<\/p>\n<p>Hasta el d\u00eda de hoy la propiedad contin\u00faa siendo las comunidades demandantes, ello se puede evidenciar en los registros p\u00fablicos, y el Gobierno para subsanar esta omisi\u00f3n y reclasificar emite el Decreto de Urgencia 26 y 27 de 2019 para expropiar y adquirir las tierras comunales sin lograr hasta el d\u00eda de hoy. Las comunidades se encuentran con conflicto a causa del despojo de sus tierras y de la omisi\u00f3n de consulta previa.<\/p>","protected":false},"excerpt":{"rendered":"<p>Redacci\u00f3n DHSF Ante la sala especializada en contencioso administrativo en Lima, en el mes de noviembre de 2019 las comunidades Huininquiri del distrito de Santo Tomas, Cancahuani, Ccapacmarca y Sayhua del distrito de Capacmarca, Tincurca Lacaya del distrito de Chamaca e Idiopa \u00d1aupa Japo Urinsaya del distrito de Colquemarca de la provincia de Chumbivilcas demandaron [&hellip;]<\/p>\n","protected":false},"author":1,"featured_media":3499,"comment_status":"open","ping_status":"open","sticky":false,"template":"","format":"standard","meta":{"_monsterinsights_skip_tracking":false,"_monsterinsights_sitenote_active":false,"_monsterinsights_sitenote_note":"","_monsterinsights_sitenote_category":0,"_jetpack_memberships_contains_paid_content":false,"footnotes":"","jetpack_publicize_message":"","jetpack_publicize_feature_enabled":true,"jetpack_social_post_already_shared":false,"jetpack_social_options":{"image_generator_settings":{"template":"highway","default_image_id":0,"font":"","enabled":false},"version":2}},"categories":[1],"tags":[],"class_list":["post-3498","post","type-post","status-publish","format-standard","has-post-thumbnail","hentry","category-sin-categoria"],"blocksy_meta":[],"jetpack_publicize_connections":[],"jetpack_featured_media_url":"https:\/\/derechosinfronteras.pe\/wp-content\/uploads\/2021\/11\/CHUMBI-1.jpg","jetpack_sharing_enabled":true,"jetpack_likes_enabled":true,"_links":{"self":[{"href":"https:\/\/derechosinfronteras.pe\/ingles\/wp-json\/wp\/v2\/posts\/3498","targetHints":{"allow":["GET"]}}],"collection":[{"href":"https:\/\/derechosinfronteras.pe\/ingles\/wp-json\/wp\/v2\/posts"}],"about":[{"href":"https:\/\/derechosinfronteras.pe\/ingles\/wp-json\/wp\/v2\/types\/post"}],"author":[{"embeddable":true,"href":"https:\/\/derechosinfronteras.pe\/ingles\/wp-json\/wp\/v2\/users\/1"}],"replies":[{"embeddable":true,"href":"https:\/\/derechosinfronteras.pe\/ingles\/wp-json\/wp\/v2\/comments?post=3498"}],"version-history":[{"count":1,"href":"https:\/\/derechosinfronteras.pe\/ingles\/wp-json\/wp\/v2\/posts\/3498\/revisions"}],"predecessor-version":[{"id":7038,"href":"https:\/\/derechosinfronteras.pe\/ingles\/wp-json\/wp\/v2\/posts\/3498\/revisions\/7038"}],"wp:featuredmedia":[{"embeddable":true,"href":"https:\/\/derechosinfronteras.pe\/ingles\/wp-json\/wp\/v2\/media\/3499"}],"wp:attachment":[{"href":"https:\/\/derechosinfronteras.pe\/ingles\/wp-json\/wp\/v2\/media?parent=3498"}],"wp:term":[{"taxonomy":"category","embeddable":true,"href":"https:\/\/derechosinfronteras.pe\/ingles\/wp-json\/wp\/v2\/categories?post=3498"},{"taxonomy":"post_tag","embeddable":true,"href":"https:\/\/derechosinfronteras.pe\/ingles\/wp-json\/wp\/v2\/tags?post=3498"}],"curies":[{"name":"wp","href":"https:\/\/api.w.org\/{rel}","templated":true}]}}