{"id":3500,"date":"2021-11-11T16:55:08","date_gmt":"2021-11-11T21:55:08","guid":{"rendered":"http:\/\/derechosinfronteras.pe\/?p=7773"},"modified":"2023-12-28T20:31:51","modified_gmt":"2023-12-29T01:31:51","slug":"por-mas-mujeres-en-politica-dhsf-realiza-clausura-escuela-de-lideresas","status":"publish","type":"post","link":"https:\/\/derechosinfronteras.pe\/ingles\/por-mas-mujeres-en-politica-dhsf-realiza-clausura-escuela-de-lideresas\/","title":{"rendered":"Por m\u00e1s mujeres en pol\u00edtica: DHSF realiza clausura escuela de lideresas"},"content":{"rendered":"<p>Redacci\u00f3n DHSF<\/p>\n<p>Derechos Humanos Sin Fronteras clausur\u00f3, el \u00faltimo fin de semana, la Escuela de Lideresas de Espinar y Chumbivilcas, con los protocolos de bioseguridad para evitar posibles contagios de la COVID-19.<\/p>\n<p>En los dos d\u00edas de talleres, 6 y\u00a0 7 de noviembre, participaron lideresas de las provincias de Espinar y Chumbivilcas (Velille, Santo Tom\u00e1s, Livitaca y Chamaca) con la facilitaci\u00f3n de Gladis Vila, expresidenta de la ONAMIAP.<\/p>\n<p>Las ponentes fueron la abogada Serly Figueroa Mormontoy, quien expuso sobre el Contexto hist\u00f3rico y retos de la participaci\u00f3n de las mujeres en espacios p\u00fablicos para la exigencia de los derechos y la presidenta de la AREC, Romi Infantas Soto con el tema Importancia de la Participaci\u00f3n de las Mujeres en Espacios P\u00fablicos.<\/p>\n<p> <img fetchpriority=\"high\" decoding=\"async\" class=\"alignnone wp-image-7779\" src=\"http:\/\/derechosinfronteras.pe\/wp-content\/uploads\/2021\/11\/rom-1024x683.jpg\" alt=\"\" width=\"701\" height=\"468\" \/><\/p>\n<p>El panel de experiencias nacional y regional estuvo a cargo de Cecilia Paniura Medina (lideresa que logr\u00f3 la prohibici\u00f3n del programa de La Paisana Jacinta), Rita Quispe Anchaya ( Regidora del distrito de Huanoquite) y Claudia Coari (Excongresista de la Rep\u00fablica).<\/p>\n<p> <img decoding=\"async\" class=\"alignnone wp-image-7781\" src=\"http:\/\/derechosinfronteras.pe\/wp-content\/uploads\/2021\/11\/rita3-1024x737.jpg\" alt=\"\" width=\"329\" height=\"237\" \/><\/p>\n<p><img decoding=\"async\" class=\"alignnone wp-image-7790\" src=\"http:\/\/derechosinfronteras.pe\/wp-content\/uploads\/2021\/11\/cladis-1-683x1024.jpg\" alt=\"\" width=\"348\" height=\"521\" \/> <\/p>\n<p style=\"text-align: left;\">Adem\u00e1s, del m\u00f3dulo mecanismo de participaci\u00f3n en los espacios p\u00fablicos, se abord\u00f3 el tema de comunicaci\u00f3n e incidencia, el cual finaliz\u00f3 con un pronunciamiento realizado por las lideresas. En dicho documento se recalc\u00f3 la importancia de:<\/p>\n<ul>\n<li>La implementaci\u00f3n de escuelas de formaci\u00f3n pol\u00edtica para mujeres con enfoque de derechos humanos, g\u00e9nero e interculturalidad.<\/li>\n<li>Capacitaci\u00f3n en liderazgo, gesti\u00f3n p\u00fablica y municipal a organizaciones de mujeres.<\/li>\n<li>Promoci\u00f3n e implementaci\u00f3n de proyectos para el desarrollo de las capacidades econ\u00f3micas, sociales y pol\u00edticas de las mujeres.<\/li>\n<li>Campa\u00f1as educativas dirigidas a las familias de las zonas rurales para combatir la violencia de g\u00e9nero.<\/li>\n<li>El respeto de \u00a0la ley de paridad y alternancia por parte de los partidos pol\u00edticos.<\/li>\n<li>Sensibilizaci\u00f3n a la poblaci\u00f3n y zona urbana contra la discriminaci\u00f3n, violencia contra la mujer y participaci\u00f3n ciudadana.<\/li>\n<li>Capacitaci\u00f3n y talleres para los varones.<\/li>\n<\/ul>\n<p><img loading=\"lazy\" decoding=\"async\" class=\"alignnone wp-image-7783\" src=\"http:\/\/derechosinfronteras.pe\/wp-content\/uploads\/2021\/11\/WhatsApp-Image-2021-11-11-at-3.21.07-PM-1024x682.jpeg\" alt=\"\" width=\"350\" height=\"233\" \/>\u00a0<img loading=\"lazy\" decoding=\"async\" class=\"alignnone wp-image-7785\" src=\"http:\/\/derechosinfronteras.pe\/wp-content\/uploads\/2021\/11\/kmklvnf-1024x683.jpg\" alt=\"\" width=\"357\" height=\"238\" \/><\/p>\n<p>&nbsp;<\/p>\n<p>La escuela de lideresas se realiz\u00f3 durante 6 meses en grupos reducidos. Se desarrollaron 5 m\u00f3dulos; Autoestima y Autocuidado, Liderazgos Colectivos, Organizaci\u00f3n y Planificaci\u00f3n para la exigencia y ejercicio de derechos, Mecanismo de Participaci\u00f3n en los Espacios P\u00fablicos para la exigencia de derechos y Comunicaci\u00f3n e Incidencia para la Defensa de los Derechos.<\/p>","protected":false},"excerpt":{"rendered":"<p>Redacci\u00f3n DHSF Derechos Humanos Sin Fronteras clausur\u00f3, el \u00faltimo fin de semana, la Escuela de Lideresas de Espinar y Chumbivilcas, con los protocolos de bioseguridad para evitar posibles contagios de la COVID-19. En los dos d\u00edas de talleres, 6 y\u00a0 7 de noviembre, participaron lideresas de las provincias de Espinar y Chumbivilcas (Velille, Santo Tom\u00e1s, [&hellip;]<\/p>\n","protected":false},"author":1,"featured_media":3501,"comment_status":"open","ping_status":"open","sticky":false,"template":"","format":"standard","meta":{"_monsterinsights_skip_tracking":false,"_monsterinsights_sitenote_active":false,"_monsterinsights_sitenote_note":"","_monsterinsights_sitenote_category":0,"_jetpack_memberships_contains_paid_content":false,"footnotes":"","jetpack_publicize_message":"","jetpack_publicize_feature_enabled":true,"jetpack_social_post_already_shared":false,"jetpack_social_options":{"image_generator_settings":{"template":"highway","default_image_id":0,"font":"","enabled":false},"version":2}},"categories":[1],"tags":[],"class_list":["post-3500","post","type-post","status-publish","format-standard","has-post-thumbnail","hentry","category-sin-categoria"],"blocksy_meta":[],"jetpack_publicize_connections":[],"jetpack_featured_media_url":"https:\/\/derechosinfronteras.pe\/wp-content\/uploads\/2021\/11\/se-sube.jpg","jetpack_sharing_enabled":true,"jetpack_likes_enabled":true,"_links":{"self":[{"href":"https:\/\/derechosinfronteras.pe\/ingles\/wp-json\/wp\/v2\/posts\/3500","targetHints":{"allow":["GET"]}}],"collection":[{"href":"https:\/\/derechosinfronteras.pe\/ingles\/wp-json\/wp\/v2\/posts"}],"about":[{"href":"https:\/\/derechosinfronteras.pe\/ingles\/wp-json\/wp\/v2\/types\/post"}],"author":[{"embeddable":true,"href":"https:\/\/derechosinfronteras.pe\/ingles\/wp-json\/wp\/v2\/users\/1"}],"replies":[{"embeddable":true,"href":"https:\/\/derechosinfronteras.pe\/ingles\/wp-json\/wp\/v2\/comments?post=3500"}],"version-history":[{"count":7,"href":"https:\/\/derechosinfronteras.pe\/ingles\/wp-json\/wp\/v2\/posts\/3500\/revisions"}],"predecessor-version":[{"id":7027,"href":"https:\/\/derechosinfronteras.pe\/ingles\/wp-json\/wp\/v2\/posts\/3500\/revisions\/7027"}],"wp:featuredmedia":[{"embeddable":true,"href":"https:\/\/derechosinfronteras.pe\/ingles\/wp-json\/wp\/v2\/media\/3501"}],"wp:attachment":[{"href":"https:\/\/derechosinfronteras.pe\/ingles\/wp-json\/wp\/v2\/media?parent=3500"}],"wp:term":[{"taxonomy":"category","embeddable":true,"href":"https:\/\/derechosinfronteras.pe\/ingles\/wp-json\/wp\/v2\/categories?post=3500"},{"taxonomy":"post_tag","embeddable":true,"href":"https:\/\/derechosinfronteras.pe\/ingles\/wp-json\/wp\/v2\/tags?post=3500"}],"curies":[{"name":"wp","href":"https:\/\/api.w.org\/{rel}","templated":true}]}}