{"id":3504,"date":"2021-10-06T15:39:45","date_gmt":"2021-10-06T20:39:45","guid":{"rendered":"http:\/\/derechosinfronteras.pe\/?p=7761"},"modified":"2021-10-06T15:39:45","modified_gmt":"2021-10-06T20:39:45","slug":"dejan-sin-efecto-mesa-tecnica-de-desarrollo-integral-de-chumbivilcas","status":"publish","type":"post","link":"https:\/\/derechosinfronteras.pe\/ingles\/dejan-sin-efecto-mesa-tecnica-de-desarrollo-integral-de-chumbivilcas\/","title":{"rendered":"\u00bfDejan sin efecto mesa t\u00e9cnica de desarrollo integral de #Chumbivilcas?"},"content":{"rendered":"<p><em>Por Helio Cruz \u2013 DHSF<\/em><\/p>\n<p>Para sorpresa de ciudadanas y ciudadanos de la provincia de Chumbivilcas el d\u00eda de hoy se ha publicado en El Peruano la \u201cResoluci\u00f3n de Secretar\u00eda de Descentralizaci\u00f3n N\u00ba 033-2021-PCM\/SD\u201d con la cual dejan sin efecto la Resoluci\u00f3n N\u00ba 0025-2021-PCM\/SD que aprob\u00f3 la conformaci\u00f3n de una Mesa T\u00e9cnica de Desarrollo Integral de la provincia de Chumbivilcas del departamento de Cusco.<\/p>\n<p>Este acontecimiento se debe a que el mismo Primer Ministro Guido Bellido el pasado 15 de setiembre de 2021 suscribi\u00f3 la <strong><em>Resoluci\u00f3n Ministerial N\u00ba 208-2021-PCM<\/em><\/strong> con la cual crea el \u201c<em>Grupo de Trabajo de naturaleza temporal denominado <u>Mesa T\u00e9cnica para el Desarrollo<\/u> de la provincia de Chumbivilcas, del departamento de Cusco<\/em>\u201d estableciendo que el Grupo de Trabajo tendr\u00e1 por objeto <u>coordinar, analizar y establecer<\/u> las propuestas de desarrollo territorial y de soluci\u00f3n a la problem\u00e1tica de la provincia de Chumbivilcas; as\u00ed como, evaluar e identificar las acciones y actividades orientadas al fortalecimiento institucional y a la mejora de la respuesta estatal a las necesidades de bienes y servicios de calidad para la poblaci\u00f3n, contribuyendo al desarrollo sostenible de la provincia de Chumbivilcas, en el marco de un esfuerzo conjunto, descentralista y democr\u00e1tico.<\/p>\n<p>En consecuencia, el Secretario de Descentralizaci\u00f3n de la PCM 21 d\u00edas despu\u00e9s (<em>hasta hoy<\/em>) para evitar duplicidad de \u201cresoluciones\u201d decide dejar sin efecto la Resoluci\u00f3n N\u00ba 0025-2021-PCM\/SD que no genera o altera la instalada \u201c<em>Mesa T\u00e9cnica de Desarrollo Integral de Chumbivilcas<\/em>\u201d presidido por la instituci\u00f3n del Ministerio de Energ\u00eda y Minas y la Alcaldesa de la Municipalidad Provincial de Chumbivilcas, as\u00ed mismo, integrada por el Viceministerio de Gobernanza Territorial de la PCM, el Ministerio de Desarrollo Agrario y Riego, el Ministerio de Vivienda, Construcci\u00f3n y Saneamiento, el Ministerio de Transportes y Comunicaciones, el Ministerio de Educaci\u00f3n, el Ministerio de Salud, Alcaldes distritales de la provincia, los presidentes de los Frentes de Defensa Distrital y Provincial, el presidente de la Liga Agraria Provincial, el presidente de las Rondas Campesinas, la presidenta de la organizaci\u00f3n provincial de Mujeres.<\/p>\n<p>Con ello queda claro que la mesa t\u00e9cnica de desarrollo continua por disposici\u00f3n de la Resoluci\u00f3n Ministerial suscrito por el premier.<\/p>\n<p>Chumbivilcas tiene 2 procesos de dialogo en paralelo, una conformada por alcaldes, organizaciones sociales de la provincia y otra conformada por comunidades que habitan en el corredor vial minero principalmente impactados por la minera Las Bambas.<\/p>\n<p>Tambi\u00e9n es importante precisar que Chumbivilcas tienen afectaciones por el corredor vial minero, proyectos extractivos, miner\u00eda artesanal e informal todas ellas generan una serie de impactos ambientales, sociales, culturales y econ\u00f3micos sobre el territorio de comunidades originarias que es urgente atender con pol\u00edticas publicas destinadas a reducir la contaminaci\u00f3n ambiental, as\u00ed como respetar los derechos colectivos como es la participaci\u00f3n ciudadana, la consulta previa, el consentimiento, el derecho de beneficios, judicializaci\u00f3n de defensoras y defensores de derechos humanos entre otros.<\/p>\n<p>Documentos:<\/p>\n<p>[gview file=\u00bbhttp:\/\/derechosinfronteras.pe\/wp-content\/uploads\/2021\/10\/SIN-EFECTO-MESA-DE-DIALOGO.pdf\u00bb]<\/p>\n<p>[gview file=\u00bbhttp:\/\/derechosinfronteras.pe\/wp-content\/uploads\/2021\/10\/crean-el-grupo-de-trabajo-de-naturaleza-temporal-denominado-resolucion-ministerial-n-208-2021-pcm-1991705-1.pdf\u00bb]<\/p>\n","protected":false},"excerpt":{"rendered":"<p>Por Helio Cruz \u2013 DHSF Para sorpresa de ciudadanas y ciudadanos de la provincia de Chumbivilcas el d\u00eda de hoy se ha publicado en El Peruano la \u201cResoluci\u00f3n de Secretar\u00eda de Descentralizaci\u00f3n N\u00ba 033-2021-PCM\/SD\u201d con la cual dejan sin efecto la Resoluci\u00f3n N\u00ba 0025-2021-PCM\/SD que aprob\u00f3 la conformaci\u00f3n de una Mesa T\u00e9cnica de Desarrollo Integral [&hellip;]<\/p>\n","protected":false},"author":1,"featured_media":3505,"comment_status":"open","ping_status":"open","sticky":false,"template":"","format":"standard","meta":{"_monsterinsights_skip_tracking":false,"_monsterinsights_sitenote_active":false,"_monsterinsights_sitenote_note":"","_monsterinsights_sitenote_category":0,"_jetpack_memberships_contains_paid_content":false,"footnotes":"","jetpack_publicize_message":"","jetpack_publicize_feature_enabled":true,"jetpack_social_post_already_shared":false,"jetpack_social_options":{"image_generator_settings":{"template":"highway","default_image_id":0,"font":"","enabled":false},"version":2}},"categories":[1],"tags":[],"class_list":["post-3504","post","type-post","status-publish","format-standard","has-post-thumbnail","hentry","category-sin-categoria"],"blocksy_meta":[],"jetpack_publicize_connections":[],"jetpack_featured_media_url":"https:\/\/derechosinfronteras.pe\/wp-content\/uploads\/2021\/10\/efecto.jpg","jetpack_sharing_enabled":true,"jetpack_likes_enabled":true,"_links":{"self":[{"href":"https:\/\/derechosinfronteras.pe\/ingles\/wp-json\/wp\/v2\/posts\/3504","targetHints":{"allow":["GET"]}}],"collection":[{"href":"https:\/\/derechosinfronteras.pe\/ingles\/wp-json\/wp\/v2\/posts"}],"about":[{"href":"https:\/\/derechosinfronteras.pe\/ingles\/wp-json\/wp\/v2\/types\/post"}],"author":[{"embeddable":true,"href":"https:\/\/derechosinfronteras.pe\/ingles\/wp-json\/wp\/v2\/users\/1"}],"replies":[{"embeddable":true,"href":"https:\/\/derechosinfronteras.pe\/ingles\/wp-json\/wp\/v2\/comments?post=3504"}],"version-history":[{"count":0,"href":"https:\/\/derechosinfronteras.pe\/ingles\/wp-json\/wp\/v2\/posts\/3504\/revisions"}],"wp:featuredmedia":[{"embeddable":true,"href":"https:\/\/derechosinfronteras.pe\/ingles\/wp-json\/wp\/v2\/media\/3505"}],"wp:attachment":[{"href":"https:\/\/derechosinfronteras.pe\/ingles\/wp-json\/wp\/v2\/media?parent=3504"}],"wp:term":[{"taxonomy":"category","embeddable":true,"href":"https:\/\/derechosinfronteras.pe\/ingles\/wp-json\/wp\/v2\/categories?post=3504"},{"taxonomy":"post_tag","embeddable":true,"href":"https:\/\/derechosinfronteras.pe\/ingles\/wp-json\/wp\/v2\/tags?post=3504"}],"curies":[{"name":"wp","href":"https:\/\/api.w.org\/{rel}","templated":true}]}}