{"id":3506,"date":"2021-10-06T14:38:51","date_gmt":"2021-10-06T19:38:51","guid":{"rendered":"http:\/\/derechosinfronteras.pe\/?p=7756"},"modified":"2021-10-06T14:38:51","modified_gmt":"2021-10-06T19:38:51","slug":"corredor-vial-minero-sur-sirven-los-procesos-de-dialogo-para-resolver-conflictos","status":"publish","type":"post","link":"https:\/\/derechosinfronteras.pe\/ingles\/corredor-vial-minero-sur-sirven-los-procesos-de-dialogo-para-resolver-conflictos\/","title":{"rendered":"Corredor vial minero sur: \u00bfSirven los procesos de dialogo para resolver conflictos?"},"content":{"rendered":"<p><em>Por Helio Cruz \u2013 Abogado DHSF<\/em><\/p>\n<p>El Gobierno del presidente Pedro Castillo y su peculiar primer ministro enfrentan protestas sociales en el pa\u00eds con \u00e9nfasis en conflictividad socio ambiental en territorios de explotaci\u00f3n minera, la primera medida para afrontar estos hechos fue la promulgaci\u00f3n de la Resoluci\u00f3n de secretar\u00eda de gesti\u00f3n social y di\u00e1logo Nro. 004-2021-PCM\/SGSD<a href=\"#_ftn1\" name=\"_ftnref1\"><sup>[1]<\/sup><\/a>, esto a exigencia de las comunidades campesinas originarias afectadas en la provincia de Chumbivilcas.<\/p>\n<p><strong><em>\u00bfEn qu\u00e9 momento nos encontramos?<\/em><\/strong><\/p>\n<p>Sin duda, el premier Guido Bellido en el marco de sus funciones ha logrado con \u00e9xito reunir en la ciudad de Lima a los actores de la conflictividad socio ambiental del corredor vial minero sur; empresa minera Las Bambas, 10 comunidades campesinas originarias y funcionarios de distintos ministerios.<\/p>\n<p><img fetchpriority=\"high\" decoding=\"async\" class=\"alignnone size-full wp-image-7757\" src=\"http:\/\/derechosinfronteras.pe\/wp-content\/uploads\/2021\/10\/1111.jpg\" alt=\"\" width=\"811\" height=\"471\" \/><\/p>\n<p>En la reuni\u00f3n se acord\u00f3 establecer mecanismos o relaci\u00f3n comerciales para incorporar a las Comunidades a trav\u00e9s de empresas comunales en la cadena de valor de la minera Las Bambas para proveer servicios de transporte de concentrado, transporte interno de personas, mantenimiento vial, cisternas para regado de v\u00eda, l\u00ednea amarilla entre otros.<\/p>\n<p>Este logro representa un primer paso en atenci\u00f3n a la agenda planteada en el conflicto, cabe recordar que las comunidades propusieron 3 ejes del proceso de di\u00e1logo, poco respetado hist\u00f3ricamente por los gobiernos de turno.<\/p>\n<p><strong><em>Ejes del di\u00e1logo<\/em><\/strong><\/p>\n<p>El <em>primer eje<\/em> est\u00e1 concentrado en la expectativa para que las comunidades sean proveedoras de bienes y servicios a la empresa minera, este punto tiene avances importantes que requerir\u00e1n una mayor precisi\u00f3n sobre el c\u00f3mo se va implementar.<\/p>\n<p>El <em>segundo eje<\/em> se sustenta en los argumentos del informe de OEFA que fue ratificado en v\u00eda apelaci\u00f3n en sede administrativa mediante Resoluci\u00f3n Nro. 010-2020-OEFA\/TFA-SE con la cual se confirma la Resoluci\u00f3n Directoral Nro. 00069-2019-OEFA\/DSEM de fecha 26 de septiembre de 2019, mediante el cual se orden\u00f3 a la Minera Las Bambas S.A. el cumplimiento de las medidas administrativas previstas referido a los impactos y\/o afectaciones ambientales en los territorios, modificaci\u00f3n del estudio de impacto ambiental incluyendo a las comunidades que se encuentran en el corredor vial minero, a esto se suma las afectaciones econ\u00f3micas, culturales y sociales. Aqu\u00ed la expectativa tiene un car\u00e1cter complejo desde la restituci\u00f3n de derechos, compensaci\u00f3n e indemnizaci\u00f3n de da\u00f1os y perjuicios, todo esto a causa de la reclasificaci\u00f3n de v\u00edas, comunal a nacional, por parte del MTC para el transporte de concentrados de mineral.<\/p>\n<p>Se discutir\u00e1 de los mecanismos para incluir al corredor vial minero como componente del proyecto minero, no solo de la minera Las Bambas, sino de todas que son usuarias de este corredor vial.<\/p>\n<p>Se debe enfatizar que a la fecha el gobierno se mantiene en la omisi\u00f3n del proceso de consulta previa que continua afectando territorios de pueblos originarios en forma directa, este derecho que es irrenunciable debe ser implementado con una adecuada informaci\u00f3n sobre el estudio de impacto ambiental.<\/p>\n<p>El <em>tercer eje<\/em> se centra en los casos de identificaci\u00f3n de denuncias o persecuci\u00f3n judicial contra defensoras y defensores que ejercieron derechos constitucionales, hechos en los cuales la polic\u00eda y la fiscal\u00eda decidi\u00f3 criminalizar iniciando investigaciones o reprimiendo las protestas dejando personas heridas afectadas en su salud, en consecuencia aqu\u00ed se requiere no una limitaci\u00f3n del <em>servicio de defensa p\u00fablica<\/em> del MINJUS sino una aut\u00e9ntica reparaci\u00f3n para v\u00edctimas del conflicto socio ambiental y el archivo de denuncias que no son por conductas criminales sino por la defensa del territorio y exigencia por todos los medios de iniciar un proceso de di\u00e1logo con transparencia y plena participaci\u00f3n.<\/p>\n<p>En mi opini\u00f3n, el segundo y tercer eje deben tener una mayor atenci\u00f3n por parte del gobierno y la responsabilidad social \u2013 ambiental de la empresa minera, por un lado, constituyen afectaciones directas en el ambiente y la salud, y por otro se debe iniciar mecanismos de protecci\u00f3n, regulaci\u00f3n, fiscalizaci\u00f3n y monitoreo participativo para reducir los riesgos de contaminaci\u00f3n ambiental, as\u00ed como desarrollar los beneficios como derecho.<\/p>\n<p>A la pregunta del t\u00edtulo, podemos ver de forma clara que el dialogo para resolver conflictos es un mecanismo democr\u00e1tico con tensiones de todas las partes, sobre este caso se espera que por fin se llegue a soluciones.<\/p>\n<p><a href=\"#_ftnref1\" name=\"_ftn1\"><sup>[1]<\/sup><\/a> Conforman la \u201cMesa de Di\u00e1logo para abordar integralmente la problem\u00e1tica h\u00eddrica de la provincia de Candarave, departamento de Tacna\u201d. Ver resoluci\u00f3n en el Diario Oficial de El Peruano: <a href=\"https:\/\/busquedas.elperuano.pe\/normaslegales\/conforman-la-mesa-de-dialogo-para-abordar-integralmente-la-resolucion-no-004-2021-pcmsgsd-1970509-2\/\" target=\"_blank\" rel=\"noopener\">https:\/\/busquedas.elperuano.pe\/normaslegales\/conforman-la-mesa-de-dialogo-para-abordar-integralmente-la-resolucion-no-004-2021-pcmsgsd-1970509-2\/<\/a><\/p>\n","protected":false},"excerpt":{"rendered":"<p>Por Helio Cruz \u2013 Abogado DHSF El Gobierno del presidente Pedro Castillo y su peculiar primer ministro enfrentan protestas sociales en el pa\u00eds con \u00e9nfasis en conflictividad socio ambiental en territorios de explotaci\u00f3n minera, la primera medida para afrontar estos hechos fue la promulgaci\u00f3n de la Resoluci\u00f3n de secretar\u00eda de gesti\u00f3n social y di\u00e1logo Nro. [&hellip;]<\/p>\n","protected":false},"author":1,"featured_media":3507,"comment_status":"open","ping_status":"open","sticky":false,"template":"","format":"standard","meta":{"_monsterinsights_skip_tracking":false,"_monsterinsights_sitenote_active":false,"_monsterinsights_sitenote_note":"","_monsterinsights_sitenote_category":0,"_jetpack_memberships_contains_paid_content":false,"footnotes":"","jetpack_publicize_message":"","jetpack_publicize_feature_enabled":true,"jetpack_social_post_already_shared":false,"jetpack_social_options":{"image_generator_settings":{"template":"highway","default_image_id":0,"font":"","enabled":false},"version":2}},"categories":[1],"tags":[],"class_list":["post-3506","post","type-post","status-publish","format-standard","has-post-thumbnail","hentry","category-sin-categoria"],"blocksy_meta":[],"jetpack_publicize_connections":[],"jetpack_featured_media_url":"https:\/\/derechosinfronteras.pe\/wp-content\/uploads\/2021\/10\/MESA-DIAOGO-1.jpg","jetpack_sharing_enabled":true,"jetpack_likes_enabled":true,"_links":{"self":[{"href":"https:\/\/derechosinfronteras.pe\/ingles\/wp-json\/wp\/v2\/posts\/3506","targetHints":{"allow":["GET"]}}],"collection":[{"href":"https:\/\/derechosinfronteras.pe\/ingles\/wp-json\/wp\/v2\/posts"}],"about":[{"href":"https:\/\/derechosinfronteras.pe\/ingles\/wp-json\/wp\/v2\/types\/post"}],"author":[{"embeddable":true,"href":"https:\/\/derechosinfronteras.pe\/ingles\/wp-json\/wp\/v2\/users\/1"}],"replies":[{"embeddable":true,"href":"https:\/\/derechosinfronteras.pe\/ingles\/wp-json\/wp\/v2\/comments?post=3506"}],"version-history":[{"count":0,"href":"https:\/\/derechosinfronteras.pe\/ingles\/wp-json\/wp\/v2\/posts\/3506\/revisions"}],"wp:featuredmedia":[{"embeddable":true,"href":"https:\/\/derechosinfronteras.pe\/ingles\/wp-json\/wp\/v2\/media\/3507"}],"wp:attachment":[{"href":"https:\/\/derechosinfronteras.pe\/ingles\/wp-json\/wp\/v2\/media?parent=3506"}],"wp:term":[{"taxonomy":"category","embeddable":true,"href":"https:\/\/derechosinfronteras.pe\/ingles\/wp-json\/wp\/v2\/categories?post=3506"},{"taxonomy":"post_tag","embeddable":true,"href":"https:\/\/derechosinfronteras.pe\/ingles\/wp-json\/wp\/v2\/tags?post=3506"}],"curies":[{"name":"wp","href":"https:\/\/api.w.org\/{rel}","templated":true}]}}