{"id":3509,"date":"2021-09-29T19:37:46","date_gmt":"2021-09-30T00:37:46","guid":{"rendered":"http:\/\/derechosinfronteras.pe\/?p=7752"},"modified":"2021-09-29T19:37:46","modified_gmt":"2021-09-30T00:37:46","slug":"urge-acelerar-los-procedimientos-para-la-declaratoria-en-emergencia-hidrica-en-espinar","status":"publish","type":"post","link":"https:\/\/derechosinfronteras.pe\/ingles\/urge-acelerar-los-procedimientos-para-la-declaratoria-en-emergencia-hidrica-en-espinar\/","title":{"rendered":"URGE ACELERAR LOS PROCEDIMIENTOS PARA LA DECLARATORIA EN EMERGENCIA H\u00cdDRICA EN ESPINAR"},"content":{"rendered":"<p>Flavio Mu\u00f1oz Apaza &#8211; \u00c1rea de Derechos Colectivos y Medio Ambiente<\/p>\n<p>En la actualidad la provincia de Espinar tiene un d\u00e9ficit h\u00eddrico de agua por lo que, se deber\u00eda impulsar proyectos para mejorar la calidad sanitaria y de abastecimiento, considerando adem\u00e1s que la poblaci\u00f3n en los \u00faltimos a\u00f1os ha tenido un incremento de 1.4 % de habitantes seg\u00fan el INEI.<br \/>\nEs de conocimiento que en su conjunto el abastecimiento de agua debe ser seguro y satisfactorio para las necesidades de uso dom\u00e9stico, comercial e industrial. Por tanto, el hombre se sirve del agua existente en la naturaleza para consumirla y utilizarla, pero es evidente que, debido a determinadas caracter\u00edsticas qu\u00edmicas, f\u00edsicas y biol\u00f3gicas del agua, \u00e9sta no puede ser utilizada de forma directa, y es por eso que el agua requiere de una serie de correcciones y tratamientos que eliminen aquellas part\u00edculas o sustancias perjudiciales para el hombre.<br \/>\nDe aqu\u00ed, destacar la gran importancia que tiene el tratamiento del agua, ya que al encontrarse en mal estado o simplemente con sustancias nocivas para el hombre, pero inherentes en ella, pueden provocar, como ya se ha visto en numerosas ocasiones enfermedades gastrointestinales.<br \/>\nEn este contexto, la manera en que se desarrollan las actividades mineras produce desconfianza entre la ciudadan\u00eda acerca de la calidad del agua, factor que, en ausencia de una planificaci\u00f3n colaborativa, deviene en la reproducci\u00f3n de la escasez h\u00eddrica. La miner\u00eda utiliza agua y genera desechos que pueden contaminar fuentes de agua; en este sentido, incrementa la demanda h\u00eddrica y puede exigir seriamente su oferta. Si bien existe abundante legislaci\u00f3n que le otorga al Estado el control ambiental e h\u00eddrico.<br \/>\nEn la pr\u00e1ctica las pol\u00edticas actuales permiten a las empresas mineras la posibilidad de autorregularse. Las pol\u00edticas de incentivo a la inversi\u00f3n extractiva admiten que las empresas desarrollen una gobernanza h\u00eddrica corporativa minera con poca o nula regulaci\u00f3n p\u00fablica. As\u00ed, las imprecisiones en la normativa del Estado les brindan a las empresas el poder de acotar su responsabilidad ambiental.<br \/>\nLas autoridades locales y principalmente las empresas mineras, gestionan el agua de manera poco transparente. Como consecuencia, se observa una desconfianza en los mecanismos estatales y privados de manejo ambiental, en particular con respecto a la calidad del agua. En este contexto, la poblaci\u00f3n de Espinar considera que las fuentes de agua cercanas se encuentran contaminadas por la miner\u00eda y, por ende, no son aptas para el consumo. Con el incremento de la demanda y la imposibilidad de utilizar las fuentes cercanas, la disponibilidad de agua tiende a disminuir de manera evidente.<br \/>\nEn el mes de junio de 2017, la municipalidad provincial de Espinar realiz\u00f3 la toma de ocho muestras de agua en el ingreso de la planta de tratamiento Virgen de Chapi, que abastece a Espinar, y a la salida de cuatro reservorios. El estudio estuvo a cargo del laboratorio BHIOS, acreditado por el Instituto Nacional de Calidad (Inacal).<br \/>\nLos resultados de la muestra tomada al ingreso de la planta de tratamiento Virgen de Chapi hall\u00f3 una concentraci\u00f3n de ars\u00e9nico de 0,12471 mg\/L,12 veces m\u00e1s que el m\u00e1ximo permitido.<br \/>\nEl informe evidencia la presencia de estos metales en 17 muestras tomadas del r\u00edo Apur\u00edmac, en canales de ingreso a la planta y en los reservorios que distribuyen el agua tratada a las viviendas. Del an\u00e1lisis de los resultados se concluye que el agua que distribuye la planta de tratamiento entregada en noviembre del 2015 por la compa\u00f1\u00eda minera Antapaccay, no funciona adecuadamente.<br \/>\nEn el reporte de la DIGESA se observa \u00ablos par\u00e1metros de aluminio, ars\u00e9nico, hierro y manganeso, exceden los l\u00edmites m\u00e1ximos permisibles por lo que es de preocupaci\u00f3n, ya que su ingesta podr\u00eda ocasionar alg\u00fan da\u00f1o a la salud e incrementar la anemia y desnutrici\u00f3n cr\u00f3nica en ni\u00f1os menores de cinco a\u00f1os\u00bb.<br \/>\nEn el a\u00f1o 2018 la Direcci\u00f3n Regional de Salud del Cusco, a trav\u00e9s del oficio N\u00ba 01256-2018 con fecha 27 de noviembre, dirigida a la Municipalidad Provincial del Espinar, emiti\u00f3 un informe revelando que el agua potable que consume la poblaci\u00f3n de Espinar contiene metales t\u00f3xicos con par\u00e1metros elevados como aluminio, ars\u00e9nico, hierro y manganeso.<br \/>\nEl pasado 20 de agosto del presente a\u00f1o, se llev\u00f3 la sesi\u00f3n descentralizada del gobierno regional del Cusco en el distrito de Suykutambo, en donde declararon en emergencia la salud p\u00fablica de Espinar porque contiene metales pesados en el l\u00edquido vital que consume a diario dicha provincia.<br \/>\nEvidentemente, a lo largo de los a\u00f1os, las instituciones estatales responsables de la gesti\u00f3n y el control del recurso, lejos de haber ganado legitimidad por las medidas adoptadas, han sido cada vez m\u00e1s cuestionadas. Este ejemplo pone de relieve la necesidad de integrar a las poblaciones locales en los procesos de planificaci\u00f3n territorial vinculados a la implementaci\u00f3n de proyectos mineros.<br \/>\nLos pobladores piden las medidas correctivas, sin embargo; todav\u00eda no hay respuesta por parte del gobierno regional del Cusco, ni un pronunciamiento de la autoridad Provincial de Espinar.<br \/>\nEs preocupante que las autoridades no est\u00e9n considerando la problem\u00e1tica de metales t\u00f3xicos para mejorar e implementar tecnolog\u00edas para la construcci\u00f3n de una planta de tratamiento adecuada que permita garantizar la calidad de vida de la provincia de Espinar.<\/p>","protected":false},"excerpt":{"rendered":"<p>Flavio Mu\u00f1oz Apaza &#8211; \u00c1rea de Derechos Colectivos y Medio Ambiente En la actualidad la provincia de Espinar tiene un d\u00e9ficit h\u00eddrico de agua por lo que, se deber\u00eda impulsar proyectos para mejorar la calidad sanitaria y de abastecimiento, considerando adem\u00e1s que la poblaci\u00f3n en los \u00faltimos a\u00f1os ha tenido un incremento de 1.4 % [&hellip;]<\/p>\n","protected":false},"author":1,"featured_media":3510,"comment_status":"open","ping_status":"open","sticky":false,"template":"","format":"standard","meta":{"_monsterinsights_skip_tracking":false,"_monsterinsights_sitenote_active":false,"_monsterinsights_sitenote_note":"","_monsterinsights_sitenote_category":0,"_jetpack_memberships_contains_paid_content":false,"footnotes":"","jetpack_publicize_message":"","jetpack_publicize_feature_enabled":true,"jetpack_social_post_already_shared":false,"jetpack_social_options":{"image_generator_settings":{"template":"highway","default_image_id":0,"font":"","enabled":false},"version":2}},"categories":[1],"tags":[],"class_list":["post-3509","post","type-post","status-publish","format-standard","has-post-thumbnail","hentry","category-sin-categoria"],"blocksy_meta":[],"jetpack_publicize_connections":[],"jetpack_featured_media_url":"https:\/\/derechosinfronteras.pe\/wp-content\/uploads\/2021\/09\/emergencia-hidrica.jpg","jetpack_sharing_enabled":true,"jetpack_likes_enabled":true,"_links":{"self":[{"href":"https:\/\/derechosinfronteras.pe\/ingles\/wp-json\/wp\/v2\/posts\/3509","targetHints":{"allow":["GET"]}}],"collection":[{"href":"https:\/\/derechosinfronteras.pe\/ingles\/wp-json\/wp\/v2\/posts"}],"about":[{"href":"https:\/\/derechosinfronteras.pe\/ingles\/wp-json\/wp\/v2\/types\/post"}],"author":[{"embeddable":true,"href":"https:\/\/derechosinfronteras.pe\/ingles\/wp-json\/wp\/v2\/users\/1"}],"replies":[{"embeddable":true,"href":"https:\/\/derechosinfronteras.pe\/ingles\/wp-json\/wp\/v2\/comments?post=3509"}],"version-history":[{"count":0,"href":"https:\/\/derechosinfronteras.pe\/ingles\/wp-json\/wp\/v2\/posts\/3509\/revisions"}],"wp:featuredmedia":[{"embeddable":true,"href":"https:\/\/derechosinfronteras.pe\/ingles\/wp-json\/wp\/v2\/media\/3510"}],"wp:attachment":[{"href":"https:\/\/derechosinfronteras.pe\/ingles\/wp-json\/wp\/v2\/media?parent=3509"}],"wp:term":[{"taxonomy":"category","embeddable":true,"href":"https:\/\/derechosinfronteras.pe\/ingles\/wp-json\/wp\/v2\/categories?post=3509"},{"taxonomy":"post_tag","embeddable":true,"href":"https:\/\/derechosinfronteras.pe\/ingles\/wp-json\/wp\/v2\/tags?post=3509"}],"curies":[{"name":"wp","href":"https:\/\/api.w.org\/{rel}","templated":true}]}}