{"id":3511,"date":"2021-09-28T17:36:39","date_gmt":"2021-09-28T22:36:39","guid":{"rendered":"http:\/\/derechosinfronteras.pe\/?p=7746"},"modified":"2021-09-28T17:36:39","modified_gmt":"2021-09-28T22:36:39","slug":"28-de-setiembre-que-piensan-las-lideresas-de-espinar-y-chumbivilcas","status":"publish","type":"post","link":"https:\/\/derechosinfronteras.pe\/ingles\/28-de-setiembre-que-piensan-las-lideresas-de-espinar-y-chumbivilcas\/","title":{"rendered":"28 de setiembre, \u00bfQu\u00e9 piensan las lideresas de Espinar y Chumbivilcas?"},"content":{"rendered":"<p>Redacci\u00f3n DHSF<\/p>\n<p>En el marco del 28 de setiembre, \u201cD\u00eda de la Acci\u00f3n Global por un Aborto Seguro, Legal y Gratuito en Am\u00e9rica Latina y el Caribe\u201d, lideresas de las provincias de Espinar y Chumbivilcas manifiestan su opini\u00f3n sobre el derecho a decidir y los Derechos Sexuales y Reproductivos en provincias altas.<\/p>\n<p>En el Per\u00fa, el C\u00f3digo penal de 1924, permite el aborto solamente por razones terap\u00e9uticas. Ello quiere decir que el aborto no es penalizado cuando es el \u00fanico medio para salvar la vida de la gestante o para evitar en su salud un mal grave y permanente.<\/p>\n<p>El 2020, El Sistema de Registro del Certificado de Nacido Vivo en L\u00ednea del Ministerio de Salud del Per\u00fa report\u00f3 un total de 1 179 partos en menores de 14 a\u00f1os, mientras que, en la ciudad del Cusco, un estudio realizado por CLADEM Per\u00fa, refleja que, en los a\u00f1os 2020 y 2021, se registraron 48 casos de embarazos en ni\u00f1as menores de 14 a\u00f1os y 2608 en menores de 19 a\u00f1os.<\/p>\n<p>\u201cEn las encuestas salen ni\u00f1as que son madres, que han sufrido violencia sexual por parte de un familiar; Un t\u00edo, un primo, padres, padrastros, \u2026 Eso no lo Podemos permitir, no queremos que ni\u00f1as, ni se\u00f1oritas adolescentes mueran de forma oculta \u201d, declar\u00f3 la presidenta de la Asociaci\u00f3n de\u00a0 Mujeres Defensoras del Territorio y Cultura K\u2019ana, Elsa Merma. En 1928, se intent\u00f3 despenalizar sin \u00e9xito el aborto por violaci\u00f3n o tambi\u00e9n conocido como aborto eugen\u00e9sico y \u00e9tico.<\/p>\n<p>\u201cDeber\u00eda existir una ley para que nosotras las mujeres podamos decidir, es nuestro cuerpo y sobre \u00e9l nosotras decidimos. De repente a muchos no les guste lo que pienso, pero creo que debemos tener derecho sobre nuestro cuerpo\u201d, mencion\u00f3 Anal\u00ed Incarroca, comunicadora social e integrante de la organizaci\u00f3n Ruta K\u2019ana.<\/p>\n<p>Yobana Laime, integrante del frente de Defensa de los intereses de la provincia de Chumbivilcas y miembro de las Defensor\u00edas Comunitarias Kusi Qoyllur, respecto a la educaci\u00f3n sexual y reproductiva, menciona que \u201cSe deber\u00eda hablar de planificaci\u00f3n familiar, se deber\u00eda hablar sobre los m\u00e9todos anticonceptivos. Sabemos que es un tema tab\u00fa, pero los padres est\u00e1n en la obligaci\u00f3n de hablar del tema. Tienen que hablar de educaci\u00f3n sexual\u201d<\/p>\n<p>El Ministerio de Salud (MINSA), en 2020 registr\u00f3 20,963 abortos incompletos. Si hay leyes que proh\u00edben el aborto consentido, \u00bfPor qu\u00e9 hay abortos clandestinos y en situaciones insalubres ?, \u00bfPor qu\u00e9 las mujeres siguen arriesgando su vida y su libertad?, \u00bfEste no un caso de salud p\u00fablica?, \u00bfPor qu\u00e9 la planificaci\u00f3n familiar y la educaci\u00f3n sexual siguen siendo temas que no se abordan en todos los hogares, centros de salud y centros educativos?.<\/p>","protected":false},"excerpt":{"rendered":"<p>Redacci\u00f3n DHSF En el marco del 28 de setiembre, \u201cD\u00eda de la Acci\u00f3n Global por un Aborto Seguro, Legal y Gratuito en Am\u00e9rica Latina y el Caribe\u201d, lideresas de las provincias de Espinar y Chumbivilcas manifiestan su opini\u00f3n sobre el derecho a decidir y los Derechos Sexuales y Reproductivos en provincias altas. En el Per\u00fa, [&hellip;]<\/p>\n","protected":false},"author":1,"featured_media":3512,"comment_status":"open","ping_status":"open","sticky":false,"template":"","format":"standard","meta":{"_monsterinsights_skip_tracking":false,"_monsterinsights_sitenote_active":false,"_monsterinsights_sitenote_note":"","_monsterinsights_sitenote_category":0,"_jetpack_memberships_contains_paid_content":false,"footnotes":"","jetpack_publicize_message":"","jetpack_publicize_feature_enabled":true,"jetpack_social_post_already_shared":false,"jetpack_social_options":{"image_generator_settings":{"template":"highway","default_image_id":0,"font":"","enabled":false},"version":2}},"categories":[1],"tags":[],"class_list":["post-3511","post","type-post","status-publish","format-standard","has-post-thumbnail","hentry","category-sin-categoria"],"blocksy_meta":[],"jetpack_publicize_connections":[],"jetpack_featured_media_url":"https:\/\/derechosinfronteras.pe\/wp-content\/uploads\/2021\/09\/web-aborto.jpg","jetpack_sharing_enabled":true,"jetpack_likes_enabled":true,"_links":{"self":[{"href":"https:\/\/derechosinfronteras.pe\/ingles\/wp-json\/wp\/v2\/posts\/3511","targetHints":{"allow":["GET"]}}],"collection":[{"href":"https:\/\/derechosinfronteras.pe\/ingles\/wp-json\/wp\/v2\/posts"}],"about":[{"href":"https:\/\/derechosinfronteras.pe\/ingles\/wp-json\/wp\/v2\/types\/post"}],"author":[{"embeddable":true,"href":"https:\/\/derechosinfronteras.pe\/ingles\/wp-json\/wp\/v2\/users\/1"}],"replies":[{"embeddable":true,"href":"https:\/\/derechosinfronteras.pe\/ingles\/wp-json\/wp\/v2\/comments?post=3511"}],"version-history":[{"count":0,"href":"https:\/\/derechosinfronteras.pe\/ingles\/wp-json\/wp\/v2\/posts\/3511\/revisions"}],"wp:featuredmedia":[{"embeddable":true,"href":"https:\/\/derechosinfronteras.pe\/ingles\/wp-json\/wp\/v2\/media\/3512"}],"wp:attachment":[{"href":"https:\/\/derechosinfronteras.pe\/ingles\/wp-json\/wp\/v2\/media?parent=3511"}],"wp:term":[{"taxonomy":"category","embeddable":true,"href":"https:\/\/derechosinfronteras.pe\/ingles\/wp-json\/wp\/v2\/categories?post=3511"},{"taxonomy":"post_tag","embeddable":true,"href":"https:\/\/derechosinfronteras.pe\/ingles\/wp-json\/wp\/v2\/tags?post=3511"}],"curies":[{"name":"wp","href":"https:\/\/api.w.org\/{rel}","templated":true}]}}