{"id":3515,"date":"2021-09-16T18:30:50","date_gmt":"2021-09-16T23:30:50","guid":{"rendered":"http:\/\/derechosinfronteras.pe\/?p=7738"},"modified":"2021-09-16T18:30:50","modified_gmt":"2021-09-16T23:30:50","slug":"reinstalan-mesa-de-dialogo-en-espinar-tras-aproximadamente-8-meses-de-espera","status":"publish","type":"post","link":"https:\/\/derechosinfronteras.pe\/ingles\/reinstalan-mesa-de-dialogo-en-espinar-tras-aproximadamente-8-meses-de-espera\/","title":{"rendered":"Reinstalan mesa de di\u00e1logo en Espinar tras aproximadamente 8 meses de espera"},"content":{"rendered":"<p>Redacci\u00f3n DHSF<\/p>\n<p>El presidente del Consejo de Ministros, Guido Bellido, re\u00adinstal\u00f3 la mesa de di\u00e1logo en Espinar que consta de 6 subgrupos de trabajo. La \u00faltima reuni\u00f3n de esta mesa fue hace aproximadamente 8 meses.<\/p>\n<p>Al evento, que fue realizado el s\u00e1bado \u00faltimo, asistieron autoridades locales, repre\u00adsentantes de las comunidades originarias, los ministros de Ener\u00adg\u00eda y Minas (Iv\u00e1n Merino), de Ambiente (Rub\u00e9n Ram\u00edrez) y otros funcionarios p\u00fa\u00adblicos.<\/p>\n<p>\u201cNo\u00adsotros tenemos toda la voluntad de aten\u00adderlos y lo \u00fanico que pedimos es que exista un poco de serenidad y vamos a asignarnos cargos con los ministros que hemos venido, porque al mismo tiempo todos los problemas no se van a atender\u201d, afirm\u00f3 el premier.<\/p>\n<p>Cabe recalcar que dicha reinstalaci\u00f3n se desarroll\u00f3 en cum\u00adplimiento de un acuerdo previo con las autoridades provinciales para abordar las diversas problem\u00e1ticas que aquejan a Espinar. Entre ellas, la consulta pre\u00advia sobre el Proyecto Antapac\u00adcay Expansi\u00f3n Tintaya Integra\u00adci\u00f3n Coroccohuaico.<\/p>\n<p>Asimismo, se acord\u00f3 que la municipalidad provincial enviar\u00e1 a la presidencia del grupo de trabajo una propuesta del cronograma de reuniones de los subgrupos de trabajo. Dicho cronograma tiene que estar consensuado con los alcaldes y la poblaci\u00f3n.<\/p>\n<p>Por otro lado, las y los comuneros, cartel en mano, manifestaron su malestar por los impactos ambientales de la actividad minera, la falta de agua segura y la presencia de metales pesados en los pobladores. Incluso, una comunera llev\u00f3 un cordero muerto con mal formaciones, seg\u00fan indic\u00f3, a causa de la contaminaci\u00f3n de la empresa minera.<\/p>\n<p><img fetchpriority=\"high\" decoding=\"async\" class=\"size-large wp-image-7739 aligncenter\" src=\"http:\/\/derechosinfronteras.pe\/wp-content\/uploads\/2021\/09\/yyyssgsvagg-1024x576.jpg\" alt=\"\" width=\"715\" height=\"402\" \/><\/p>","protected":false},"excerpt":{"rendered":"<p>Redacci\u00f3n DHSF El presidente del Consejo de Ministros, Guido Bellido, re\u00adinstal\u00f3 la mesa de di\u00e1logo en Espinar que consta de 6 subgrupos de trabajo. La \u00faltima reuni\u00f3n de esta mesa fue hace aproximadamente 8 meses. Al evento, que fue realizado el s\u00e1bado \u00faltimo, asistieron autoridades locales, repre\u00adsentantes de las comunidades originarias, los ministros de Ener\u00adg\u00eda [&hellip;]<\/p>\n","protected":false},"author":1,"featured_media":3516,"comment_status":"open","ping_status":"open","sticky":false,"template":"","format":"standard","meta":{"_monsterinsights_skip_tracking":false,"_monsterinsights_sitenote_active":false,"_monsterinsights_sitenote_note":"","_monsterinsights_sitenote_category":0,"_jetpack_memberships_contains_paid_content":false,"footnotes":"","jetpack_publicize_message":"","jetpack_publicize_feature_enabled":true,"jetpack_social_post_already_shared":false,"jetpack_social_options":{"image_generator_settings":{"template":"highway","default_image_id":0,"font":"","enabled":false},"version":2}},"categories":[1],"tags":[],"class_list":["post-3515","post","type-post","status-publish","format-standard","has-post-thumbnail","hentry","category-sin-categoria"],"blocksy_meta":[],"jetpack_publicize_connections":[],"jetpack_featured_media_url":"https:\/\/derechosinfronteras.pe\/wp-content\/uploads\/2021\/09\/plantilla-notas-webj.jpg","jetpack_sharing_enabled":true,"jetpack_likes_enabled":true,"_links":{"self":[{"href":"https:\/\/derechosinfronteras.pe\/ingles\/wp-json\/wp\/v2\/posts\/3515","targetHints":{"allow":["GET"]}}],"collection":[{"href":"https:\/\/derechosinfronteras.pe\/ingles\/wp-json\/wp\/v2\/posts"}],"about":[{"href":"https:\/\/derechosinfronteras.pe\/ingles\/wp-json\/wp\/v2\/types\/post"}],"author":[{"embeddable":true,"href":"https:\/\/derechosinfronteras.pe\/ingles\/wp-json\/wp\/v2\/users\/1"}],"replies":[{"embeddable":true,"href":"https:\/\/derechosinfronteras.pe\/ingles\/wp-json\/wp\/v2\/comments?post=3515"}],"version-history":[{"count":0,"href":"https:\/\/derechosinfronteras.pe\/ingles\/wp-json\/wp\/v2\/posts\/3515\/revisions"}],"wp:featuredmedia":[{"embeddable":true,"href":"https:\/\/derechosinfronteras.pe\/ingles\/wp-json\/wp\/v2\/media\/3516"}],"wp:attachment":[{"href":"https:\/\/derechosinfronteras.pe\/ingles\/wp-json\/wp\/v2\/media?parent=3515"}],"wp:term":[{"taxonomy":"category","embeddable":true,"href":"https:\/\/derechosinfronteras.pe\/ingles\/wp-json\/wp\/v2\/categories?post=3515"},{"taxonomy":"post_tag","embeddable":true,"href":"https:\/\/derechosinfronteras.pe\/ingles\/wp-json\/wp\/v2\/tags?post=3515"}],"curies":[{"name":"wp","href":"https:\/\/api.w.org\/{rel}","templated":true}]}}