{"id":3519,"date":"2021-09-14T12:36:34","date_gmt":"2021-09-14T17:36:34","guid":{"rendered":"http:\/\/derechosinfronteras.pe\/?p=7726"},"modified":"2021-09-14T12:36:34","modified_gmt":"2021-09-14T17:36:34","slug":"chumbivilcas-continua-bloqueo-en-el-corredor-minero-del-sur","status":"publish","type":"post","link":"https:\/\/derechosinfronteras.pe\/ingles\/chumbivilcas-continua-bloqueo-en-el-corredor-minero-del-sur\/","title":{"rendered":"Chumbivilcas: Contin\u00faa bloqueo en el Corredor Minero del Sur"},"content":{"rendered":"<p>Redacci\u00f3n DHSF<\/p>\n<p>La protesta en el Corredor Minero del Sur continuar\u00e1 pese al di\u00e1logo entre la Presidencia del Consejo de Ministros (PCM), la empresa minera MMG las Bambas y los dirigentes de las comunidades de Chumbivilcas, que se realiz\u00f3 ayer (4:10 p. m.) en la ciudad del Cusco, luego de la tardanza de los representantes de la minera.<\/p>\n<p>Seg\u00fan el acta de reanudaci\u00f3n de di\u00e1logo, los l\u00edderes comunales piden que las reuniones de los subgrupos de trabajo contin\u00faen con la v\u00eda bloqueada, se cambie a los funcionarios acreditados por la empresa minera MMG Las Bambas, se retiren las denuncias de los comuneros criminalizados y que la PCM asista a las reuniones de dichos subgrupos de trabajo.<\/p>\n<p>Por otro lado, seg\u00fan este documento, la empresa minera manifest\u00f3 que, una vez la v\u00eda est\u00e9 liberada, alcanzar\u00e1 la propuesta para que las comunidades sean contratistas de dicha entidad. Al respecto, Sixto Huamani Castro, presidente de la comunidad campesina Huanquiri, dijo que \u201cno hay ninguna garant\u00eda y confianza para levantar la movilizaci\u00f3n. Adem\u00e1s, no hay un planteamiento formal y detallado por parte de la minera\u201d.<\/p>\n<p>Asimismo, el dirigente comunal manifest\u00f3 que las 10 comunidades est\u00e1n dispuestas a dialogar, pero que la protesta no se levantar\u00e1 \u201csi no se resuelven las mesas de trabajo, no se cambian a los funcionarios de la empresa minera y si los ministros y viceministros, que tienen decisi\u00f3n resolutiva, no se hacen presentes en los di\u00e1logos\u201d.<\/p>\n<p>Recordemos que la ruptura de la mesa de di\u00e1logo, el viernes 10 de setiembre en la comunidad de Huaylla huaylla, provincia de Chumbivilcas, ocurri\u00f3 luego de que la PCM no asisti\u00f3 a 2 reuniones previstas y la empresa MMG Las Bambas se neg\u00f3 a considerar el pedido de las comunidades.<\/p>\n<p>Mientras tanto, pasado el primer mes del plazo de 60 d\u00edas que se le dio al presidente del Consejo de Ministros, Guido Bellido, para solucionar el conflicto, las demandas de las comunidades a\u00fan no se resuelven.<\/p>\n<p>Cabe recalcar que, hoy por la ma\u00f1ana, el bloqueo del corredor minero se registraba en la comunidad campesina de Cruz Pampa donde tambi\u00e9n la poblaci\u00f3n de las 10 comunidades campesinas ejercen su derecho a la protesta social.<\/p>\n<p>&nbsp;<\/p>\n<p>&nbsp;<\/p>","protected":false},"excerpt":{"rendered":"<p>Redacci\u00f3n DHSF La protesta en el Corredor Minero del Sur continuar\u00e1 pese al di\u00e1logo entre la Presidencia del Consejo de Ministros (PCM), la empresa minera MMG las Bambas y los dirigentes de las comunidades de Chumbivilcas, que se realiz\u00f3 ayer (4:10 p. m.) en la ciudad del Cusco, luego de la tardanza de los representantes [&hellip;]<\/p>\n","protected":false},"author":1,"featured_media":3520,"comment_status":"open","ping_status":"open","sticky":false,"template":"","format":"standard","meta":{"_monsterinsights_skip_tracking":false,"_monsterinsights_sitenote_active":false,"_monsterinsights_sitenote_note":"","_monsterinsights_sitenote_category":0,"_jetpack_memberships_contains_paid_content":false,"footnotes":"","jetpack_publicize_message":"","jetpack_publicize_feature_enabled":true,"jetpack_social_post_already_shared":false,"jetpack_social_options":{"image_generator_settings":{"template":"highway","default_image_id":0,"font":"","enabled":false},"version":2}},"categories":[1],"tags":[],"class_list":["post-3519","post","type-post","status-publish","format-standard","has-post-thumbnail","hentry","category-sin-categoria"],"blocksy_meta":[],"jetpack_publicize_connections":[],"jetpack_featured_media_url":"https:\/\/derechosinfronteras.pe\/wp-content\/uploads\/2021\/09\/mesa-q2.jpg","jetpack_sharing_enabled":true,"jetpack_likes_enabled":true,"_links":{"self":[{"href":"https:\/\/derechosinfronteras.pe\/ingles\/wp-json\/wp\/v2\/posts\/3519","targetHints":{"allow":["GET"]}}],"collection":[{"href":"https:\/\/derechosinfronteras.pe\/ingles\/wp-json\/wp\/v2\/posts"}],"about":[{"href":"https:\/\/derechosinfronteras.pe\/ingles\/wp-json\/wp\/v2\/types\/post"}],"author":[{"embeddable":true,"href":"https:\/\/derechosinfronteras.pe\/ingles\/wp-json\/wp\/v2\/users\/1"}],"replies":[{"embeddable":true,"href":"https:\/\/derechosinfronteras.pe\/ingles\/wp-json\/wp\/v2\/comments?post=3519"}],"version-history":[{"count":0,"href":"https:\/\/derechosinfronteras.pe\/ingles\/wp-json\/wp\/v2\/posts\/3519\/revisions"}],"wp:featuredmedia":[{"embeddable":true,"href":"https:\/\/derechosinfronteras.pe\/ingles\/wp-json\/wp\/v2\/media\/3520"}],"wp:attachment":[{"href":"https:\/\/derechosinfronteras.pe\/ingles\/wp-json\/wp\/v2\/media?parent=3519"}],"wp:term":[{"taxonomy":"category","embeddable":true,"href":"https:\/\/derechosinfronteras.pe\/ingles\/wp-json\/wp\/v2\/categories?post=3519"},{"taxonomy":"post_tag","embeddable":true,"href":"https:\/\/derechosinfronteras.pe\/ingles\/wp-json\/wp\/v2\/tags?post=3519"}],"curies":[{"name":"wp","href":"https:\/\/api.w.org\/{rel}","templated":true}]}}