{"id":3521,"date":"2021-09-06T18:24:45","date_gmt":"2021-09-06T23:24:45","guid":{"rendered":"http:\/\/derechosinfronteras.pe\/?p=7722"},"modified":"2021-09-06T18:24:45","modified_gmt":"2021-09-06T23:24:45","slug":"mujer-indigena-defensora-del-territorio-y-encargada-de-preservar-nuestro-legado-ancestral","status":"publish","type":"post","link":"https:\/\/derechosinfronteras.pe\/ingles\/mujer-indigena-defensora-del-territorio-y-encargada-de-preservar-nuestro-legado-ancestral\/","title":{"rendered":"Mujer ind\u00edgena, defensora del territorio y encargada de preservar nuestro legado ancestral"},"content":{"rendered":"<p>Hace 38 a\u00f1os que todos los 5 de septiembres se conmemora el d\u00eda internacional de las Mujeres Ind\u00edgenas como resultado del Segundo Encuentro de Organizaciones y Movimientos de Am\u00e9rica, realizado en Tiahuanacu \u2013 Bolivia, en homenaje a Bartolina Sisa, una mujer quechua que fue descuartizada por las fuerzas espa\u00f1olas durante la rebeli\u00f3n anticolonial de T\u00fapaj Katari en el Alto Per\u00fa.<\/p>\n<p>De acuerdo con la Comisi\u00f3n Econ\u00f3mica para Am\u00e9rica Latina y el Caribe (CEPAL, 2014), Per\u00fa es el tercer pa\u00eds de Am\u00e9rica Latina con el mayor porcentaje de personas ind\u00edgenas en su poblaci\u00f3n.<\/p>\n<p>Pero, \u00bfCu\u00e1les son los obst\u00e1culos que afrontan las mujeres ind\u00edgenas en provincias altas? Fransisca Chaupi Ala, presidenta de las rondas campesinas de Coporaque de la provincia de Espinar, menciona que \u201c La mujer trabaja desde que se levanta. Ella limpia, cocina, atiende a la familia, y todav\u00eda te dicen, \u00bfQu\u00e9 haces pues?, no valoran nuestro trabajo, nos gritan y no saben que a las mujeres no nos alcanza tiempo\u201d.<\/p>\n<p>As\u00ed como Francisca muchas mujeres ind\u00edgenas sienten que el trabajo que realizan no es valorado. As\u00ed mismo, muchas son castigadas por el machismo y la violencia.<\/p>\n<p>La mujer ind\u00edgena juega un rol importante en la sociedad porque es la encargada de preservar nuestra cultura y los conocimientos de los pueblos originarios. Ellas son defensoras y guardianas de sus territorios.<\/p>\n<p>\u201cQueremos que respeten nuestros territorios, La Pachamama es importante para nosotras. Pensamos en el futuro y tenenos que cuidar el medio ambiente. Somos de la Pachamama y \u00a0como tal temenos que cuidarla. Si cuidamos nuestros territorios estamos cuidando nuestros cuerpos\u201d se\u00f1al\u00f3 Elsa Merma\u00a0 Ccahua, presidenta de la Asociaci\u00f3n de Mujeres Defensoras del Territorio y Cultura K\u2019ana y periodista comunitaria.<\/p>\n<p>La mujer ind\u00edgena trabaja en la chacra, en el hogar, cuida a los hijos, mantiene el legado ancestral y es defensora de su territorio, pero tambi\u00e9n tiene que enfrentarse al machismo, la violencia y la discriminaci\u00f3n. Estos estigmas sociales que arrastramos desde tiempos remotos. La pregunta es \u00bfQu\u00e9 debe hacer\u00a0 una mujer ind\u00edgena para ser escuchada?.<\/p>\n<p>&nbsp;<\/p>","protected":false},"excerpt":{"rendered":"<p>Hace 38 a\u00f1os que todos los 5 de septiembres se conmemora el d\u00eda internacional de las Mujeres Ind\u00edgenas como resultado del Segundo Encuentro de Organizaciones y Movimientos de Am\u00e9rica, realizado en Tiahuanacu \u2013 Bolivia, en homenaje a Bartolina Sisa, una mujer quechua que fue descuartizada por las fuerzas espa\u00f1olas durante la rebeli\u00f3n anticolonial de T\u00fapaj [&hellip;]<\/p>\n","protected":false},"author":1,"featured_media":3522,"comment_status":"open","ping_status":"open","sticky":false,"template":"","format":"standard","meta":{"_monsterinsights_skip_tracking":false,"_monsterinsights_sitenote_active":false,"_monsterinsights_sitenote_note":"","_monsterinsights_sitenote_category":0,"_jetpack_memberships_contains_paid_content":false,"footnotes":"","jetpack_publicize_message":"","jetpack_publicize_feature_enabled":true,"jetpack_social_post_already_shared":false,"jetpack_social_options":{"image_generator_settings":{"template":"highway","default_image_id":0,"font":"","enabled":false},"version":2}},"categories":[1],"tags":[],"class_list":["post-3521","post","type-post","status-publish","format-standard","has-post-thumbnail","hentry","category-sin-categoria"],"blocksy_meta":[],"jetpack_publicize_connections":[],"jetpack_featured_media_url":"https:\/\/derechosinfronteras.pe\/wp-content\/uploads\/2021\/09\/web-mujer-id.jpg","jetpack_sharing_enabled":true,"jetpack_likes_enabled":true,"_links":{"self":[{"href":"https:\/\/derechosinfronteras.pe\/ingles\/wp-json\/wp\/v2\/posts\/3521","targetHints":{"allow":["GET"]}}],"collection":[{"href":"https:\/\/derechosinfronteras.pe\/ingles\/wp-json\/wp\/v2\/posts"}],"about":[{"href":"https:\/\/derechosinfronteras.pe\/ingles\/wp-json\/wp\/v2\/types\/post"}],"author":[{"embeddable":true,"href":"https:\/\/derechosinfronteras.pe\/ingles\/wp-json\/wp\/v2\/users\/1"}],"replies":[{"embeddable":true,"href":"https:\/\/derechosinfronteras.pe\/ingles\/wp-json\/wp\/v2\/comments?post=3521"}],"version-history":[{"count":0,"href":"https:\/\/derechosinfronteras.pe\/ingles\/wp-json\/wp\/v2\/posts\/3521\/revisions"}],"wp:featuredmedia":[{"embeddable":true,"href":"https:\/\/derechosinfronteras.pe\/ingles\/wp-json\/wp\/v2\/media\/3522"}],"wp:attachment":[{"href":"https:\/\/derechosinfronteras.pe\/ingles\/wp-json\/wp\/v2\/media?parent=3521"}],"wp:term":[{"taxonomy":"category","embeddable":true,"href":"https:\/\/derechosinfronteras.pe\/ingles\/wp-json\/wp\/v2\/categories?post=3521"},{"taxonomy":"post_tag","embeddable":true,"href":"https:\/\/derechosinfronteras.pe\/ingles\/wp-json\/wp\/v2\/tags?post=3521"}],"curies":[{"name":"wp","href":"https:\/\/api.w.org\/{rel}","templated":true}]}}