{"id":3523,"date":"2021-09-01T15:11:07","date_gmt":"2021-09-01T20:11:07","guid":{"rendered":"http:\/\/derechosinfronteras.pe\/?p=7716"},"modified":"2021-09-01T15:11:07","modified_gmt":"2021-09-01T20:11:07","slug":"peru-contra-el-tiempo-los-desafios-ambientales-relacionados-a-las-actividades-mineras","status":"publish","type":"post","link":"https:\/\/derechosinfronteras.pe\/ingles\/peru-contra-el-tiempo-los-desafios-ambientales-relacionados-a-las-actividades-mineras\/","title":{"rendered":"Per\u00fa contra el tiempo: Los desaf\u00edos ambientales relacionados a las actividades mineras"},"content":{"rendered":"<p style=\"text-align: right;\"><em>Por: Rut P\u00e9rez\u00a0Saldarriaga &#8211; \u00c1rea de Derechos Colectivos, Medio Ambiente y Salud<\/em><\/p>\n<p>&nbsp;<\/p>\n<p><strong><em>\u201cLos efectos negativos de la industria minera en el medio ambiente se manifiestan principalmente por la contaminaci\u00f3n de las aguas superficiales y subterr\u00e1neas, aire, suelos, vegetaci\u00f3n y biota. Tambi\u00e9n en problemas ambientales de salud, contaminaci\u00f3n de ruido, y conflictos culturales y sociales. \u00daltimamente, en base evidencias cient\u00edficas, la industria minera, especialmente la industria extractiva de carb\u00f3n, han sido notificados que desde sus inicios son tambi\u00e9n un activo contribuyente en las consecuencias del cambio clim\u00e1tico.\u201d<\/em><\/strong><\/p>\n<p>Edgardo Alarc\u00f3n Le\u00f3n &#8211; Cient\u00edfico Geoambiental\/Geotecnico &#8211; Universidad Daniel Alcides Carri\u00f3n de Pasco.<\/p>\n<p>&nbsp;<\/p>\n<p>Leyendo el extracto mencionado arriba por Edgardo Alarc\u00f3n podr\u00edamos pensar que fue escrito este o el a\u00f1o pasado; sin embargo, fue escrito en el a\u00f1o 2009. Tristemente esta realidad no ha cambiado.<\/p>\n<p>El 9 de agosto de 2021, el Grupo I del IPCC (Panel Intergubernamental de Expertos sobre Cambio Clim\u00e1tico) de las Naciones Unidas public\u00f3 el 6to informe de evaluaci\u00f3n (AR6) denominado \u201cCambio clim\u00e1tico 2021: La base de la ciencia f\u00edsica\u201d, en el que participaron m\u00e1s de 200 cient\u00edficos como autores y muchos otros como revisores. El informe concluye que la temperatura global seguir\u00e1 en aumento si es que no hacemos un cambio radical en nuestro modelo de vida actual.<\/p>\n<p>Estamos en 2021 y las declaraciones de Edgardo parece que no han generado cambio alguno. Las leyes que apoyan las actividades extractivas, no solo en Per\u00fa, sino a nivel mundial, siguen en pie. A pesar que contamos con un Ministerio del Ambiente y un Ministerio de Salud conocedores de los efectos negativos que hoy en d\u00eda se presentan en miles de personas en el territorio nacional por causa de metales pesados y otras sustancias t\u00f3xicas en su organismo, no deriva en la promulgaci\u00f3n de leyes o pol\u00edticas p\u00fablicas m\u00e1s estrictas en favor de los m\u00e1s afectados.<\/p>\n<p>Si hablamos del cambio clim\u00e1tico lo primero que pensamos son en las vivencias o fotos de los deshielos en los polos, de las inundaciones y lluvias torrenciales en las costas, los huaicos, el fen\u00f3meno de la ni\u00f1a o el ni\u00f1o, entre otros. Pero tal vez nos es m\u00e1s complicado pensar en c\u00f3mo las actividades extractivas (miner\u00eda y megaminer\u00eda, pesca a gran escala, agricultura a gran escala, extracci\u00f3n de petr\u00f3leo, entre otras) pueden estar alimentando a este da\u00f1o de la tierra.<\/p>\n<p>Lo cierto es que las actividades extractivas, al momento de realizar el cambio de uso de suelo (de pasar de bosque a agr\u00edcola, o de agr\u00edcola a urbano, o de policultivo a monocultivo), generan aumento de emisiones de gases de efecto invernadero, como el metano, as\u00ed como la disminuci\u00f3n de captura de carbono. Esto trae como consecuencia el aumento de temperatura en esa zona de la tierra, que, a su vez, por ejemplo, genera la disminuci\u00f3n de la captura de agua causando da\u00f1os locales, pero tambi\u00e9n alimentado el da\u00f1o a nivel global de los ciclos compensatorios del agua, aire y suelo.<\/p>\n<p>Asimismo, al iniciarse un nuevo proyecto minero se dinamita y esto genera part\u00edculas diminutas conocidas como PM5 (material particulado de 5 micr\u00f3metros) y PM10 (material particulado de 10 micr\u00f3metros) que permanecen en el aire evitando un correcto flujo de los rayos solares y generando que permanezcan en la tierra. Al caer estas part\u00edculas sobre los cultivos generan una menor superficie disponible en las plantas para realizar la fotos\u00edntesis, generando poca producci\u00f3n de ox\u00edgeno y disminuyendo la captaci\u00f3n de di\u00f3xido de carbono. Sumado a esto, se generan da\u00f1os en los ciclos de los cultivos ya que no pueden crecer de forma adecuada, trayendo como consecuencia p\u00e9rdidas econ\u00f3micas en los agricultores y disminuci\u00f3n de alimento para la poblaci\u00f3n. Estas part\u00edculas tambi\u00e9n causan da\u00f1o al sistema respiratorio humano y mam\u00edfero en general, pudiendo generar a la larga c\u00e1ncer de pulm\u00f3n, as\u00ed como otras enfermedades.<\/p>\n<p>Otro de los da\u00f1os causados por estas actividades est\u00e1 en la contaminaci\u00f3n a los cuerpos de agua, como la presencia de petr\u00f3leo en las aguas de los r\u00edos en la selva o en la costa norte del pa\u00eds, que generan una disminuci\u00f3n de la superficie de entrada de luz natural (rayos solares) a las aguas y con ello las plantas menores e invertebrados no pueden generar alimento y, por ende, mueren, causando da\u00f1o en la cadena tr\u00f3fica natural de un ecosistema acu\u00e1tico. Adem\u00e1s, la presencia de metales pesados y residuos qu\u00edmicos en el agua generan da\u00f1o a sus consumidores, ya sean plantas, animales o seres humanos, que en la mayor\u00eda de los casos son irreversibles.<\/p>\n<p>La lista podr\u00eda seguir.<\/p>\n<p>Volviendo a este 6to informe del IPCC, nos cuenta la historia de lo que ya ve\u00edamos venir, pero no quer\u00edamos ver. Como dice un amigo climat\u00f3logo, \u201ccon este informe, la historia de los negacionistas del cambio clim\u00e1tico se cae a pedazos\u201d, y es que la informaci\u00f3n compartida tiene tanta base de investigaci\u00f3n que es innegable que somos los seres humanos que por tanto querer acumular y con ello alimentar al sistema capitalista, nos hemos creado una necesidad de la existencia de las industrias extractivas, haciendo que estas cobren un lugar principal en nuestra sociedad y en consecuencia hemos generado el aumento de la temperatura global.<\/p>\n<p>El IPCC hace un en\u00e9rgico llamado a los decisores pol\u00edticos en esta materia, mencionando que, si no tomamos acciones radicales sobre nuestras emisiones, la temperatura global a fines de siglo (2100) no va a poder limitarse a 1.5 o 2\u00b0C como se ten\u00eda previsto, sino que llegar\u00eda hasta casi 5\u00b0C. Esta es una noticia fatal, ya que hoy en d\u00eda sin haber llegado al 1,5\u00b0C de aumento de temperatura global ya contamos con terribles consecuencias ambientales y sociales. No quisiera imaginar c\u00f3mo ser\u00eda llegar a 5\u00b0C de aumento.<\/p>\n<p>En noviembre de este a\u00f1o se llevar\u00e1 a cabo la COP 26 (Conferencia de las Naciones Unidas sobre Cambio Clim\u00e1tico &#8211; lleva el #26 puesto que es el a\u00f1o 26 que se realiza), donde los pa\u00edses firmantes del Acuerdo de Par\u00eds se reunir\u00e1n nuevamente para tomar decisiones a nivel global sobre los temas ambientales. Esperamos que las negociaciones que se hagan sean considerando este 6to informe, pero tambi\u00e9n mirando internamente a cada pa\u00eds y las terribles consecuencias que hoy en d\u00eda vivimos. Estamos en meses cruciales ya que a la COP los pa\u00edses llegan con decisiones ya tomadas.<\/p>\n<p>Para concluir no quisiera dejar de recordar y mencionar que las leyes ambientales deben ir acompa\u00f1adas tambi\u00e9n de leyes que permitan la vigilancia y el monitoreo ambiental desde la sociedad civil, as\u00ed como la generaci\u00f3n de garant\u00edas sobre las vidas y familias de quienes defienden el ambiente. Milenariamente esta actividad la han realizado comunidades campesinas y pueblos ind\u00edgenas, a los cuales hoy en d\u00eda se suman muchos activistas ambientales. El pa\u00eds tiene una deuda pendiente para con ellos. Desde el anterior Congreso de la Rep\u00fablica se ha venido posponiendo la Ley Marco sobre Monitoreo y Vigilancia Ambiental, as\u00ed como la ratificaci\u00f3n del Acuerdo de Escaz\u00fa. Esto no puede seguir posponi\u00e9ndose m\u00e1s.<\/p>\n<p>La aprobaci\u00f3n de dicha Ley y la ratificaci\u00f3n al Acuerdo, ayudar\u00edan a garantizar la protecci\u00f3n de las vidas y familias de defensores ambientales, as\u00ed como al reconocimiento de los procesos de monitoreos comunitarios que se realizan directamente desde las comunidades con el fin de preservar la naturaleza. Esperamos que la situaci\u00f3n ambiental y social actual puedan llevar a este Congreso, y nuestros dem\u00e1s poderes del Estado, a decidir r\u00e1pida y oportunamente en favor de la defensa de nuestro territorio.<\/p>\n<p>&nbsp;<\/p>","protected":false},"excerpt":{"rendered":"<p>Por: Rut P\u00e9rez\u00a0Saldarriaga &#8211; \u00c1rea de Derechos Colectivos, Medio Ambiente y Salud &nbsp; \u201cLos efectos negativos de la industria minera en el medio ambiente se manifiestan principalmente por la contaminaci\u00f3n de las aguas superficiales y subterr\u00e1neas, aire, suelos, vegetaci\u00f3n y biota. Tambi\u00e9n en problemas ambientales de salud, contaminaci\u00f3n de ruido, y conflictos culturales y sociales. [&hellip;]<\/p>\n","protected":false},"author":1,"featured_media":3524,"comment_status":"open","ping_status":"open","sticky":false,"template":"","format":"standard","meta":{"_monsterinsights_skip_tracking":false,"_monsterinsights_sitenote_active":false,"_monsterinsights_sitenote_note":"","_monsterinsights_sitenote_category":0,"_jetpack_memberships_contains_paid_content":false,"footnotes":"","jetpack_publicize_message":"","jetpack_publicize_feature_enabled":true,"jetpack_social_post_already_shared":false,"jetpack_social_options":{"image_generator_settings":{"template":"highway","default_image_id":0,"font":"","enabled":false},"version":2}},"categories":[1],"tags":[],"class_list":["post-3523","post","type-post","status-publish","format-standard","has-post-thumbnail","hentry","category-sin-categoria"],"blocksy_meta":[],"jetpack_publicize_connections":[],"jetpack_featured_media_url":"https:\/\/derechosinfronteras.pe\/wp-content\/uploads\/2021\/09\/DESAFIOS-AMBIENTALES.jpg","jetpack_sharing_enabled":true,"jetpack_likes_enabled":true,"_links":{"self":[{"href":"https:\/\/derechosinfronteras.pe\/ingles\/wp-json\/wp\/v2\/posts\/3523","targetHints":{"allow":["GET"]}}],"collection":[{"href":"https:\/\/derechosinfronteras.pe\/ingles\/wp-json\/wp\/v2\/posts"}],"about":[{"href":"https:\/\/derechosinfronteras.pe\/ingles\/wp-json\/wp\/v2\/types\/post"}],"author":[{"embeddable":true,"href":"https:\/\/derechosinfronteras.pe\/ingles\/wp-json\/wp\/v2\/users\/1"}],"replies":[{"embeddable":true,"href":"https:\/\/derechosinfronteras.pe\/ingles\/wp-json\/wp\/v2\/comments?post=3523"}],"version-history":[{"count":0,"href":"https:\/\/derechosinfronteras.pe\/ingles\/wp-json\/wp\/v2\/posts\/3523\/revisions"}],"wp:featuredmedia":[{"embeddable":true,"href":"https:\/\/derechosinfronteras.pe\/ingles\/wp-json\/wp\/v2\/media\/3524"}],"wp:attachment":[{"href":"https:\/\/derechosinfronteras.pe\/ingles\/wp-json\/wp\/v2\/media?parent=3523"}],"wp:term":[{"taxonomy":"category","embeddable":true,"href":"https:\/\/derechosinfronteras.pe\/ingles\/wp-json\/wp\/v2\/categories?post=3523"},{"taxonomy":"post_tag","embeddable":true,"href":"https:\/\/derechosinfronteras.pe\/ingles\/wp-json\/wp\/v2\/tags?post=3523"}],"curies":[{"name":"wp","href":"https:\/\/api.w.org\/{rel}","templated":true}]}}