{"id":3527,"date":"2021-08-16T14:18:47","date_gmt":"2021-08-16T19:18:47","guid":{"rendered":"http:\/\/derechosinfronteras.pe\/?p=7697"},"modified":"2021-08-16T14:18:47","modified_gmt":"2021-08-16T19:18:47","slug":"chumbivilcas-retoma-protesta-por-compromisos-incumplidos-por-parte-de-las-bambas-y-del-ejecutivo","status":"publish","type":"post","link":"https:\/\/derechosinfronteras.pe\/ingles\/chumbivilcas-retoma-protesta-por-compromisos-incumplidos-por-parte-de-las-bambas-y-del-ejecutivo\/","title":{"rendered":"Chumbivilcas retoma protesta por compromisos incumplidos por parte de Las Bambas y del Ejecutivo"},"content":{"rendered":"<p>Redacci\u00f3n DHSF<\/p>\n<p>Las comunidades campesinas de la provincia de Chumbivilcas suspendieron hoy la tregua de 60 d\u00edas dada al Ejecutivo, por lo que retomaron el bloqueo del corredor minero del sur. Esta vez, en la comunidad campesina de Huaylla Huaylla, ubicada en el distrito de Velille.<\/p>\n<p>Esta decisi\u00f3n fue tomada debido a que las y los representantes de la empresa minera MMG Las Bambas incumplieron con asistir a dos reuniones programadas, seg\u00fan inform\u00f3 el presidente del Frente \u00danico de Defensa de los Intereses de Chumbivilcas, Wilber Fuentes.<\/p>\n<p>\u201cEl 29 de julio acordamos con la minera retomar el di\u00e1logo para el 8 de agosto, pero no llegaron los representantes, entonces, reprogramamos para reuni\u00f3n para el 15 de agosto, donde tampoco llegaron\u201d, declar\u00f3 el dirigente.<\/p>\n<p>El pasado 2 de agosto, el titular de la Presidencia del Consejo de Ministros, Guido Bellido, quien lleg\u00f3 a la zona de MuyoqOrcco para dialogar con las comunidades campesinas que estuvieron en protesta desde el 23 de julio, ofreci\u00f3 instalar una mesa de di\u00e1logo para resolver las demandas sociales<\/p>\n<p>En ese contexto, las siete comunidades aceptaron darle la tregua de 60 d\u00edas solicitada por el premier, por lo cual desbloquearon el corredor vial para permitir el paso de los camiones de transporte de concentrado de cobre, de combustibles, de personal y otros de MMG Las Bambas.<\/p>\n<p>Sin embargo, Fuentes se\u00f1al\u00f3 que tampoco el Ejecutivo instal\u00f3 la mesa de di\u00e1logo ofrecida para el 11 de agosto. \u201cLas comunidades est\u00e1n predispuestas a dialogar, pero la minera no quiere poner de su parte. El Estado pueda iniciar el proceso de di\u00e1logo a la par\u201d, refiri\u00f3 Wilber Fuentes.<\/p>\n<p>Por su parte, esta ma\u00f1ana tras llegar a la ciudad de Cusco para inaugurar obras junto al ministerio de Agricultura, V\u00edctor Maita, el premier Guido Bellido manifest\u00f3 que cuenta con informes sobre la presencia de abogados que est\u00e1n azuzando a la poblaci\u00f3n \u201ccon el cuento\u201d de que recibir\u00e1n ciertos beneficios econ\u00f3micos, lo que no es cierto.<\/p>\n<p>\u201cNo descartamos que estos abogados est\u00e1n trabajando con aquellas personas que hoy quieren desestabilizar este gobierno\u201d, sostuvo de acuerdo al portal Pulso Regional.<\/p>\n<p>Vale precisar que las demandas de las comunidades campesinas son las siguientes:<\/p>\n<div dir=\"auto\"><span class=\"pq6dq46d tbxw36s4 knj5qynh kvgmc6g5 ditlmg2l oygrvhab nvdbi5me sf5mxxl7 gl3lb2sf hhz5lgdu\">1. <\/span>Desconocimiento de la R.M. n.\u00b0 372-2018-MTC (Mientras no haya saneamiento legal de los terrenos comunales).<\/div>\n<div dir=\"auto\"><span class=\"pq6dq46d tbxw36s4 knj5qynh kvgmc6g5 ditlmg2l oygrvhab nvdbi5me sf5mxxl7 gl3lb2sf hhz5lgdu\">2. <\/span>Compensaci\u00f3n e indemnizaci\u00f3n por los da\u00f1os y perjuicios ambientales, asimismo el pago de los derechos de servidumbre minera.<\/div>\n<div dir=\"auto\"><span class=\"pq6dq46d tbxw36s4 knj5qynh kvgmc6g5 ditlmg2l oygrvhab nvdbi5me sf5mxxl7 gl3lb2sf hhz5lgdu\">3. <\/span>Ser consideradas como proveedores de bienes y servicios de la empresa minera tal como obliga el Convenio 169 de la OIT y el contrato de concesi\u00f3n minera.<\/div>\n<div dir=\"auto\"><span class=\"pq6dq46d tbxw36s4 knj5qynh kvgmc6g5 ditlmg2l oygrvhab nvdbi5me sf5mxxl7 gl3lb2sf hhz5lgdu\">4. <\/span>Inclusi\u00f3n como \u00e1rea de influencia directa ambiental y social a las comunidades del corredor.<\/div>\n<div dir=\"auto\"><span class=\"pq6dq46d tbxw36s4 knj5qynh kvgmc6g5 ditlmg2l oygrvhab nvdbi5me sf5mxxl7 gl3lb2sf hhz5lgdu\">5. <\/span>Si las comunidades aceptan vender sus terrenos al MTC, estos deben ser a valores comerciales.<\/div>\n<div dir=\"auto\"><span class=\"pq6dq46d tbxw36s4 knj5qynh kvgmc6g5 ditlmg2l oygrvhab nvdbi5me sf5mxxl7 gl3lb2sf hhz5lgdu\">6. <\/span>No a la criminalizaci\u00f3n de la protesta.<\/div>\n<p>&nbsp;<\/p>\n<p>&nbsp;<\/p>","protected":false},"excerpt":{"rendered":"<p>Redacci\u00f3n DHSF Las comunidades campesinas de la provincia de Chumbivilcas suspendieron hoy la tregua de 60 d\u00edas dada al Ejecutivo, por lo que retomaron el bloqueo del corredor minero del sur. Esta vez, en la comunidad campesina de Huaylla Huaylla, ubicada en el distrito de Velille. Esta decisi\u00f3n fue tomada debido a que las y [&hellip;]<\/p>\n","protected":false},"author":1,"featured_media":3528,"comment_status":"open","ping_status":"open","sticky":false,"template":"","format":"standard","meta":{"_monsterinsights_skip_tracking":false,"_monsterinsights_sitenote_active":false,"_monsterinsights_sitenote_note":"","_monsterinsights_sitenote_category":0,"_jetpack_memberships_contains_paid_content":false,"footnotes":"","jetpack_publicize_message":"","jetpack_publicize_feature_enabled":true,"jetpack_social_post_already_shared":false,"jetpack_social_options":{"image_generator_settings":{"template":"highway","default_image_id":0,"font":"","enabled":false},"version":2}},"categories":[1],"tags":[],"class_list":["post-3527","post","type-post","status-publish","format-standard","has-post-thumbnail","hentry","category-sin-categoria"],"blocksy_meta":[],"jetpack_publicize_connections":[],"jetpack_featured_media_url":"https:\/\/derechosinfronteras.pe\/wp-content\/uploads\/2021\/08\/FOTO-FINAL-CHUMBI.jpg","jetpack_sharing_enabled":true,"jetpack_likes_enabled":true,"_links":{"self":[{"href":"https:\/\/derechosinfronteras.pe\/ingles\/wp-json\/wp\/v2\/posts\/3527","targetHints":{"allow":["GET"]}}],"collection":[{"href":"https:\/\/derechosinfronteras.pe\/ingles\/wp-json\/wp\/v2\/posts"}],"about":[{"href":"https:\/\/derechosinfronteras.pe\/ingles\/wp-json\/wp\/v2\/types\/post"}],"author":[{"embeddable":true,"href":"https:\/\/derechosinfronteras.pe\/ingles\/wp-json\/wp\/v2\/users\/1"}],"replies":[{"embeddable":true,"href":"https:\/\/derechosinfronteras.pe\/ingles\/wp-json\/wp\/v2\/comments?post=3527"}],"version-history":[{"count":0,"href":"https:\/\/derechosinfronteras.pe\/ingles\/wp-json\/wp\/v2\/posts\/3527\/revisions"}],"wp:featuredmedia":[{"embeddable":true,"href":"https:\/\/derechosinfronteras.pe\/ingles\/wp-json\/wp\/v2\/media\/3528"}],"wp:attachment":[{"href":"https:\/\/derechosinfronteras.pe\/ingles\/wp-json\/wp\/v2\/media?parent=3527"}],"wp:term":[{"taxonomy":"category","embeddable":true,"href":"https:\/\/derechosinfronteras.pe\/ingles\/wp-json\/wp\/v2\/categories?post=3527"},{"taxonomy":"post_tag","embeddable":true,"href":"https:\/\/derechosinfronteras.pe\/ingles\/wp-json\/wp\/v2\/tags?post=3527"}],"curies":[{"name":"wp","href":"https:\/\/api.w.org\/{rel}","templated":true}]}}