{"id":3529,"date":"2021-08-12T18:37:11","date_gmt":"2021-08-12T23:37:11","guid":{"rendered":"http:\/\/derechosinfronteras.pe\/?p=7689"},"modified":"2021-08-12T18:37:11","modified_gmt":"2021-08-12T23:37:11","slug":"la-asociacion-de-mujeres-afectadas-por-esterilizaciones-forzadas-de-la-provincia-de-chumbivilcas-realiza-accion-publica","status":"publish","type":"post","link":"https:\/\/derechosinfronteras.pe\/ingles\/la-asociacion-de-mujeres-afectadas-por-esterilizaciones-forzadas-de-la-provincia-de-chumbivilcas-realiza-accion-publica\/","title":{"rendered":"La Asociaci\u00f3n de Mujeres Afectadas por Esterilizaciones Forzadas de la Provincia de Chumbivilcas realiza acci\u00f3n p\u00fablica"},"content":{"rendered":"<p>Redacci\u00f3n DHSF<\/p>\n<p>Despu\u00e9s de un a\u00f1o y 5 meses de pandemia, hoy se realiz\u00f3 el encuentro de la Asociaci\u00f3n de Mujeres Afectadas por Esterilizaciones Forzadas de la Provincia de Chumbivilcas, en el distrito de Santo Tom\u00e1s, con el acto simb\u00f3lico del bordado de la bandera del Per\u00fa.<\/p>\n<p>El objetivo de esta acci\u00f3n p\u00fablica es recuperar la memoria colectiva de este caso emblem\u00e1tico de violaci\u00f3n de derechos humanos y exigir, una vez m\u00e1s, verdad, justicia y reparaci\u00f3n integral para las v\u00edctimas.<\/p>\n<p>A este evento, organizado por Derechos Humanos Sin Fronteras con el apoyo de DEMUS (Estudio para la Defensa de los Derechos de la Mujer), asistieron aproximadamente 45 personas, entre socias y familiares de las mismas, quienes se congregaron en el mercado de Santa Anita bajo medidas de prevenci\u00f3n contra la COVID-19. En este espacio, adem\u00e1s, se abordaron tres temas importantes:<\/p>\n<ol>\n<li>Contexto hist\u00f3rico y pol\u00edtico del caso de Esterilizaciones Forzadas.<\/li>\n<li>Casos penales (expedientes 014 y 059).<\/li>\n<li>Presentaci\u00f3n de la demanda de amparo contra el Ministerio de Justicia y Derechos Humanos para que implemente una pol\u00edtica de reparaci\u00f3n integral para las v\u00edctimas inscritas en REVIESFO.<\/li>\n<\/ol>\n<p>Asimismo, las abogadas Yudith Conto Cantero y Mar\u00eda Ysabel Cedano resolvieron las dudas de las socias. Al finalizar este espacio de informaci\u00f3n, las integrantes de la asociaci\u00f3n eligieron a su nueva junta directiva.<\/p>\n<p>Cabe precisar que, durante la transmisi\u00f3n en vivo por la p\u00e1gina de Derechos Humanos Sin Fronteras, pidieron al presidente Pedro Castillo que atienda las demandas de las sobrevivientes y familiares, quienes exigen desde hace m\u00e1s de 25 a\u00f1os verdad, justicia y reparaci\u00f3n integral<\/p>\n<p>BORDADO DE LA BANDERA COMO ACTO SIMB\u00d3LICO<\/p>\n<p>Esta fue la primera vez que la bandera, que ha recorrido las ciudades de Lima, Cusco,\u00a0 Huancavelica y Ayacucho, lleg\u00f3 al distrito de Santo Tom\u00e1s como parte de la iniciativa de la plataforma Somos 2074 y muchas m\u00e1s. En esta bandera se encuentran bordados los nombres de las 2166 mujeres que denunciaron, entre los a\u00f1os 1996 y 2002, la vulneraci\u00f3n de sus derechos humanos. De este grupo, 1317 mujeres y hombres lograron que esta denuncia sea sustentada ante el juez Rafael Mart\u00edn Mart\u00ednez.<\/p>\n<p>Recordemos que las audiencias de sustentaci\u00f3n de cargos de este caso culminaron hace aproximadamente 2 meses, por lo que las denunciantes exigen el inmediato pronunciamiento del juez. El magistrado tiene que decidir si abre investigaci\u00f3n judicial contra Alberto Fujimori Fujimori, entre otros, o archiva este caso.<\/p>\n<p><img fetchpriority=\"high\" decoding=\"async\" class=\"wp-image-7691 aligncenter\" src=\"http:\/\/derechosinfronteras.pe\/wp-content\/uploads\/2021\/08\/mnfjkdhfjkdhtuy-768x1024.jpg\" alt=\"\" width=\"428\" height=\"571\" \/><\/p>","protected":false},"excerpt":{"rendered":"<p>Redacci\u00f3n DHSF Despu\u00e9s de un a\u00f1o y 5 meses de pandemia, hoy se realiz\u00f3 el encuentro de la Asociaci\u00f3n de Mujeres Afectadas por Esterilizaciones Forzadas de la Provincia de Chumbivilcas, en el distrito de Santo Tom\u00e1s, con el acto simb\u00f3lico del bordado de la bandera del Per\u00fa. El objetivo de esta acci\u00f3n p\u00fablica es recuperar [&hellip;]<\/p>\n","protected":false},"author":1,"featured_media":3530,"comment_status":"open","ping_status":"open","sticky":false,"template":"","format":"standard","meta":{"_monsterinsights_skip_tracking":false,"_monsterinsights_sitenote_active":false,"_monsterinsights_sitenote_note":"","_monsterinsights_sitenote_category":0,"_jetpack_memberships_contains_paid_content":false,"footnotes":"","jetpack_publicize_message":"","jetpack_publicize_feature_enabled":true,"jetpack_social_post_already_shared":false,"jetpack_social_options":{"image_generator_settings":{"template":"highway","default_image_id":0,"font":"","enabled":false},"version":2}},"categories":[1],"tags":[],"class_list":["post-3529","post","type-post","status-publish","format-standard","has-post-thumbnail","hentry","category-sin-categoria"],"blocksy_meta":[],"jetpack_publicize_connections":[],"jetpack_featured_media_url":"https:\/\/derechosinfronteras.pe\/wp-content\/uploads\/2021\/08\/est.jpg","jetpack_sharing_enabled":true,"jetpack_likes_enabled":true,"_links":{"self":[{"href":"https:\/\/derechosinfronteras.pe\/ingles\/wp-json\/wp\/v2\/posts\/3529","targetHints":{"allow":["GET"]}}],"collection":[{"href":"https:\/\/derechosinfronteras.pe\/ingles\/wp-json\/wp\/v2\/posts"}],"about":[{"href":"https:\/\/derechosinfronteras.pe\/ingles\/wp-json\/wp\/v2\/types\/post"}],"author":[{"embeddable":true,"href":"https:\/\/derechosinfronteras.pe\/ingles\/wp-json\/wp\/v2\/users\/1"}],"replies":[{"embeddable":true,"href":"https:\/\/derechosinfronteras.pe\/ingles\/wp-json\/wp\/v2\/comments?post=3529"}],"version-history":[{"count":0,"href":"https:\/\/derechosinfronteras.pe\/ingles\/wp-json\/wp\/v2\/posts\/3529\/revisions"}],"wp:featuredmedia":[{"embeddable":true,"href":"https:\/\/derechosinfronteras.pe\/ingles\/wp-json\/wp\/v2\/media\/3530"}],"wp:attachment":[{"href":"https:\/\/derechosinfronteras.pe\/ingles\/wp-json\/wp\/v2\/media?parent=3529"}],"wp:term":[{"taxonomy":"category","embeddable":true,"href":"https:\/\/derechosinfronteras.pe\/ingles\/wp-json\/wp\/v2\/categories?post=3529"},{"taxonomy":"post_tag","embeddable":true,"href":"https:\/\/derechosinfronteras.pe\/ingles\/wp-json\/wp\/v2\/tags?post=3529"}],"curies":[{"name":"wp","href":"https:\/\/api.w.org\/{rel}","templated":true}]}}