{"id":3531,"date":"2021-08-09T10:57:19","date_gmt":"2021-08-09T15:57:19","guid":{"rendered":"http:\/\/derechosinfronteras.pe\/?p=7685"},"modified":"2021-08-09T10:57:19","modified_gmt":"2021-08-09T15:57:19","slug":"las-comunidades-originarias-e-indigenas-en-el-peru","status":"publish","type":"post","link":"https:\/\/derechosinfronteras.pe\/ingles\/las-comunidades-originarias-e-indigenas-en-el-peru\/","title":{"rendered":"Las comunidades originarias e ind\u00edgenas en el Per\u00fa"},"content":{"rendered":"<p style=\"text-align: right;\"><em>Por: Helio Cruz \u2013 \u00c1rea Legal de DHSF<\/em><\/p>\n<p>El 9 de agosto de cada a\u00f1o se conmemora el D\u00eda Internacional de los Pueblos ind\u00edgenas, ante este acontecimiento emerge la pregunta \u00bfqui\u00e9nes son los pueblos ind\u00edgenas?, \u00bfc\u00f3mo identificarlos?, \u00bfcu\u00e1l es la agenda actual?<\/p>\n<p>Veamos algunos aspectos de car\u00e1cter legal y social.<\/p>\n<p>Previamente, debemos partir de la lectura del Convenio 169 de la Organizaci\u00f3n Internacional del Trabajo \u201csobre pueblos ind\u00edgenas y tribales en pa\u00edses independientes\u201d (en adelante Convenio 169). Este convenio est\u00e1 vigente y es de aplicaci\u00f3n obligatoria en el Per\u00fa desde el a\u00f1o 1995, asimismo tenemos la Declaraci\u00f3n de las Naciones Unidas sobre los Derechos de los Pueblos Ind\u00edgenas, sentencias de la Comisi\u00f3n Interamericana de Derechos Humanos, entre otros referidos a la promoci\u00f3n y protecci\u00f3n de los pueblos ind\u00edgenas.<\/p>\n<p>En el Per\u00fa, la Constituci\u00f3n de 1920 <em>(art. 41)<\/em> reconoce como \u201ccomunidades ind\u00edgenas\u201d a los <em>Ayllus<\/em> y a partir del a\u00f1o 1969 con la promulgaci\u00f3n del Decreto Ley 17716, Ley de Reforma Agraria, cambia de denominaci\u00f3n a \u201cComunidades Campesinas\u201d, a ello se complementa con la Ley de Comunidades Campesinas, la Constituci\u00f3n de 1993, entre otros instrumentos legales.<\/p>\n<p><em>\u00bfQui\u00e9nes son pueblos ind\u00edgenas en el Per\u00fa?<\/em><\/p>\n<p>El Convenio 169 se\u00f1ala que para identificar poblaciones originarias o ind\u00edgenas debemos aplicar <em>(a)<\/em> <em>Criterios objetivos y (b) criterios subjetivos<\/em>. En estos criterios debemos encontrar comunidades que vivan desde antes de la \u00e9poca de la invasi\u00f3n \u2013 colonizaci\u00f3n territorial, deben mantener su pre-existencia antes de la formaci\u00f3n del Estado, mantener el idioma propio por ejemplo el quechua, sus costumbres sigan vivas, su organizaci\u00f3n social. Y, principalmente, la autoidentificaci\u00f3n que descienden de los pueblos originarios, antes <em>Ayllus<\/em>.<\/p>\n<p>Queda claro que las comunidades campesinas y nativas del Per\u00fa son pueblos originarios e ind\u00edgenas de nuestra Am\u00e9rica.<\/p>\n<p>Sin embargo, los miembros de los pueblos ind\u00edgenas atraviesan por situaciones complejas como es el despojo de su territorio, lo hemos visto ahora \u00faltimo en el denominado Corredor Vial Minero, donde se identific\u00f3 una directa afectaci\u00f3n e impacto ambiental como consecuencia de la explotaci\u00f3n de recursos naturales. La d\u00e9bil implementaci\u00f3n de procesos de di\u00e1logo y acuerdos, entre las cuales el Estado omite realizar procesos de consulta, consentimiento, participaci\u00f3n ciudadana, transparencia de la informaci\u00f3n ambiental, acceso a la justicia. En consecuencia, hay una creciente falta de credibilidad del Estado y la empresa privada.<\/p>\n<p>Contrario a lo anterior, la respuesta del Estado en forma estructurada ha sido mediante la criminalizaci\u00f3n a miembros de las comunidades campesinas, es decir, son sometidos a investigaci\u00f3n por ejercer el derecho a defender su territorio del despojo y la contaminaci\u00f3n ambiental, incluso surge la represi\u00f3n de la fuerza policial ante sus demandas.<\/p>\n<p>No ser\u00e1 real la construcci\u00f3n de democracia sin las voces de las comunidades campesinas y nativas mientras el Estado y la empresa privada contin\u00fae con pol\u00edticas que excluyen e impongan sus agendas, no se puede continuar colocando los derechos humanos debajo de aquello que le llaman <em>desarrollo<\/em>, poner los bienes sobre los derechos.<\/p>\n<p>Por ahora, toca desde las comunidades campesinas originarias ind\u00edgenas hacer cuerpo de resistencia, demandar el cumplimiento de la ley y convenio internacional, ejercer derechos colectivos, denunciar las afectaciones e impactos ambientales.<\/p>","protected":false},"excerpt":{"rendered":"<p>Por: Helio Cruz \u2013 \u00c1rea Legal de DHSF El 9 de agosto de cada a\u00f1o se conmemora el D\u00eda Internacional de los Pueblos ind\u00edgenas, ante este acontecimiento emerge la pregunta \u00bfqui\u00e9nes son los pueblos ind\u00edgenas?, \u00bfc\u00f3mo identificarlos?, \u00bfcu\u00e1l es la agenda actual? Veamos algunos aspectos de car\u00e1cter legal y social. Previamente, debemos partir de la [&hellip;]<\/p>\n","protected":false},"author":1,"featured_media":3532,"comment_status":"open","ping_status":"open","sticky":false,"template":"","format":"standard","meta":{"_monsterinsights_skip_tracking":false,"_monsterinsights_sitenote_active":false,"_monsterinsights_sitenote_note":"","_monsterinsights_sitenote_category":0,"_jetpack_memberships_contains_paid_content":false,"footnotes":"","jetpack_publicize_message":"","jetpack_publicize_feature_enabled":true,"jetpack_social_post_already_shared":false,"jetpack_social_options":{"image_generator_settings":{"template":"highway","default_image_id":0,"font":"","enabled":false},"version":2}},"categories":[1],"tags":[],"class_list":["post-3531","post","type-post","status-publish","format-standard","has-post-thumbnail","hentry","category-sin-categoria"],"blocksy_meta":[],"jetpack_publicize_connections":[],"jetpack_featured_media_url":"https:\/\/derechosinfronteras.pe\/wp-content\/uploads\/2021\/08\/Foto-dia-internacional-de-los-pueblos-indigenas.jpg","jetpack_sharing_enabled":true,"jetpack_likes_enabled":true,"_links":{"self":[{"href":"https:\/\/derechosinfronteras.pe\/ingles\/wp-json\/wp\/v2\/posts\/3531","targetHints":{"allow":["GET"]}}],"collection":[{"href":"https:\/\/derechosinfronteras.pe\/ingles\/wp-json\/wp\/v2\/posts"}],"about":[{"href":"https:\/\/derechosinfronteras.pe\/ingles\/wp-json\/wp\/v2\/types\/post"}],"author":[{"embeddable":true,"href":"https:\/\/derechosinfronteras.pe\/ingles\/wp-json\/wp\/v2\/users\/1"}],"replies":[{"embeddable":true,"href":"https:\/\/derechosinfronteras.pe\/ingles\/wp-json\/wp\/v2\/comments?post=3531"}],"version-history":[{"count":0,"href":"https:\/\/derechosinfronteras.pe\/ingles\/wp-json\/wp\/v2\/posts\/3531\/revisions"}],"wp:featuredmedia":[{"embeddable":true,"href":"https:\/\/derechosinfronteras.pe\/ingles\/wp-json\/wp\/v2\/media\/3532"}],"wp:attachment":[{"href":"https:\/\/derechosinfronteras.pe\/ingles\/wp-json\/wp\/v2\/media?parent=3531"}],"wp:term":[{"taxonomy":"category","embeddable":true,"href":"https:\/\/derechosinfronteras.pe\/ingles\/wp-json\/wp\/v2\/categories?post=3531"},{"taxonomy":"post_tag","embeddable":true,"href":"https:\/\/derechosinfronteras.pe\/ingles\/wp-json\/wp\/v2\/tags?post=3531"}],"curies":[{"name":"wp","href":"https:\/\/api.w.org\/{rel}","templated":true}]}}