{"id":3533,"date":"2021-08-03T13:01:02","date_gmt":"2021-08-03T18:01:02","guid":{"rendered":"http:\/\/derechosinfronteras.pe\/?p=7680"},"modified":"2021-08-03T13:01:02","modified_gmt":"2021-08-03T18:01:02","slug":"organizaciones-de-espinar-piden-al-presidente-pedro-castillo-y-al-premier-guido-bellido-atender-sus-demandas","status":"publish","type":"post","link":"https:\/\/derechosinfronteras.pe\/ingles\/organizaciones-de-espinar-piden-al-presidente-pedro-castillo-y-al-premier-guido-bellido-atender-sus-demandas\/","title":{"rendered":"Organizaciones de Espinar piden al presidente y al premier atender sus demandas"},"content":{"rendered":"<p>Redacci\u00f3n DHSF<\/p>\n<p>Los gremios de Espinar enviar\u00e1n un memorial al Ejecutivo nacional en los pr\u00f3ximos d\u00edas. La poblaci\u00f3n demanda, entre otras cosas, la implementaci\u00f3n de un proceso de consulta previa vinculante para continuar con el proyecto minero Expansi\u00f3n Tintaya Integraci\u00f3n Coroccohuayco (ampliaci\u00f3n de la compa\u00f1\u00eda minera Antapaccay).<\/p>\n<p>El presidente del Consejo de Ministros (PCM), Guido Bellido Ugarte, viaj\u00f3 y desactiv\u00f3 ayer el conflicto social de las comunidades campesinas de la provincia de Chumbivilcas, en el Cusco, que protestaban contra la minera MMG Las Bambas y el Ejecutivo nacional por el uso de manera inconsulta de sus tierras comunales para el corredor minero del sur.<\/p>\n<p>Las comunidades originarias de la provincia cusque\u00f1a de Espinar, vecina de Chumbivilcas y que tambi\u00e9n forma parte de este corredor vial, acordaron en una asamblea multicomunal exigir al primer ministro Bellido y al presidente de la Rep\u00fablica, Pedro Castillo Terrones, un trato igualitario en la atenci\u00f3n de sus demandas.<\/p>\n<p>En ese sentido, solicitan que se conforme una mesa de di\u00e1logo para atender la problem\u00e1tica socioambiental de esta provincia que se arrastra desde hace casi cuatro d\u00e9cadas.<\/p>\n<p>Las comunidades originarias enviar\u00e1n al primer ministro, Guido Bellido, y al ministro de Energ\u00eda y Minas, Iv\u00e1n Merino Aguirre, un memorial en el que pedir\u00e1n que se instale una mesa de negociaciones en el m\u00e1s breve plazo. El documento est\u00e1 siendo elaborado.<\/p>\n<p>\u00abNo vamos a presionar, porque el gobierno reci\u00e9n est\u00e1 empezando. Queremos que haya un gesto y un compromiso para atender nuestra agenda que qued\u00f3 suspendida en el anterior gobierno\u00bb, dijo Vidal Merma, l\u00edder social y exdirigente de la Asociaci\u00f3n de Urbanizaciones y Pueblos J\u00f3venes de Espinar (Aupe).<\/p>\n<p>Seg\u00fan las organizaciones sociales de base de Espinar, la empresa minera Antapaccay ha vulnerado sistem\u00e1ticamente sus derechos y ha afectado la salud de las personas.<\/p>\n<p>Agregan que las comunidades originarias deben hacer frente al despojo de sus tierras, la destrucci\u00f3n de fuentes de agua y el medio ambiente y el da\u00f1o a la salud con metales pesados.<\/p>\n<p>Merma se\u00f1al\u00f3 que hay la necesidad de esperar que el gobierno termine de instalarse y, a partir de all\u00ed, reinstalar la mesa de di\u00e1logo que qued\u00f3 paralizada durante el gobierno del expresidente Francisco Sagasti.<\/p>\n<p>LA AGENDA DE ESPINAR<\/p>\n<p>La provincia de Espinar arrastra una agenda desatendida por los sucesivos gobiernos y la minera Antapaccay que consta en cinco puntos principales.<\/p>\n<p>La m\u00e1s importante consiste en la implementaci\u00f3n de un proceso de consulta previa vinculante para continuar con el proyecto minero Expansi\u00f3n Tintaya Integraci\u00f3n Coroccohuayco, que es la extensi\u00f3n de las operaciones de la compa\u00f1\u00eda minera.<\/p>\n<p>Asimismo, piden que el Estado cumpla con implementar el Fondo de Emergencia Social para atender las comunidades afectadas.<\/p>\n<p>La tercera deuda tiene que ver con retomar la suspendida implementaci\u00f3n de un plan de reparaciones por los da\u00f1os causados en territorios comunales por la operaci\u00f3n minera.<\/p>\n<p>Y los dos \u00faltimos puntos consideran el reclamo de un programa de reactivaci\u00f3n econ\u00f3mica para las comunidades originarias y la creaci\u00f3n del canon comunal para garantizar que esos recursos lleguen a las comunidades.<\/p>","protected":false},"excerpt":{"rendered":"<p>Redacci\u00f3n DHSF Los gremios de Espinar enviar\u00e1n un memorial al Ejecutivo nacional en los pr\u00f3ximos d\u00edas. La poblaci\u00f3n demanda, entre otras cosas, la implementaci\u00f3n de un proceso de consulta previa vinculante para continuar con el proyecto minero Expansi\u00f3n Tintaya Integraci\u00f3n Coroccohuayco (ampliaci\u00f3n de la compa\u00f1\u00eda minera Antapaccay). El presidente del Consejo de Ministros (PCM), Guido [&hellip;]<\/p>\n","protected":false},"author":1,"featured_media":3534,"comment_status":"open","ping_status":"open","sticky":false,"template":"","format":"standard","meta":{"_monsterinsights_skip_tracking":false,"_monsterinsights_sitenote_active":false,"_monsterinsights_sitenote_note":"","_monsterinsights_sitenote_category":0,"_jetpack_memberships_contains_paid_content":false,"footnotes":"","jetpack_publicize_message":"","jetpack_publicize_feature_enabled":true,"jetpack_social_post_already_shared":false,"jetpack_social_options":{"image_generator_settings":{"template":"highway","default_image_id":0,"font":"","enabled":false},"version":2}},"categories":[1],"tags":[],"class_list":["post-3533","post","type-post","status-publish","format-standard","has-post-thumbnail","hentry","category-sin-categoria"],"blocksy_meta":[],"jetpack_publicize_connections":[],"jetpack_featured_media_url":"https:\/\/derechosinfronteras.pe\/wp-content\/uploads\/2021\/08\/NOTA-ESPINAR-PEDRO-CASTILLO.jpg","jetpack_sharing_enabled":true,"jetpack_likes_enabled":true,"_links":{"self":[{"href":"https:\/\/derechosinfronteras.pe\/ingles\/wp-json\/wp\/v2\/posts\/3533","targetHints":{"allow":["GET"]}}],"collection":[{"href":"https:\/\/derechosinfronteras.pe\/ingles\/wp-json\/wp\/v2\/posts"}],"about":[{"href":"https:\/\/derechosinfronteras.pe\/ingles\/wp-json\/wp\/v2\/types\/post"}],"author":[{"embeddable":true,"href":"https:\/\/derechosinfronteras.pe\/ingles\/wp-json\/wp\/v2\/users\/1"}],"replies":[{"embeddable":true,"href":"https:\/\/derechosinfronteras.pe\/ingles\/wp-json\/wp\/v2\/comments?post=3533"}],"version-history":[{"count":0,"href":"https:\/\/derechosinfronteras.pe\/ingles\/wp-json\/wp\/v2\/posts\/3533\/revisions"}],"wp:featuredmedia":[{"embeddable":true,"href":"https:\/\/derechosinfronteras.pe\/ingles\/wp-json\/wp\/v2\/media\/3534"}],"wp:attachment":[{"href":"https:\/\/derechosinfronteras.pe\/ingles\/wp-json\/wp\/v2\/media?parent=3533"}],"wp:term":[{"taxonomy":"category","embeddable":true,"href":"https:\/\/derechosinfronteras.pe\/ingles\/wp-json\/wp\/v2\/categories?post=3533"},{"taxonomy":"post_tag","embeddable":true,"href":"https:\/\/derechosinfronteras.pe\/ingles\/wp-json\/wp\/v2\/tags?post=3533"}],"curies":[{"name":"wp","href":"https:\/\/api.w.org\/{rel}","templated":true}]}}