{"id":3535,"date":"2021-07-28T08:39:31","date_gmt":"2021-07-28T13:39:31","guid":{"rendered":"http:\/\/derechosinfronteras.pe\/?p=7659"},"modified":"2021-07-28T08:39:31","modified_gmt":"2021-07-28T13:39:31","slug":"la-protesta-social-es-un-derecho-constitucional","status":"publish","type":"post","link":"https:\/\/derechosinfronteras.pe\/ingles\/la-protesta-social-es-un-derecho-constitucional\/","title":{"rendered":"\u00a1La protesta social es un derecho constitucional!"},"content":{"rendered":"<p><em>Helio Cruz, \u00e1rea legal &#8211; DHSF<\/em><\/p>\n<p>Desatinadas declaraciones del general PNP Javier R\u00edos Tiravanti ante el uso de la fuerza de parte de la Polic\u00eda Nacional en Chumbivilcas que deja como saldo nueve mujeres y seis varones heridos.<\/p>\n<p>\u00bfQu\u00e9 es lo que est\u00e1 pasando en las comunidades campesinas del corredor minero?<\/p>\n<p><em>Hoy 28 de julio &#8211; d\u00eda del Bicentenario- contin\u00faa la protesta social de las comunidades campesinas de Huininquiri, Idiopa \u00d1awpa Hapo Urinsaya, Yanqui Lacca Lacca, Cancahuani, Cruzpampa, Tincurca y otros. Desde el 23 de julio mantienen un bloqueo en el Corredor Vial Minero en Chumbivilcas para exigir una pronta soluci\u00f3n a la arbitraria reclasificaci\u00f3n de v\u00edas comunales en v\u00eda nacional. As\u00ed tambi\u00e9n denuncian impactos y afectaciones ambientales por el paso del transporte de camiones mineros de MMG Las Bambas<\/em> <strong><sup>[<a href=\"#_ftn1\" name=\"_ftnref1\">[1]<\/a>]<\/sup><\/strong>.<\/p>\n<p><img fetchpriority=\"high\" decoding=\"async\" class=\"wp-image-7660 aligncenter\" src=\"http:\/\/derechosinfronteras.pe\/wp-content\/uploads\/2021\/07\/1.1-1024x768.jpg\" alt=\"\" width=\"603\" height=\"452\" \/><\/p>\n<p><img decoding=\"async\" class=\"wp-image-7661 aligncenter\" src=\"http:\/\/derechosinfronteras.pe\/wp-content\/uploads\/2021\/07\/1-1024x667.jpg\" alt=\"\" width=\"601\" height=\"392\" \/><\/p>\n<p><em><br \/>\nFoto: Comunidad Huininquiri \u2013 viernes 23 de julio<\/em><\/p>\n<p>El s\u00e1bado 23 de julio un contingente policial en Huininquiri -provisto de armas con perdigones y gas lacrim\u00f3geno- reprimi\u00f3 a las y los manifestantes que se encontraban sobre el corredor vial. El resultado fue 9 comuneras y 6 comuneros heridos por el uso de la fuerza policial. La brutal intervenci\u00f3n policial, parece haber radicalizado la medida. Seg\u00fan los dirigentes, podr\u00eda extenderse hasta el 4 de agosto.<\/p>\n<p><img decoding=\"async\" class=\"wp-image-7663 alignleft\" src=\"http:\/\/derechosinfronteras.pe\/wp-content\/uploads\/2021\/07\/bonb-1-768x1024.jpg\" alt=\"\" width=\"285\" height=\"380\" \/> <img loading=\"lazy\" decoding=\"async\" class=\"wp-image-7664 alignleft\" src=\"http:\/\/derechosinfronteras.pe\/wp-content\/uploads\/2021\/07\/pierna-768x1024.jpg\" alt=\"\" width=\"288\" height=\"384\" \/><\/p>\n<p><img loading=\"lazy\" decoding=\"async\" class=\"wp-image-7666 alignleft\" src=\"http:\/\/derechosinfronteras.pe\/wp-content\/uploads\/2021\/07\/nn-1-1024x576.png\" alt=\"\" width=\"586\" height=\"330\" \/><\/p>\n<p><img loading=\"lazy\" decoding=\"async\" class=\"wp-image-7668 alignleft\" src=\"http:\/\/derechosinfronteras.pe\/wp-content\/uploads\/2021\/07\/esta-es-1.jpg\" alt=\"\" width=\"583\" height=\"329\" \/><\/p>\n<p>&nbsp;<\/p>\n<p>&nbsp;<\/p>\n<p>&nbsp;<\/p>\n<p>&nbsp;<\/p>\n<p>&nbsp;<\/p>\n<p>&nbsp;<\/p>\n<p>&nbsp;<\/p>\n<p>&nbsp;<\/p>\n<p>&nbsp;<\/p>\n<p>&nbsp;<\/p>\n<p>&nbsp;<\/p>\n<p>&nbsp;<\/p>\n<p>&nbsp;<\/p>\n<p>&nbsp;<\/p>\n<p>&nbsp;<\/p>\n<p>&nbsp;<\/p>\n<p>&nbsp;<\/p>\n<p>&nbsp;<\/p>\n<p>&nbsp;<\/p>\n<p>&nbsp;<\/p>\n<p>&nbsp;<\/p>\n<p>&nbsp;<\/p>\n<p>&nbsp;<\/p>\n<p>&nbsp;<\/p>\n<p>&nbsp;<\/p>\n<p>&nbsp;<\/p>\n<p>&nbsp;<\/p>\n<p>&nbsp;<\/p>\n<p>&nbsp;<\/p>\n<p><em>Foto: Comunid<\/em><em>ad Huininquiri \u2013 s\u00e1bado 24 de julio \u201cUso de la fuerza policial\u201d<\/em><\/p>\n<p>Ante estos eventos, el gral. PNP Javier R\u00edos Tiravanti, jefe de la S\u00e9ptima Macro Regi\u00f3n Policial Cusco manifest\u00f3 \u201c<em>la polic\u00eda no reprime, la polic\u00eda hace uso de la fuerza (\u2026)<\/em>, <em>bloquear una v\u00eda es un delito, se lesiona bienes jur\u00eddicos, para eso existe la Polic\u00eda Nacional, para hacer prevalecer el Estado de Derecho\u2026<\/em>\u201d <strong><sup>[<a href=\"#_ftn1\" name=\"_ftnref1\">[2]<\/a>]<\/sup><\/strong><\/p>\n<p>Desde la defensa de los derechos humanos y el ejercicio del derecho a la protesta, no estamos de acuerdo con las declaraciones del funcionario policial. Esta forma de interpretaci\u00f3n intenta ampararse en el DL 1186, otorgando una connotaci\u00f3n leg\u00edtima al uso de la fuerza policial.<\/p>\n<p>Debemos establecer que existen diferencia entre el uso de la fuerza policial y la represi\u00f3n. El <em><u>primero<\/u><\/em> establece que ante \u201cniveles reactivos\u201d se procede con el uso de medios no letales para <strong>contrarrestar y\/o superar el nivel de agresi\u00f3n o resistencia<\/strong>. El uso de la fuerza debe orientarse al logro de un objetivo legal, que deben estar amparados en el marco del Derecho Internacional de los Derechos Humanos y la Constituci\u00f3n. En cuanto al <em><u>segundo<\/u><\/em> sobre la represi\u00f3n, es equivalente a la restricci\u00f3n ilegal e ileg\u00edtima, por parte del poder p\u00fablico, al limitar el ejercicio de derechos constitucionales como la protesta social, la libertad de expresi\u00f3n, la libertad de asociaci\u00f3n, ejerciendo un llamado p\u00fablico al di\u00e1logo, cuestionando la labor de los funcionarios del Estado y de la empresa minera.<\/p>\n<p>El Tribunal Constitucional<strong><sup> [<a href=\"#_ftn1\" name=\"_ftnref1\">[3]<\/a>] <\/sup><\/strong>sobre la protesta social ha se\u00f1alado que \u201c\u2026 este derecho comprende la <u>facultad de cuestionar<\/u>, de manera temporal o peri\u00f3dica, espor\u00e1dica o continua, <u>a trav\u00e9s del espacio p\u00fablico<\/u> o a trav\u00e9s de medios de difusi\u00f3n (materiales, el\u00e9ctricos, electr\u00f3nicos, virtuales y\/o tecnol\u00f3gicos), de manera individual o <u>colectiva<\/u>, los hechos, situaciones, disposiciones o medidas (incluso normativas) <u>por razones de tipo pol\u00edtico, econ\u00f3mico, social, laboral, ambiental, cultural, ideol\u00f3gico o de cualquier otra \u00edndole<\/u>, que establezcan los poderes p\u00fablicos o privados, con el objeto de obtener un cambio del <em>status quo<\/em> a nivel local, regional, nacional, internacional o global, <u>siempre que ello se realice sobre la base de un fin leg\u00edtimo<\/u> seg\u00fan el orden p\u00fablico constitucional, y que en el ejercicio de la protesta se respete la legalidad que sea conforme con la Constituci\u00f3n\u2026\u201d.<\/p>\n<p>La Defensor\u00eda del Pueblo en su reporte de conflictos se\u00f1ala que en el Per\u00fa m\u00e1s del 70% representa los conflictos socioambientales, entre ellos, el de Chumbivilcas, asimismo resalta la misma instituci\u00f3n que \u201c<em><u>Conflicto y Violencia NO son lo mismo<\/u>. La violencia es la manifestaci\u00f3n destructiva del conflicto social<\/em>. El conflicto social debe ser entendido como un proceso complejo en el cual sectores de la sociedad, el Estado y las empresas perciben que sus objetivos, intereses, valores o necesidades son contradictorios y esa contradicci\u00f3n puede derivar en violencia\u201d.<\/p>\n<p>Las comunidades campesinas en el Corredor Vial Minero de Chumbivilcas al d\u00eda de hoy contin\u00faan siendo propietarios de la carretera, <em>ahora Corredor Vial Minero<\/em>, y es el Estado a trav\u00e9s del MTC quien ha afectado la propiedad colectiva de la Comunidad, as\u00ed lo reconoce en su comunicado<strong><sup>[<a href=\"#_ftn1\" name=\"_ftnref1\">[4]<\/a>]<\/sup><\/strong>, que a la fecha se encuentra en proceso de saneamiento legal. No solo es un mero acto administrativo para comprar las tierras, las comunidades tienen derecho a acceder al proceso de consulta previa porque la reclasificaci\u00f3n esta asociada al uso de la v\u00eda por camiones mineros que generan impactos y afectaciones ambientales.<\/p>\n<p>Desde este punto de vista, la protesta social se reviste de legitimidad, siendo la protesta pac\u00edfica y sin armas, por tanto, el uso de la fuerza policial deviene en ilegitima, a esto le calificamos como represi\u00f3n y es mayor por la consecuencia de personas heridas por el impacto de los perdigones en sus cuerpos y otras agredidas f\u00edsicamente<strong><sup> [<a href=\"#_ftn1\" name=\"_ftnref1\">[5]<\/a>]<\/sup><\/strong>, poniendo en riesgo el estado f\u00edsico de quienes protestan. Este tipo de intervenciones no ayudan a llegar a soluciones sino todo lo contrario, la profundizan y la radicalizan al punto de criminalizar a los dirigentes, someti\u00e9ndoles a investigaciones penales y un eventual juicio por \u201cdisturbios\u201d.<\/p>\n<p>Se espera de los actos de represi\u00f3n se inicie las investigaciones que correspondan. Por su parte, las comunidades campesinas ya emplazaron a quienes representan al Cusco en el Congreso de la Rep\u00fablica a fin de encaminar un mecanismo de di\u00e1logo transparente.<\/p>\n<p>Finalmente, llegamos a los 200 a\u00f1os \u201c<em>libres e independientes<\/em>\u201d con protestas sociales y una posible criminalizaci\u00f3n contra dirigentes sociales, estos eventos activos que hereda el Gobierno de Pedro Castillo las tiene que enfrentar principalmente con transparencia y cumplimiento de acuerdos, ponderando las demandas legitimas de las comunidades.<\/p>\n<p>\u00a1\u00a1\u00a1Viva el Per\u00fa!!!<\/p>\n<p><a href=\"#_ftnref1\" name=\"_ftn1\"><\/a><\/p>\n<hr \/>\n<p><a href=\"#_ftnref1\" name=\"_ftn1\">[1] Noticias:<\/a><\/p>\n<p><a href=\"#_ftnref1\" name=\"_ftn1\">[2]<\/a> Declaraci\u00f3n disponible en QT Televisi\u00f3n Cusco. ((\ud83d\udd34)) #EnVivo: \u201cNo hay ning\u00fan detenido en intervenci\u00f3n policial de Chumbivilcas \u2013 General PNP Javier R\u00edos Tiravanti\u201d. Disponible en el enlace: https:\/\/www.facebook.com\/QTTelevision\/videos\/1020366418799179<\/p>\n<p><a href=\"#_ftnref1\" name=\"_ftn1\">[3]<\/a> Sentencia Proceso de Inconstitucionalidad. Exp. 00009-2018-AI. <strong>Fundamento 82<\/strong>. Disponible en: https:\/\/tc.gob.pe\/jurisprudencia\/2020\/00009-2018-AI.pdf<\/p>\n<p><a href=\"#_ftnref1\" name=\"_ftn1\">[4]<\/a> Comunicado \u2013 MTC. \u201cA la fecha, el Ministerio de Transportes y Comunicaciones, en aplicaci\u00f3n de dicho Decreto de Urgencia, ha realizado el pago de 1847 cheques de compensaci\u00f3n econ\u00f3mica y 223 cheques de tasaci\u00f3n, por un total de S\/ 56 241 765, con la <strong>finalidad de contar con el saneamiento legal<\/strong> de los terrenos implicados en el Corredor Vial Apur\u00edmac-Cusco\u201d. Disponible en <a href=\"https:\/\/www.gob.pe\/institucion\/mtc\/noticias\/508349-comunicado-mtc\" target=\"_blank\" rel=\"noopener\">https:\/\/www.gob.pe\/institucion\/mtc\/noticias\/508349-comunicado-mtc<\/a><\/p>\n<p><a href=\"#_ftnref1\" name=\"_ftn1\">[5]<\/a> Video de DHSF. \u201cLa provincia de Chumbivilcas se encuentra en pie de lucha exigiendo al Estado que respete los derechos sobre sus v\u00edas comunales, las cuales est\u00e1n siendo usadas para transportar minerales por parte de MMG Las Bambas. Como respuesta fueron reprimidos\u201d. Disponible en <a href=\"https:\/\/www.facebook.com\/derechossinfronteras.pe\/posts\/4077648172353680\" target=\"_blank\" rel=\"noopener\">https:\/\/www.facebook.com\/derechossinfronteras.pe\/posts\/4077648172353680<\/a><\/p>\n","protected":false},"excerpt":{"rendered":"<p>Helio Cruz, \u00e1rea legal &#8211; DHSF Desatinadas declaraciones del general PNP Javier R\u00edos Tiravanti ante el uso de la fuerza de parte de la Polic\u00eda Nacional en Chumbivilcas que deja como saldo nueve mujeres y seis varones heridos. \u00bfQu\u00e9 es lo que est\u00e1 pasando en las comunidades campesinas del corredor minero? Hoy 28 de julio [&hellip;]<\/p>\n","protected":false},"author":1,"featured_media":3536,"comment_status":"open","ping_status":"open","sticky":false,"template":"","format":"standard","meta":{"_monsterinsights_skip_tracking":false,"_monsterinsights_sitenote_active":false,"_monsterinsights_sitenote_note":"","_monsterinsights_sitenote_category":0,"_jetpack_memberships_contains_paid_content":false,"footnotes":"","jetpack_publicize_message":"","jetpack_publicize_feature_enabled":true,"jetpack_social_post_already_shared":false,"jetpack_social_options":{"image_generator_settings":{"template":"highway","default_image_id":0,"font":"","enabled":false},"version":2}},"categories":[1],"tags":[],"class_list":["post-3535","post","type-post","status-publish","format-standard","has-post-thumbnail","hentry","category-sin-categoria"],"blocksy_meta":[],"jetpack_publicize_connections":[],"jetpack_featured_media_url":"https:\/\/derechosinfronteras.pe\/wp-content\/uploads\/2021\/07\/esta-esss.jpg","jetpack_sharing_enabled":true,"jetpack_likes_enabled":true,"_links":{"self":[{"href":"https:\/\/derechosinfronteras.pe\/ingles\/wp-json\/wp\/v2\/posts\/3535","targetHints":{"allow":["GET"]}}],"collection":[{"href":"https:\/\/derechosinfronteras.pe\/ingles\/wp-json\/wp\/v2\/posts"}],"about":[{"href":"https:\/\/derechosinfronteras.pe\/ingles\/wp-json\/wp\/v2\/types\/post"}],"author":[{"embeddable":true,"href":"https:\/\/derechosinfronteras.pe\/ingles\/wp-json\/wp\/v2\/users\/1"}],"replies":[{"embeddable":true,"href":"https:\/\/derechosinfronteras.pe\/ingles\/wp-json\/wp\/v2\/comments?post=3535"}],"version-history":[{"count":0,"href":"https:\/\/derechosinfronteras.pe\/ingles\/wp-json\/wp\/v2\/posts\/3535\/revisions"}],"wp:featuredmedia":[{"embeddable":true,"href":"https:\/\/derechosinfronteras.pe\/ingles\/wp-json\/wp\/v2\/media\/3536"}],"wp:attachment":[{"href":"https:\/\/derechosinfronteras.pe\/ingles\/wp-json\/wp\/v2\/media?parent=3535"}],"wp:term":[{"taxonomy":"category","embeddable":true,"href":"https:\/\/derechosinfronteras.pe\/ingles\/wp-json\/wp\/v2\/categories?post=3535"},{"taxonomy":"post_tag","embeddable":true,"href":"https:\/\/derechosinfronteras.pe\/ingles\/wp-json\/wp\/v2\/tags?post=3535"}],"curies":[{"name":"wp","href":"https:\/\/api.w.org\/{rel}","templated":true}]}}