{"id":3538,"date":"2021-07-27T17:57:48","date_gmt":"2021-07-27T22:57:48","guid":{"rendered":"http:\/\/derechosinfronteras.pe\/?p=7653"},"modified":"2021-07-27T17:57:48","modified_gmt":"2021-07-27T22:57:48","slug":"defensoria-del-pueblo-pide-que-se-amplie-investigacion-por-feminicidio-ocurrido-en-espinar","status":"publish","type":"post","link":"https:\/\/derechosinfronteras.pe\/ingles\/defensoria-del-pueblo-pide-que-se-amplie-investigacion-por-feminicidio-ocurrido-en-espinar\/","title":{"rendered":"Defensor\u00eda del Pueblo pide que se ampl\u00ede investigaci\u00f3n por feminicidio ocurrido en Espinar"},"content":{"rendered":"<p>Redacci\u00f3n DHSF<\/p>\n<p>La Defensor\u00eda del Pueblo pide que la investigaci\u00f3n en contra de Nalio Champi Ccorahua y Mar\u00eda Arosquipa, familiares de Genoveva Kana Huillca , v\u00edctima del feminicidio ocurrido el \u00a015 de julio, \u00a0\u00a0se ampl\u00ede debido a que \u00a0estar\u00edan implicados en el crimen. Del mismo modo, solicit\u00f3 realizar nuevas diligencias con la mayor prioridad posible para que se dicte una sanci\u00f3n ejemplar.<\/p>\n<p>En la misma l\u00ednea, La Asociaci\u00f3n de Mujeres Defensoras de la Cultura y Territorio K\u2019ana salud\u00f3 el pronunciamiento de la Defensor\u00eda y manifiesta que los c\u00f3mplices tambi\u00e9n tienen que estar detenidos.<\/p>\n<p>Elsa Merma, presidenta de la asociaci\u00f3n, indic\u00f3 que la investigaci\u00f3n tiene que ampliarse para las personas implicadas, \u201cEn espinar est\u00e1n pasando muchos asesinatos y feminicidios. Queremos que haya justicia y que todos los asesinatos se investiguen\u201d<\/p>\n<p>Hasta el momento, solo el presunto autor del feminicidio, Juan Guzm\u00e1n Cuyo Arosquipa (39), se encuentra con siete meses de \u00a0prisi\u00f3n preventiva por el Juzgado de Investigaci\u00f3n Preparatoria de Espinar, a cargo del juez Julio C\u00e9sar C\u00e9spedes Murillo.<\/p>\n<p>\u201cNo obstante, de la informaci\u00f3n recabada hasta la fecha por el Ministerio P\u00fablico, no se ha profundizado la investigaci\u00f3n que podr\u00eda conducir a establecer su grado de participaci\u00f3n en el asesinato de la v\u00edctima a pesar de los indicios existentes que los involucrar\u00edan en el delito. Por ello, se debe ampliar las investigaciones\u201d, indic\u00f3 Rosa Santa Cruz, jefa de la oficina de la Defensor\u00eda del Pueblo en Cusco.<\/p>\n<p>As\u00ed mismo, la Defensoria del Pueblo en Cusco indic\u00f3 que viene coordinando con el CEM Espinar para las medidas de protecci\u00f3n, asignaci\u00f3n econ\u00f3mica del programa Aurora y la tenencia provisional de los ni\u00f1os a cargo de uno de los familiares de la v\u00edctima.<\/p>\n<p>&nbsp;<\/p>\n<p>&nbsp;<\/p>","protected":false},"excerpt":{"rendered":"<p>Redacci\u00f3n DHSF La Defensor\u00eda del Pueblo pide que la investigaci\u00f3n en contra de Nalio Champi Ccorahua y Mar\u00eda Arosquipa, familiares de Genoveva Kana Huillca , v\u00edctima del feminicidio ocurrido el \u00a015 de julio, \u00a0\u00a0se ampl\u00ede debido a que \u00a0estar\u00edan implicados en el crimen. Del mismo modo, solicit\u00f3 realizar nuevas diligencias con la mayor prioridad posible [&hellip;]<\/p>\n","protected":false},"author":1,"featured_media":3539,"comment_status":"open","ping_status":"open","sticky":false,"template":"","format":"standard","meta":{"_monsterinsights_skip_tracking":false,"_monsterinsights_sitenote_active":false,"_monsterinsights_sitenote_note":"","_monsterinsights_sitenote_category":0,"_jetpack_memberships_contains_paid_content":false,"footnotes":"","jetpack_publicize_message":"","jetpack_publicize_feature_enabled":true,"jetpack_social_post_already_shared":false,"jetpack_social_options":{"image_generator_settings":{"template":"highway","default_image_id":0,"font":"","enabled":false},"version":2}},"categories":[1],"tags":[],"class_list":["post-3538","post","type-post","status-publish","format-standard","has-post-thumbnail","hentry","category-sin-categoria"],"blocksy_meta":[],"jetpack_publicize_connections":[],"jetpack_featured_media_url":"https:\/\/derechosinfronteras.pe\/wp-content\/uploads\/2021\/07\/asesinat.jpg","jetpack_sharing_enabled":true,"jetpack_likes_enabled":true,"_links":{"self":[{"href":"https:\/\/derechosinfronteras.pe\/ingles\/wp-json\/wp\/v2\/posts\/3538","targetHints":{"allow":["GET"]}}],"collection":[{"href":"https:\/\/derechosinfronteras.pe\/ingles\/wp-json\/wp\/v2\/posts"}],"about":[{"href":"https:\/\/derechosinfronteras.pe\/ingles\/wp-json\/wp\/v2\/types\/post"}],"author":[{"embeddable":true,"href":"https:\/\/derechosinfronteras.pe\/ingles\/wp-json\/wp\/v2\/users\/1"}],"replies":[{"embeddable":true,"href":"https:\/\/derechosinfronteras.pe\/ingles\/wp-json\/wp\/v2\/comments?post=3538"}],"version-history":[{"count":0,"href":"https:\/\/derechosinfronteras.pe\/ingles\/wp-json\/wp\/v2\/posts\/3538\/revisions"}],"wp:featuredmedia":[{"embeddable":true,"href":"https:\/\/derechosinfronteras.pe\/ingles\/wp-json\/wp\/v2\/media\/3539"}],"wp:attachment":[{"href":"https:\/\/derechosinfronteras.pe\/ingles\/wp-json\/wp\/v2\/media?parent=3538"}],"wp:term":[{"taxonomy":"category","embeddable":true,"href":"https:\/\/derechosinfronteras.pe\/ingles\/wp-json\/wp\/v2\/categories?post=3538"},{"taxonomy":"post_tag","embeddable":true,"href":"https:\/\/derechosinfronteras.pe\/ingles\/wp-json\/wp\/v2\/tags?post=3538"}],"curies":[{"name":"wp","href":"https:\/\/api.w.org\/{rel}","templated":true}]}}