{"id":3540,"date":"2021-07-27T14:28:42","date_gmt":"2021-07-27T19:28:42","guid":{"rendered":"http:\/\/derechosinfronteras.pe\/?p=7649"},"modified":"2021-07-27T14:28:42","modified_gmt":"2021-07-27T19:28:42","slug":"dialogo-pendiente-inclusion-de-los-pueblos-originarios","status":"publish","type":"post","link":"https:\/\/derechosinfronteras.pe\/ingles\/dialogo-pendiente-inclusion-de-los-pueblos-originarios\/","title":{"rendered":"Di\u00e1logo pendiente: inclusi\u00f3n de los pueblos originarios"},"content":{"rendered":"<p style=\"text-align: right;\"><strong>Por: Oracio Pacori \u2013<\/strong><\/p>\n<p style=\"text-align: right;\"><strong>Director Ejecutivo de DHSF<\/strong><\/p>\n<p>En el bicentenario, principalmente mirando el interior del pa\u00eds, no reflexionar sobre los acontecimientos m\u00e1s visibles de la segunda vuelta electoral, plasmado en altos niveles de discriminaci\u00f3n, fluidos por mensajes de racismo y canalizados libremente por medios de comunicaci\u00f3n de los que tienen concentrados el control de medios, ser\u00eda un atropello m\u00e1s al largo y dif\u00edcil desaf\u00edo que ejercen los pueblos andinos y amaz\u00f3nicos en el ejercicio real de sus derechos.<\/p>\n<p>Debemos destacar que estos mensajes y discursos de racismo han llamado la atenci\u00f3n de organismos internacionales como Amnist\u00eda Internacional, que ha rechazado cualquier acto de discriminaci\u00f3n racial y por preferencia pol\u00edtica; as\u00ed como de la Alta Comisionada de las Naciones Unidas para los Derechos Humanos y de organizaciones de pueblos originarios quienes demandaron respeto al valor de su voto. No obstante, estas reacciones no fueron suficientes para aliviar la fractura visibilizada.<\/p>\n<p>En una sociedad multicultural como la nuestra estos llamados de atenci\u00f3n y voces poco difundidas de los pueblos originarios deben marcar las prioridades a seguir. En lo posible se debe evitar la exclusi\u00f3n de algunos de estos grupos en los procesos de toma de decisiones para as\u00ed garantizar que no se excluyan sus intereses y necesidades.<\/p>\n<p>El momento pol\u00edtico y social actual es ideal para dejar de alimentar las desigualdades hist\u00f3ricas que hoy nos pasan factura. As\u00ed, en este bicentenario se traza como un asunto pendiente y prioritario la inclusi\u00f3n y reconocimiento real de los pueblos originarios, plasmado en el principio de igualdad y no discriminaci\u00f3n.<\/p>\n<p>El Proyecto Especial Bicentenario reconoce como ejes fundamentales la integridad, la igualdad de oportunidades, el di\u00e1logo y reconciliaci\u00f3n, la sostenibilidad, la integraci\u00f3n y competitividad, y la identidad y diversidad.<\/p>\n<p>Debemos destacar que estos principios no pasan por una mera representaci\u00f3n o cuota de representaci\u00f3n pol\u00edtica o derechos de minor\u00edas a\u00fan visibilizadas, sino por un proceso de tolerancia y reconocimiento de que estas poblaciones son parte de nuestra sociedad, con los que convivimos y con quienes debemos vernos como semejantes unos a otros. Es necesario un derecho real de reconocimiento y ejercicio de derechos de los pueblos originarios.<\/p>","protected":false},"excerpt":{"rendered":"<p>Por: Oracio Pacori \u2013 Director Ejecutivo de DHSF En el bicentenario, principalmente mirando el interior del pa\u00eds, no reflexionar sobre los acontecimientos m\u00e1s visibles de la segunda vuelta electoral, plasmado en altos niveles de discriminaci\u00f3n, fluidos por mensajes de racismo y canalizados libremente por medios de comunicaci\u00f3n de los que tienen concentrados el control de [&hellip;]<\/p>\n","protected":false},"author":1,"featured_media":3541,"comment_status":"open","ping_status":"open","sticky":false,"template":"","format":"standard","meta":{"_monsterinsights_skip_tracking":false,"_monsterinsights_sitenote_active":false,"_monsterinsights_sitenote_note":"","_monsterinsights_sitenote_category":0,"_jetpack_memberships_contains_paid_content":false,"footnotes":"","jetpack_publicize_message":"","jetpack_publicize_feature_enabled":true,"jetpack_social_post_already_shared":false,"jetpack_social_options":{"image_generator_settings":{"template":"highway","default_image_id":0,"font":"","enabled":false},"version":2}},"categories":[1],"tags":[],"class_list":["post-3540","post","type-post","status-publish","format-standard","has-post-thumbnail","hentry","category-sin-categoria"],"blocksy_meta":[],"jetpack_publicize_connections":[],"jetpack_featured_media_url":"https:\/\/derechosinfronteras.pe\/wp-content\/uploads\/2021\/07\/EDITORIAL-ORACIO.jpg","jetpack_sharing_enabled":true,"jetpack_likes_enabled":true,"_links":{"self":[{"href":"https:\/\/derechosinfronteras.pe\/ingles\/wp-json\/wp\/v2\/posts\/3540","targetHints":{"allow":["GET"]}}],"collection":[{"href":"https:\/\/derechosinfronteras.pe\/ingles\/wp-json\/wp\/v2\/posts"}],"about":[{"href":"https:\/\/derechosinfronteras.pe\/ingles\/wp-json\/wp\/v2\/types\/post"}],"author":[{"embeddable":true,"href":"https:\/\/derechosinfronteras.pe\/ingles\/wp-json\/wp\/v2\/users\/1"}],"replies":[{"embeddable":true,"href":"https:\/\/derechosinfronteras.pe\/ingles\/wp-json\/wp\/v2\/comments?post=3540"}],"version-history":[{"count":0,"href":"https:\/\/derechosinfronteras.pe\/ingles\/wp-json\/wp\/v2\/posts\/3540\/revisions"}],"wp:featuredmedia":[{"embeddable":true,"href":"https:\/\/derechosinfronteras.pe\/ingles\/wp-json\/wp\/v2\/media\/3541"}],"wp:attachment":[{"href":"https:\/\/derechosinfronteras.pe\/ingles\/wp-json\/wp\/v2\/media?parent=3540"}],"wp:term":[{"taxonomy":"category","embeddable":true,"href":"https:\/\/derechosinfronteras.pe\/ingles\/wp-json\/wp\/v2\/categories?post=3540"},{"taxonomy":"post_tag","embeddable":true,"href":"https:\/\/derechosinfronteras.pe\/ingles\/wp-json\/wp\/v2\/tags?post=3540"}],"curies":[{"name":"wp","href":"https:\/\/api.w.org\/{rel}","templated":true}]}}