{"id":3542,"date":"2021-07-24T21:36:53","date_gmt":"2021-07-25T02:36:53","guid":{"rendered":"http:\/\/derechosinfronteras.pe\/?p=7638"},"modified":"2021-07-24T21:36:53","modified_gmt":"2021-07-25T02:36:53","slug":"corredor-vial-minero-del-sur-por-que-protestan-las-comunidades-campesinas-de-chumbivilcas","status":"publish","type":"post","link":"https:\/\/derechosinfronteras.pe\/ingles\/corredor-vial-minero-del-sur-por-que-protestan-las-comunidades-campesinas-de-chumbivilcas\/","title":{"rendered":"Corredor Vial Minero del Sur: \u00bfPor qu\u00e9 protestan las comunidades campesinas de Chumbivilcas?"},"content":{"rendered":"<p>Redacci\u00f3n DHSF<\/p>\n<p>El paro indefinido que acatan las comunidades campesinas originarias de la provincia de Chumbivilcas muestra, una vez m\u00e1s, la desidia del Estado por atender las demandas en el Corredor Vial Minero Sur.<\/p>\n<p>Esta medida de lucha inici\u00f3 el 23 de julio de 2021 para denunciar la continua afectaci\u00f3n a la propiedad por parte del Ministerio de Transportes y Comunicaciones (MTC) que arbitrariamente ha reclasificado las v\u00edas comunales temporales en v\u00eda nacional. Esta disposici\u00f3n beneficia el transporte de minerales de proyectos mineros.<\/p>\n<p>Como era de esperarse, esta reclasificaci\u00f3n ha generado reiterados conflictos socioambientales contra el MTC y las empresas mineras que usan las v\u00edas, generando afectaci\u00f3n e impactos sociales ambientales.<\/p>\n<p>En estos d\u00edas, las comunidades campesinas iniciaron la protesta social pacifica con una agenda de exigencia reivindicativa de derechos colectivos sobre la injusta reclasificaci\u00f3n de v\u00edas, espec\u00edficamente contra la Resoluci\u00f3n Ministerial 372-2018-MTC, que favorece el transporte minero, principalmente, de la empresa minera MMG Las Bambas.<\/p>\n<p>El MTC no ha realizado el proceso de consulta previa con las comunidades afectadas y a la fecha no ha adquirido la propiedad comunal para la carretera.<\/p>\n<p>Lamentablemente, este s\u00e1bado, la protesta social sobre el Corredor Vial Minero ha sido reprimida por la fuerza de la Polic\u00eda Nacional del Per\u00fa en la comunidad campesina de Huininquiri, distrito de Santo Tom\u00e1s, provincia de Chumbivilcas, que utiliz\u00f3 perdigones y bombas lacrim\u00f3genas que impactaron en el cuerpo de los y las manifestantes. Hasta el momento se desconoce el n\u00famero de heridos.<\/p>\n<figure id=\"attachment_7640\" aria-describedby=\"caption-attachment-7640\" style=\"width: 484px\" class=\"wp-caption alignnone\"><img fetchpriority=\"high\" decoding=\"async\" class=\"wp-image-7640 size-large\" src=\"http:\/\/derechosinfronteras.pe\/wp-content\/uploads\/2021\/07\/WhatsApp-Image-2021-07-24-at-7.59.33-PM-1-484x1024.jpeg\" alt=\"Polic\u00eda llegando a la comunidad de Huininquiri\" width=\"484\" height=\"1024\" \/><figcaption id=\"caption-attachment-7640\" class=\"wp-caption-text\">Polic\u00eda llegando a la comunidad de Huininquiri<\/figcaption><\/figure>\n<p>El Tribunal Constitucional peruano ya ha expresado como <em>derecho constitucional la protesta social<\/em> y los mecanismos para enfrentarla son los canales del di\u00e1logo con autoridades que atiendan con responsabilidad la problem\u00e1tica que demandan las comuneras y comuneros.<\/p>\n<p>La represi\u00f3n policial no soluciona el conflicto socioambiental, por el contrario, crea una mayor reacci\u00f3n\u00a0 que deja heridos y\/o v\u00edctimas mortales.<\/p>\n<figure id=\"attachment_7639\" aria-describedby=\"caption-attachment-7639\" style=\"width: 715px\" class=\"wp-caption alignnone\"><img decoding=\"async\" class=\"size-large wp-image-7639\" src=\"http:\/\/derechosinfronteras.pe\/wp-content\/uploads\/2021\/07\/WhatsApp-Image-2021-07-24-at-7.59.35-PM-1-768x1024.jpeg\" alt=\"Herido de la represi\u00f3n policial\" width=\"715\" height=\"953\" \/><figcaption id=\"caption-attachment-7639\" class=\"wp-caption-text\">Herido de la represi\u00f3n policial de esta tarde en la comunidad de Huininquiri.<\/figcaption><\/figure>\n<p>Nuestra instituci\u00f3n Derechos Humanos Sin Fronteras hace un llamado al presidente Francisco Sagasti para que atiende las demandas de las comunidades, asimismo alertamos a la Defensor\u00eda del Pueblo esta vulneraci\u00f3n de derechos humanos en pueblos originarios de Chumbivilcas.<\/p>\n<p>Convocamos a congresistas representantes por el Cusco a iniciar acciones para evitar una mayor violaci\u00f3n de derechos en el Corredor Vial Minero del Sur.<\/p>\n<p><strong>Dato<\/strong>. \u2013 En septiembre de 2019, el Organismo de Evaluaci\u00f3n y Fiscalizaci\u00f3n Ambiental (OEFA) ha ordenado que el Corredor Vial Minero sea incorporado en el Estudio de Impacto Ambiental del proyecto minero de Las Bambas.<\/p>\n<p>&nbsp;<\/p>","protected":false},"excerpt":{"rendered":"<p>Redacci\u00f3n DHSF El paro indefinido que acatan las comunidades campesinas originarias de la provincia de Chumbivilcas muestra, una vez m\u00e1s, la desidia del Estado por atender las demandas en el Corredor Vial Minero Sur. Esta medida de lucha inici\u00f3 el 23 de julio de 2021 para denunciar la continua afectaci\u00f3n a la propiedad por parte [&hellip;]<\/p>\n","protected":false},"author":1,"featured_media":3543,"comment_status":"open","ping_status":"open","sticky":false,"template":"","format":"standard","meta":{"_monsterinsights_skip_tracking":false,"_monsterinsights_sitenote_active":false,"_monsterinsights_sitenote_note":"","_monsterinsights_sitenote_category":0,"_jetpack_memberships_contains_paid_content":false,"footnotes":"","jetpack_publicize_message":"","jetpack_publicize_feature_enabled":true,"jetpack_social_post_already_shared":false,"jetpack_social_options":{"image_generator_settings":{"template":"highway","default_image_id":0,"font":"","enabled":false},"version":2}},"categories":[1],"tags":[],"class_list":["post-3542","post","type-post","status-publish","format-standard","has-post-thumbnail","hentry","category-sin-categoria"],"blocksy_meta":[],"jetpack_publicize_connections":[],"jetpack_featured_media_url":"https:\/\/derechosinfronteras.pe\/wp-content\/uploads\/2021\/07\/NOTA-COMUNIDADES.jpg","jetpack_sharing_enabled":true,"jetpack_likes_enabled":true,"_links":{"self":[{"href":"https:\/\/derechosinfronteras.pe\/ingles\/wp-json\/wp\/v2\/posts\/3542","targetHints":{"allow":["GET"]}}],"collection":[{"href":"https:\/\/derechosinfronteras.pe\/ingles\/wp-json\/wp\/v2\/posts"}],"about":[{"href":"https:\/\/derechosinfronteras.pe\/ingles\/wp-json\/wp\/v2\/types\/post"}],"author":[{"embeddable":true,"href":"https:\/\/derechosinfronteras.pe\/ingles\/wp-json\/wp\/v2\/users\/1"}],"replies":[{"embeddable":true,"href":"https:\/\/derechosinfronteras.pe\/ingles\/wp-json\/wp\/v2\/comments?post=3542"}],"version-history":[{"count":0,"href":"https:\/\/derechosinfronteras.pe\/ingles\/wp-json\/wp\/v2\/posts\/3542\/revisions"}],"wp:featuredmedia":[{"embeddable":true,"href":"https:\/\/derechosinfronteras.pe\/ingles\/wp-json\/wp\/v2\/media\/3543"}],"wp:attachment":[{"href":"https:\/\/derechosinfronteras.pe\/ingles\/wp-json\/wp\/v2\/media?parent=3542"}],"wp:term":[{"taxonomy":"category","embeddable":true,"href":"https:\/\/derechosinfronteras.pe\/ingles\/wp-json\/wp\/v2\/categories?post=3542"},{"taxonomy":"post_tag","embeddable":true,"href":"https:\/\/derechosinfronteras.pe\/ingles\/wp-json\/wp\/v2\/tags?post=3542"}],"curies":[{"name":"wp","href":"https:\/\/api.w.org\/{rel}","templated":true}]}}