{"id":3544,"date":"2021-07-20T20:25:23","date_gmt":"2021-07-21T01:25:23","guid":{"rendered":"http:\/\/derechosinfronteras.pe\/?p=7630"},"modified":"2021-07-20T20:25:23","modified_gmt":"2021-07-21T01:25:23","slug":"organizaciones-sociales-de-espinar-envian-memorial-ante-ultimos-casos-de-asesinatos","status":"publish","type":"post","link":"https:\/\/derechosinfronteras.pe\/ingles\/organizaciones-sociales-de-espinar-envian-memorial-ante-ultimos-casos-de-asesinatos\/","title":{"rendered":"Organizaciones sociales de Espinar env\u00edan memorial ante \u00faltimos casos de asesinatos"},"content":{"rendered":"<p>Redacci\u00f3n DHSF<\/p>\n<p>Los representantes de las diferentes organizaciones sociales de base de la provincia de Espinar suscribieron un memorial para exigir a las instituciones del Estado cumplir con sus funciones e investigar el caso de tres j\u00f3venes encontrados sin vida en el r\u00edo Ca\u00f1ip\u00eda y el de una mujer, identificada como Genoveva K\u2019ana Huillca, cuyo cuerpo fue hallado en el r\u00edo Apur\u00edmac.<\/p>\n<p>Dicho memorial recoge puntos importantes como:<\/p>\n<ol>\n<li>La reinstalaci\u00f3n de la \u201cMesa de Concertaci\u00f3n de Lucha Contra la Violencia a la Mujer en Espinar\u201d, donde el alcalde deber\u00eda convocar, reinstalar y comprometer a las diferentes instituciones p\u00fablicas y privadas y organizaciones sociales que trabajan por la erradicaci\u00f3n de la violencia contra la mujer.<\/li>\n<li>Solicitar a la ministra de la Mujer y Poblaciones Vulnerables, Silvia Loli Espinoza, el informe de seguimiento de la investigaci\u00f3n realizada por el Ministerio P\u00fablico de los cuatro casos ya mencionados. Piden brindar las facilidades y la protecci\u00f3n a las v\u00edctimas que sufren alg\u00fan tipo de violencia y amenazas a causa de sus denuncias.<\/li>\n<li>Exigen que la Corte Superior de Justicia de Cusco investigue el accionar de los jueces de Espinar.<\/li>\n<li>Investigaci\u00f3n a polic\u00edas que omiten funciones para favorecer a los implicados en casos de delitos, cobran coimas y silencian las denuncias.<\/li>\n<li>Solicitan que la Junta de Fiscales del Cusco inicie con las indagaciones de los casos denunciados que son de conocimiento p\u00fablico.<\/li>\n<li>Solicitan que la Municipalidad de Espinar realice la fiscalizaci\u00f3n a los diferentes discotecas, karaokes y lugares donde se expenden bebidas alcoh\u00f3licas.<\/li>\n<\/ol>\n<p>Respecto a la situaci\u00f3n de la violencia contra la mujer en la provincia de Espinar, Ibeth Carlos Quispe, integrante de la Federaci\u00f3n de Estudiantes Espinarenses del Cusco, mencion\u00f3 que hay autoridades que no ponen atenci\u00f3n a las denuncias que realizan las mujeres. \u201cTienen que sentir las l\u00e1grimas o\u00a0 las mujeres tienen que hacer algo para conmoverlos para poner la denuncia. Las entidades encargadas no act\u00faan r\u00e1pidamente, lamentablemente no hay una acci\u00f3n directa y esperan que algo suceda para reaccionar\u201d, declar\u00f3.<\/p>\n<p>Vale precisar que el memorial fue dirigido a la presidenta de la Corte Superior de Justicia de Cusco, ministra de la Mujer y Poblaciones Vulnerables, ministro del Interior, presidente de la Junta de Fiscales Superiores del Cusco y alcalde provincial de Espinar.<\/p>\n<p><img fetchpriority=\"high\" decoding=\"async\" class=\"wp-image-7633 aligncenter\" src=\"http:\/\/derechosinfronteras.pe\/wp-content\/uploads\/2021\/07\/CamScanner-07-20-2021-14.01_page-0001-724x1024.jpg\" alt=\"\" width=\"516\" height=\"730\" \/><\/p>\n<p><img decoding=\"async\" class=\"wp-image-7635 aligncenter\" src=\"http:\/\/derechosinfronteras.pe\/wp-content\/uploads\/2021\/07\/CamScanner-07-20-2021-14.01_page-0002-724x1024.jpg\" alt=\"\" width=\"545\" height=\"771\" \/><\/p>","protected":false},"excerpt":{"rendered":"<p>Redacci\u00f3n DHSF Los representantes de las diferentes organizaciones sociales de base de la provincia de Espinar suscribieron un memorial para exigir a las instituciones del Estado cumplir con sus funciones e investigar el caso de tres j\u00f3venes encontrados sin vida en el r\u00edo Ca\u00f1ip\u00eda y el de una mujer, identificada como Genoveva K\u2019ana Huillca, cuyo [&hellip;]<\/p>\n","protected":false},"author":1,"featured_media":3545,"comment_status":"open","ping_status":"open","sticky":false,"template":"","format":"standard","meta":{"_monsterinsights_skip_tracking":false,"_monsterinsights_sitenote_active":false,"_monsterinsights_sitenote_note":"","_monsterinsights_sitenote_category":0,"_jetpack_memberships_contains_paid_content":false,"footnotes":"","jetpack_publicize_message":"","jetpack_publicize_feature_enabled":true,"jetpack_social_post_already_shared":false,"jetpack_social_options":{"image_generator_settings":{"template":"highway","default_image_id":0,"font":"","enabled":false},"version":2}},"categories":[1],"tags":[],"class_list":["post-3544","post","type-post","status-publish","format-standard","has-post-thumbnail","hentry","category-sin-categoria"],"blocksy_meta":[],"jetpack_publicize_connections":[],"jetpack_featured_media_url":"https:\/\/derechosinfronteras.pe\/wp-content\/uploads\/2021\/07\/memorial.jpg","jetpack_sharing_enabled":true,"jetpack_likes_enabled":true,"_links":{"self":[{"href":"https:\/\/derechosinfronteras.pe\/ingles\/wp-json\/wp\/v2\/posts\/3544","targetHints":{"allow":["GET"]}}],"collection":[{"href":"https:\/\/derechosinfronteras.pe\/ingles\/wp-json\/wp\/v2\/posts"}],"about":[{"href":"https:\/\/derechosinfronteras.pe\/ingles\/wp-json\/wp\/v2\/types\/post"}],"author":[{"embeddable":true,"href":"https:\/\/derechosinfronteras.pe\/ingles\/wp-json\/wp\/v2\/users\/1"}],"replies":[{"embeddable":true,"href":"https:\/\/derechosinfronteras.pe\/ingles\/wp-json\/wp\/v2\/comments?post=3544"}],"version-history":[{"count":0,"href":"https:\/\/derechosinfronteras.pe\/ingles\/wp-json\/wp\/v2\/posts\/3544\/revisions"}],"wp:featuredmedia":[{"embeddable":true,"href":"https:\/\/derechosinfronteras.pe\/ingles\/wp-json\/wp\/v2\/media\/3545"}],"wp:attachment":[{"href":"https:\/\/derechosinfronteras.pe\/ingles\/wp-json\/wp\/v2\/media?parent=3544"}],"wp:term":[{"taxonomy":"category","embeddable":true,"href":"https:\/\/derechosinfronteras.pe\/ingles\/wp-json\/wp\/v2\/categories?post=3544"},{"taxonomy":"post_tag","embeddable":true,"href":"https:\/\/derechosinfronteras.pe\/ingles\/wp-json\/wp\/v2\/tags?post=3544"}],"curies":[{"name":"wp","href":"https:\/\/api.w.org\/{rel}","templated":true}]}}