{"id":3546,"date":"2021-07-15T19:51:10","date_gmt":"2021-07-16T00:51:10","guid":{"rendered":"http:\/\/derechosinfronteras.pe\/?p=7627"},"modified":"2021-07-15T19:51:10","modified_gmt":"2021-07-16T00:51:10","slug":"espinar-continuan-capacitaciones-en-comunidades-afectadas-por-contaminacion-para-exigir-al-minsa-y-la-geresa-de-cusco-el-cumplimiento-de-la-sentencia","status":"publish","type":"post","link":"https:\/\/derechosinfronteras.pe\/ingles\/espinar-continuan-capacitaciones-en-comunidades-afectadas-por-contaminacion-para-exigir-al-minsa-y-la-geresa-de-cusco-el-cumplimiento-de-la-sentencia\/","title":{"rendered":"Espinar: Contin\u00faan capacitaciones en comunidades afectadas por contaminaci\u00f3n para exigir al MINSA y la GERESA de Cusco el cumplimiento de la Sentencia."},"content":{"rendered":"<p>El lunes 5 y viernes 9 de julio del presente a\u00f1o, las Comunidades Originarias de Alto Huancan\u00e9, el Frente \u00danico de Defensa de los Intereses de Espinar \u2013 FUDIE, la Asociaci\u00f3n de Urbanizaciones y Pueblos J\u00f3venes de Espinar \u2013 AUPE, la Asociaci\u00f3n para la Defensa de Pacpacco Afectada por la Miner\u00eda \u2013 ADEPAMI se reunieron para analizar la sentencia, las posibilidades de acci\u00f3n posteriores y con ello plantear sus observaciones al Plan de Atenci\u00f3n de Salud elaborado por la Gerencia Regional de Salud \u2013 GERESA Cusco.<\/p>\n<p>En el marco del cumplimiento de la Sentencia, los representantes plantearon la necesidad de exigir una pronta atenci\u00f3n integral de salud, para las personas que han sido afectadas con metales pesados y metaloides.<\/p>\n<p>Los demandantes plantearon su preocupaci\u00f3n por la actual implementaci\u00f3n del Plan de Atenci\u00f3n de Salud que viene desarrollando la GERESA Cusco, pues su elaboraci\u00f3n no fue participativa, su aprobaci\u00f3n no fue notificada a los demandantes a pesar de haberse culminado en marzo de 2021, la prestaci\u00f3n de servicios no responde a las exigencias establecidas en la sentencia y el inicio de actividades no se socializ\u00f3 en las comunidades ni con los demandantes. Respecto al Plan de Atenci\u00f3n, una de las principales preocupaciones planteada por los representantes fue la necesidad de identificar las fuentes y formas de contaminaci\u00f3n por metales que los est\u00e1n afectando.<\/p>\n<p>Adicionalmente, han dado a conocer que se ha solicitado informe a la Municipalidad, sin respuesta alguna, acerca de la aprobaci\u00f3n del Plan:<\/p>\n<p>&nbsp;<\/p>\n<p>\u201c<em>Se ha pedido un informe y apoyo a la Municipalidad Provincial<br \/>\n[sobre el Plan de Acci\u00f3n], pero no hemos tenido una respuesta<br \/>\npositiva al respecto<\/em>\u201d \u2013 <em>FUDIE, Espinar<\/em><\/p>\n<p>&nbsp;<\/p>\n<p>Como parte de las reuniones, los demandantes tambi\u00e9n recalcaron la problem\u00e1tica en salud que vienen enfrentando a causa de la contaminaci\u00f3n por metales pesados y metaloides, que los hace altamente vulnerables ante la pandemia de Covid 19.<\/p>\n<p>&nbsp;<\/p>\n<p><em>\u201cLa comunidad de Alto Huancan\u00e9 seguimos padeciendo con metales pesados [\u2026] nuestros cuerpos est\u00e1n afectados, nuestros pulmones est\u00e1n totalmente contaminados y es lo que m\u00e1s afecta el Covid 19 [\u2026]otras enfermedades vienen y nos atacan m\u00e1s f\u00e1cil\u00bb<br \/>\nRepresentante de ADEPAMI.\u00a0<\/em><\/p>\n<p>&nbsp;<\/p>\n<p>Recordemos que, en enero de 2021<a href=\"#_ftn1\" name=\"_ftnref1\">[1]<\/a>, el Poder Judicial confirm\u00f3 la sentencia que ordena al MINSA y la GERESA de Cusco atender a la poblaci\u00f3n afectada por metales pesados en Espinar. La cual ordena la elaboraci\u00f3n de un Plan de Atenci\u00f3n, el monitoreo constante de los est\u00e1ndares de salubridad del agua y se ejecute un programa de asistencia y atenci\u00f3n en salubridad a la poblaci\u00f3n de Yauri Espinar, en especial a los ni\u00f1os, ni\u00f1as, madres gestantes y adultos mayores, a efectos de identificar a las personas que pudieran sido afectadas por las consecuencias de la contaminaci\u00f3n por metales pesados y brindarles atenci\u00f3n m\u00e9dica pertinente.<\/p>\n<p>Hasta el momento los demandantes no han sido notificadas de los avances que ha realizado la GERESA por lo que se ha solicitado al Juez Supernumerario del Juzgado Mixto de Espinar, Hugo Guevara Flores, se realice la Audiencia de Ejecuci\u00f3n de Sentencia. Con esta medida, se espera que las comunidades demandantes obtengan un Plan de Atenci\u00f3n Integral de Salud participativo que responda a sus necesidades y demandas en salud.<\/p>\n<p><a href=\"#_ftnref1\" name=\"_ftn1\">[1]<\/a> Referencias por organizaci\u00f3n:<\/p>\n<p>CooperAcci\u00f3n, \u201cComunidades campesinas le ganan otra batalla judicial al MINSA\u201d, 2021. Recuperado de: <a href=\"http:\/\/cooperaccion.org.pe\/comunidades-campesinas-le-ganan-otra-batalla-judicial-al-minsa\/\" target=\"_blank\" rel=\"noopener\">http:\/\/cooperaccion.org.pe\/comunidades-campesinas-le-ganan-otra-batalla-judicial-al-minsa\/<\/a><\/p>\n<p>DHSF, \u201cEspinar: Sentencia que ordena al MINSA a atender personas con m\u00e9tales t\u00f3xicos es un precedente social y jur\u00eddico\u201d, 2021. Recuperado de: <a href=\"https:\/\/derechosinfronteras.pe\/espinar-sentencia-que-ordena-al-minsa-a-atender-personas-con-metales-toxicos-es-un-precedente-social-y-juridico\/\">https:\/\/derechosinfronteras.pe\/espinar-sentencia-que-ordena-al-minsa-a-atender-personas-con-metales-toxicos-es-un-precedente-social-y-juridico\/<\/a><\/p>\n<p>IDL, \u201cComunidades campesinas de Espinar le ganan otra batalla judicial al MINSA\u201d, 2021. Recuperado de: <a href=\"https:\/\/www.idl.org.pe\/comunidades-campesinas-de-espinar-le-ganan-otra-batalla-judicial-al-minsa\/\" target=\"_blank\" rel=\"noopener\">https:\/\/www.idl.org.pe\/comunidades-campesinas-de-espinar-le-ganan-otra-batalla-judicial-al-minsa\/<\/a><\/p>\n","protected":false},"excerpt":{"rendered":"<p>El lunes 5 y viernes 9 de julio del presente a\u00f1o, las Comunidades Originarias de Alto Huancan\u00e9, el Frente \u00danico de Defensa de los Intereses de Espinar \u2013 FUDIE, la Asociaci\u00f3n de Urbanizaciones y Pueblos J\u00f3venes de Espinar \u2013 AUPE, la Asociaci\u00f3n para la Defensa de Pacpacco Afectada por la Miner\u00eda \u2013 ADEPAMI se reunieron [&hellip;]<\/p>\n","protected":false},"author":1,"featured_media":3547,"comment_status":"open","ping_status":"open","sticky":false,"template":"","format":"standard","meta":{"_monsterinsights_skip_tracking":false,"_monsterinsights_sitenote_active":false,"_monsterinsights_sitenote_note":"","_monsterinsights_sitenote_category":0,"_jetpack_memberships_contains_paid_content":false,"footnotes":"","jetpack_publicize_message":"","jetpack_publicize_feature_enabled":true,"jetpack_social_post_already_shared":false,"jetpack_social_options":{"image_generator_settings":{"template":"highway","default_image_id":0,"font":"","enabled":false},"version":2}},"categories":[1],"tags":[],"class_list":["post-3546","post","type-post","status-publish","format-standard","has-post-thumbnail","hentry","category-sin-categoria"],"blocksy_meta":[],"jetpack_publicize_connections":[],"jetpack_featured_media_url":"https:\/\/derechosinfronteras.pe\/wp-content\/uploads\/2021\/07\/CAPACITACION.jpg","jetpack_sharing_enabled":true,"jetpack_likes_enabled":true,"_links":{"self":[{"href":"https:\/\/derechosinfronteras.pe\/ingles\/wp-json\/wp\/v2\/posts\/3546","targetHints":{"allow":["GET"]}}],"collection":[{"href":"https:\/\/derechosinfronteras.pe\/ingles\/wp-json\/wp\/v2\/posts"}],"about":[{"href":"https:\/\/derechosinfronteras.pe\/ingles\/wp-json\/wp\/v2\/types\/post"}],"author":[{"embeddable":true,"href":"https:\/\/derechosinfronteras.pe\/ingles\/wp-json\/wp\/v2\/users\/1"}],"replies":[{"embeddable":true,"href":"https:\/\/derechosinfronteras.pe\/ingles\/wp-json\/wp\/v2\/comments?post=3546"}],"version-history":[{"count":0,"href":"https:\/\/derechosinfronteras.pe\/ingles\/wp-json\/wp\/v2\/posts\/3546\/revisions"}],"wp:featuredmedia":[{"embeddable":true,"href":"https:\/\/derechosinfronteras.pe\/ingles\/wp-json\/wp\/v2\/media\/3547"}],"wp:attachment":[{"href":"https:\/\/derechosinfronteras.pe\/ingles\/wp-json\/wp\/v2\/media?parent=3546"}],"wp:term":[{"taxonomy":"category","embeddable":true,"href":"https:\/\/derechosinfronteras.pe\/ingles\/wp-json\/wp\/v2\/categories?post=3546"},{"taxonomy":"post_tag","embeddable":true,"href":"https:\/\/derechosinfronteras.pe\/ingles\/wp-json\/wp\/v2\/tags?post=3546"}],"curies":[{"name":"wp","href":"https:\/\/api.w.org\/{rel}","templated":true}]}}