{"id":3548,"date":"2021-07-15T15:38:58","date_gmt":"2021-07-15T20:38:58","guid":{"rendered":"http:\/\/derechosinfronteras.pe\/?p=7615"},"modified":"2021-07-15T15:38:58","modified_gmt":"2021-07-15T20:38:58","slug":"comunidades-de-pacopata-y-huini-coroccohuayco-emplazan-al-presidente-sagasti-reparacion-de-danos-generados-por-antapaccay","status":"publish","type":"post","link":"https:\/\/derechosinfronteras.pe\/ingles\/comunidades-de-pacopata-y-huini-coroccohuayco-emplazan-al-presidente-sagasti-reparacion-de-danos-generados-por-antapaccay\/","title":{"rendered":"Comunidades de Espinar emplazan al presidente Sagasti reparaci\u00f3n de da\u00f1os generados por minera"},"content":{"rendered":"<p class=\"MsoNormal\">Redacci\u00f3n DHSF<\/p>\n<p class=\"MsoNormal\" style=\"text-align: justify;\">Las comunidades de Pacopata y Huini Coroccohuayco, que forman parte del territorio de expansi\u00f3n minera Coroccohuayco de la Unidad Minera Antapaccay, enviaron una carta p\u00fablica al presidente de la Rep\u00fablica, Francisco Sagasti, para exponer sus preocupaciones y demandas en torno a los da\u00f1os generados por las actividades extractivas.<\/p>\n<p class=\"MsoNormal\" style=\"text-align: justify;\">Ambas comunidades, ubicadas en la provincia de Espinar, explicaron en ocho puntos esta situaci\u00f3n en la misiva, la cual fue publicada en un medio nacional ayer, un d\u00eda antes de la fecha del t\u00e9rmino de la vigencia de la Comisi\u00f3n Multisectorial encargada de evaluar los posibles da\u00f1os y afectaciones en esos territorios.<\/p>\n<p class=\"MsoNormal\" style=\"text-align: justify;\">Coincidentemente, tras la difusi\u00f3n de dicho documento, a trav\u00e9s de Resoluci\u00f3n Ministerial n.\u00ba 146-2021-PCM, la Presidencia del Consejo de Ministros orden\u00f3 hoy la ampliaci\u00f3n de la vigencia de la Comisi\u00f3n Multisectorial hasta el 4 de octubre en el \u00e1mbito de las comunidades originarias de Huano Huano, Huini Coroccohuayco, Pacopata, Alto Huancan\u00e9, Huancan\u00e9 Bajo, Tintaya Marquiri, Alto Huarca, Cala Cala, Huarca, Suero y Cama, Huisa Ccollana, Huisa y Anta Ccollana de la provincia de Espinar, y el plan de reparaciones.<\/p>\n<p class=\"MsoNormal\" style=\"text-align: justify;\">A continuaci\u00f3n, los 8 puntos que demandan las comunidades: <span style=\"mso-spacerun: yes;\">\u00a0<\/span><\/p>\n<figure id=\"attachment_7623\" aria-describedby=\"caption-attachment-7623\" style=\"width: 715px\" class=\"wp-caption alignnone\"><img fetchpriority=\"high\" decoding=\"async\" class=\"size-large wp-image-7623\" src=\"http:\/\/derechosinfronteras.pe\/wp-content\/uploads\/2021\/07\/la-republica-2021-07-15_7_page-0001-1024x697.jpg\" alt=\"\" width=\"715\" height=\"487\" \/><figcaption id=\"caption-attachment-7623\" class=\"wp-caption-text\">Carta p\u00fablica<\/figcaption><\/figure>\n<p class=\"MsoNormal\" style=\"text-align: justify;\">El presidente de la comunidad de Pacopata, Felipe K\u2019ana Chuctaya, mencion\u00f3 que esperan que el Estado escuche las demandas y asuma su responsabilidad de reparar a las personas afectadas. \u201cEs el Estado quien autoriza a las empresas mineras (que ingresen a nuestros territorios)\u00bb, dijo.<\/p>\n<p class=\"MsoNormal\" style=\"text-align: justify;\">Por su parte, el presidente de la comunidad de Huini Coroccohuayco, Laureano Saico Saico, declar\u00f3 lo siguiente: \u201cEllos autorizan, pero nunca reconocen los da\u00f1os y las afectaciones. Esperamos que reconozcan sus errores, queremos una respuesta por parte del Estado, \u00bfc\u00f3mo nos van a atender?, \u00bfvamos a seguir as\u00ed, \u00bfseguir\u00e1n dando firmas sin que nos tomen en cuenta?\u201d.<\/p>\n<p class=\"MsoNormal\" style=\"text-align: justify;\">Vale precisar que el pr\u00f3ximo gobierno tendr\u00e1 que resolver estas demandas pendientes de las comunidades cuyos habitantes exigen el respeto de sus derechos y una reparaci\u00f3n digna, justa e integral tras d\u00e9cadas de explotaci\u00f3n minera, donde ahora se abre un nuevo proceso con la ampliaci\u00f3n de Coroccohuayco.<\/p>","protected":false},"excerpt":{"rendered":"<p>Redacci\u00f3n DHSF Las comunidades de Pacopata y Huini Coroccohuayco, que forman parte del territorio de expansi\u00f3n minera Coroccohuayco de la Unidad Minera Antapaccay, enviaron una carta p\u00fablica al presidente de la Rep\u00fablica, Francisco Sagasti, para exponer sus preocupaciones y demandas en torno a los da\u00f1os generados por las actividades extractivas. Ambas comunidades, ubicadas en la [&hellip;]<\/p>\n","protected":false},"author":1,"featured_media":3549,"comment_status":"open","ping_status":"open","sticky":false,"template":"","format":"standard","meta":{"_monsterinsights_skip_tracking":false,"_monsterinsights_sitenote_active":false,"_monsterinsights_sitenote_note":"","_monsterinsights_sitenote_category":0,"_jetpack_memberships_contains_paid_content":false,"footnotes":"","jetpack_publicize_message":"","jetpack_publicize_feature_enabled":true,"jetpack_social_post_already_shared":false,"jetpack_social_options":{"image_generator_settings":{"template":"highway","default_image_id":0,"font":"","enabled":false},"version":2}},"categories":[1],"tags":[],"class_list":["post-3548","post","type-post","status-publish","format-standard","has-post-thumbnail","hentry","category-sin-categoria"],"blocksy_meta":[],"jetpack_publicize_connections":[],"jetpack_featured_media_url":"https:\/\/derechosinfronteras.pe\/wp-content\/uploads\/2021\/07\/NOTICIAS-VIGENCIA-REPARACION.jpg","jetpack_sharing_enabled":true,"jetpack_likes_enabled":true,"_links":{"self":[{"href":"https:\/\/derechosinfronteras.pe\/ingles\/wp-json\/wp\/v2\/posts\/3548","targetHints":{"allow":["GET"]}}],"collection":[{"href":"https:\/\/derechosinfronteras.pe\/ingles\/wp-json\/wp\/v2\/posts"}],"about":[{"href":"https:\/\/derechosinfronteras.pe\/ingles\/wp-json\/wp\/v2\/types\/post"}],"author":[{"embeddable":true,"href":"https:\/\/derechosinfronteras.pe\/ingles\/wp-json\/wp\/v2\/users\/1"}],"replies":[{"embeddable":true,"href":"https:\/\/derechosinfronteras.pe\/ingles\/wp-json\/wp\/v2\/comments?post=3548"}],"version-history":[{"count":0,"href":"https:\/\/derechosinfronteras.pe\/ingles\/wp-json\/wp\/v2\/posts\/3548\/revisions"}],"wp:featuredmedia":[{"embeddable":true,"href":"https:\/\/derechosinfronteras.pe\/ingles\/wp-json\/wp\/v2\/media\/3549"}],"wp:attachment":[{"href":"https:\/\/derechosinfronteras.pe\/ingles\/wp-json\/wp\/v2\/media?parent=3548"}],"wp:term":[{"taxonomy":"category","embeddable":true,"href":"https:\/\/derechosinfronteras.pe\/ingles\/wp-json\/wp\/v2\/categories?post=3548"},{"taxonomy":"post_tag","embeddable":true,"href":"https:\/\/derechosinfronteras.pe\/ingles\/wp-json\/wp\/v2\/tags?post=3548"}],"curies":[{"name":"wp","href":"https:\/\/api.w.org\/{rel}","templated":true}]}}