{"id":3550,"date":"2021-07-05T18:25:32","date_gmt":"2021-07-05T23:25:32","guid":{"rendered":"http:\/\/derechosinfronteras.pe\/?p=7609"},"modified":"2021-07-05T18:25:32","modified_gmt":"2021-07-05T23:25:32","slug":"gremios-de-cusco-se-suman-a-marcha-por-la-proclamacion-de-pedro-castillo","status":"publish","type":"post","link":"https:\/\/derechosinfronteras.pe\/ingles\/gremios-de-cusco-se-suman-a-marcha-por-la-proclamacion-de-pedro-castillo\/","title":{"rendered":"Gremios de Cusco se suman a marcha por la proclamaci\u00f3n de Pedro Castillo"},"content":{"rendered":"<p>Redacci\u00f3n DHSF<\/p>\n<p>Cuatro organizaciones sociales de base decidieron sumarse al paro nacional c\u00edvico popular, convocado para las 4 de la tarde de ma\u00f1ana, para exigir la proclamaci\u00f3n de Pedro Castillo Terrones como presidente de la Rep\u00fablica.<\/p>\n<p>La Federaci\u00f3n Departamental de Trabajadores (FDTC), la Federaci\u00f3n Departamental de Campesinos (FDCC), la Federaci\u00f3n Agraria Revolucionaria T\u00fapac Amaru (Fartac) y la Asamblea Regional de J\u00f3venes (Arejo) consideran que hay un excesivo retraso de los organismos electorales para entregar las credenciales a las nuevas autoridades.<\/p>\n<p>No hay que olvidar que, seg\u00fan el conteo al 100% de la Oficina Nacional de Procesos Electorales (ONPE), la segunda vuelta electoral la gan\u00f3 el candidato de Per\u00fa Libre, Pedro Castillo, con una diferencia de m\u00e1s de 40.000 votos frente a la postulante de Fuerza Popular, Keiko Fujimori.<\/p>\n<p>La concentraci\u00f3n en Cusco ser\u00e1 en la plazoleta Limacpampa Grande, desde donde empezar\u00e1 la movilizaci\u00f3n al centro de la Ciudad Imperial.<\/p>\n<p>El secretario de organizaci\u00f3n de la FDTC, Juan Cancio Currillo, sostuvo que la marcha tambi\u00e9n busca exigir a Fujimori que acepte su derrota y deje de impulsar acciones legales y administrativas para retrasar la proclamaci\u00f3n de Castillo.<\/p>\n<p>As\u00ed como en la ciudad del Cusco, los gremios y organizaciones de las provincias que integran el Corredor Minero del Sur cumplir\u00e1n la jornada c\u00edvica. El dirigente de este territorio, Luciano Ataucuri, confirm\u00f3 la participaci\u00f3n de las bases de la Federaci\u00f3n Interprovincial de Defensa Territorial y de Ambiente de Cotabambas \u2013 Chumbivilcas \u2013 Espinar \u2013 Paruro y Grau (FIDTACCHEPG). Las organizaciones sociales de mujeres tambi\u00e9n anunciaron que apoyar\u00e1n esta medida desde sus territorios.<\/p>","protected":false},"excerpt":{"rendered":"<p>Redacci\u00f3n DHSF Cuatro organizaciones sociales de base decidieron sumarse al paro nacional c\u00edvico popular, convocado para las 4 de la tarde de ma\u00f1ana, para exigir la proclamaci\u00f3n de Pedro Castillo Terrones como presidente de la Rep\u00fablica. La Federaci\u00f3n Departamental de Trabajadores (FDTC), la Federaci\u00f3n Departamental de Campesinos (FDCC), la Federaci\u00f3n Agraria Revolucionaria T\u00fapac Amaru (Fartac) [&hellip;]<\/p>\n","protected":false},"author":1,"featured_media":3551,"comment_status":"open","ping_status":"open","sticky":false,"template":"","format":"standard","meta":{"_monsterinsights_skip_tracking":false,"_monsterinsights_sitenote_active":false,"_monsterinsights_sitenote_note":"","_monsterinsights_sitenote_category":0,"_jetpack_memberships_contains_paid_content":false,"footnotes":"","jetpack_publicize_message":"","jetpack_publicize_feature_enabled":true,"jetpack_social_post_already_shared":false,"jetpack_social_options":{"image_generator_settings":{"template":"highway","default_image_id":0,"font":"","enabled":false},"version":2}},"categories":[1],"tags":[],"class_list":["post-3550","post","type-post","status-publish","format-standard","has-post-thumbnail","hentry","category-sin-categoria"],"blocksy_meta":[],"jetpack_publicize_connections":[],"jetpack_featured_media_url":"https:\/\/derechosinfronteras.pe\/wp-content\/uploads\/2021\/07\/FOTO-MARCHA-PEDRO-CASTILLO.jpg","jetpack_sharing_enabled":true,"jetpack_likes_enabled":true,"_links":{"self":[{"href":"https:\/\/derechosinfronteras.pe\/ingles\/wp-json\/wp\/v2\/posts\/3550","targetHints":{"allow":["GET"]}}],"collection":[{"href":"https:\/\/derechosinfronteras.pe\/ingles\/wp-json\/wp\/v2\/posts"}],"about":[{"href":"https:\/\/derechosinfronteras.pe\/ingles\/wp-json\/wp\/v2\/types\/post"}],"author":[{"embeddable":true,"href":"https:\/\/derechosinfronteras.pe\/ingles\/wp-json\/wp\/v2\/users\/1"}],"replies":[{"embeddable":true,"href":"https:\/\/derechosinfronteras.pe\/ingles\/wp-json\/wp\/v2\/comments?post=3550"}],"version-history":[{"count":0,"href":"https:\/\/derechosinfronteras.pe\/ingles\/wp-json\/wp\/v2\/posts\/3550\/revisions"}],"wp:featuredmedia":[{"embeddable":true,"href":"https:\/\/derechosinfronteras.pe\/ingles\/wp-json\/wp\/v2\/media\/3551"}],"wp:attachment":[{"href":"https:\/\/derechosinfronteras.pe\/ingles\/wp-json\/wp\/v2\/media?parent=3550"}],"wp:term":[{"taxonomy":"category","embeddable":true,"href":"https:\/\/derechosinfronteras.pe\/ingles\/wp-json\/wp\/v2\/categories?post=3550"},{"taxonomy":"post_tag","embeddable":true,"href":"https:\/\/derechosinfronteras.pe\/ingles\/wp-json\/wp\/v2\/tags?post=3550"}],"curies":[{"name":"wp","href":"https:\/\/api.w.org\/{rel}","templated":true}]}}