{"id":3554,"date":"2021-06-23T16:49:33","date_gmt":"2021-06-23T21:49:33","guid":{"rendered":"http:\/\/derechosinfronteras.pe\/?p=7588"},"modified":"2021-06-23T16:49:33","modified_gmt":"2021-06-23T21:49:33","slug":"lideres-y-lideresas-de-espinar-y-chumbivilcas-se-manifiestan-frente-a-la-incertidumbre-electoral","status":"publish","type":"post","link":"https:\/\/derechosinfronteras.pe\/ingles\/lideres-y-lideresas-de-espinar-y-chumbivilcas-se-manifiestan-frente-a-la-incertidumbre-electoral\/","title":{"rendered":"L\u00edderes y lideresas de Espinar y Chumbivilcas se manifiestan frente a la incertidumbre electoral"},"content":{"rendered":"<p>Redacci\u00f3n DHSF<\/p>\n<p>La polarizaci\u00f3n se agudiza en el pa\u00eds debido a campa\u00f1as medi\u00e1ticas de desinformaci\u00f3n, personajes pol\u00edticos de derecha que desconocen los resultados de la segunda vuelta y a la estrategia de Keiko Fujimori que busca anular m\u00e1s de 200 mil votos, pero \u00bfc\u00f3mo afecta esta situaci\u00f3n a las provincias altas de la regi\u00f3n del Cusco?<\/p>\n<p>\u201cMe siento indignada con esta actitud, esta situaci\u00f3n es lamentable, sentimos que creen que somos de su propiedad privada, no nos respetan. Nosotros ya no queremos saber nada\u201d, manifest\u00f3 Beatriz Rayan Sibana, presidenta de las Defensor\u00edas Comunitarias Kusy Q\u2019oyllur, quien a su vez indic\u00f3 que, de no respetarse los votos rurales, se tomar\u00e1 el corredor minero en defensa de \u201clos votos que quieren robar\u201d.<\/p>\n<p>Para ello se han reunido de forma virtual parte del magisterio y las diferentes organizaciones sociales de base de Chumbivilcas para decidir medidas frente a ello como protestas y pronunciamientos para que su derecho no siga siendo vulnerado.<\/p>\n<p>\u201cNosotros del campo nos sentimos totalmente indignados, no hay nadie quien nos haga respetar nuestros derechos y lo que se expende en el mercado sube. Sin embargo, a nosotros del campo no nos alcanza para nada. Y ahora Espinar est\u00e1 en nivel de alerta extrema (por la nueva variante del coronavirus)\u201d, indic\u00f3 Roger Paccotacya Huarca, secretario general de la Federaci\u00f3n Unificada de Campesinos de Espinar.<\/p>\n<p>En las actas contabilizadas al 100%, la candidata de Fuerza Popular obtuvo 49. 875%; mientras que, Pedro Castillo alcanz\u00f3 50.125% de votos. Esto equivale a una diferencia de 44 058 votos entre ambos candidatos. El candidato de Per\u00fa Libre consigui\u00f3 el 96.458% y 92.212% de los votos de las provincias de Chumbivilcas y Espinar, respectivamente. Este es uno de los ejemplos donde el respaldo a Pedro Castillo en las urnas fue arrasador.<\/p>\n<p>Tras conocerse este resultado, la hija de Alberto Fujimori, quien firm\u00f3 varios pactos democr\u00e1ticos en campa\u00f1a, interpuso solicitudes de nulidad en Arequipa, \u00c1ncash, Cajamarca, Moquegua, Pasco, Cusco y Huancavelica, bajo la sospecha de \u201cfraude electoral\u201d sin pruebas. Este accionar origin\u00f3 marchas a nivel nacional, informes period\u00edsticos, pronunciamientos de distintas entidades a nivel nacional y del extranjero indicando que en las elecciones del 6 de junio no hubo fraude.<\/p>\n<p>Esta situaci\u00f3n para Rolando Condori Condori, presidente del Comit\u00e9 de Lucha de Espinar, mantiene en incertidumbre al pa\u00eds. \u201cNo hay un respeto a la democracia y eso muestra la disposici\u00f3n que tiene Lima hacia todo el sur. Nosotros como comit\u00e9 de lucha estamos en la incertidumbre de que, una vez m\u00e1s, podemos caer en la dictadura. \u00a1Qu\u00e9 se declare ya a un presidente!\u201d, expres\u00f3.<\/p>\n<p>Asimismo, el dirigente anunci\u00f3 que, si el Jurado Nacional de Elecciones no resuelve con celeridad los recursos de nulidad, Espinar estar\u00e1 alerta y dispuesta a empezar una medida de lucha. \u201cHemos visto a una candidata que no quiere reconocer su p\u00e9rdida, que alega \u2018fraude sistem\u00e1tico\u2019 cada vez que su estrategia no funciona\u201d, subray\u00f3.<\/p>\n<p>\u201cEsta situaci\u00f3n nos lleva a un conflicto, pues no est\u00e1n aceptando los votos que hemos emitido ac\u00e1 en la provincia. Adem\u00e1s, el pan subi\u00f3 de precio. Ahora nos venden cuatro panes por un sol y no sabemos por qu\u00e9\u201d, lament\u00f3 Yobana Layme, encargada de Prensa y Propaganda del Frente \u00danico de Defensa de los Intereses de la Provincia de Chumbivilcas (FUDICH).<\/p>\n<p>Por su parte, la posici\u00f3n del secretario general del Frente \u00danico de Defensa de los Intereses de Chumbivilcas, Wilber Fuentes Ag\u00fcero, se inclina a que esta inestabilidad pol\u00edtica, de alguna manera, beneficia a las empresas mineras. \u201cEsto afecta la realizaci\u00f3n de las mesas de di\u00e1logo porque teniendo claro qui\u00e9n ser\u00eda el gobernante, nosotros estar\u00edamos accionando sobre esa base. Estamos pr\u00e1cticamente en el aire. Supongo que por esa situaci\u00f3n (la minera Las Bambas) ha dejado de asistir a la \u00faltima reuni\u00f3n con nosotros. Ellos igual sienten inseguridad, tendr\u00e1n temor\u201d, declar\u00f3.<\/p>\n<p>Mientras la denominada justicia electoral decide sobre las peticiones de anulaci\u00f3n de las actas, las comunidades y poblaci\u00f3n local de las provincias altas seguir\u00e1n en incertidumbre y en alerta para que se respete su voto.<\/p>","protected":false},"excerpt":{"rendered":"<p>Redacci\u00f3n DHSF La polarizaci\u00f3n se agudiza en el pa\u00eds debido a campa\u00f1as medi\u00e1ticas de desinformaci\u00f3n, personajes pol\u00edticos de derecha que desconocen los resultados de la segunda vuelta y a la estrategia de Keiko Fujimori que busca anular m\u00e1s de 200 mil votos, pero \u00bfc\u00f3mo afecta esta situaci\u00f3n a las provincias altas de la regi\u00f3n del [&hellip;]<\/p>\n","protected":false},"author":1,"featured_media":3555,"comment_status":"open","ping_status":"open","sticky":false,"template":"","format":"standard","meta":{"_monsterinsights_skip_tracking":false,"_monsterinsights_sitenote_active":false,"_monsterinsights_sitenote_note":"","_monsterinsights_sitenote_category":0,"_jetpack_memberships_contains_paid_content":false,"footnotes":"","jetpack_publicize_message":"","jetpack_publicize_feature_enabled":true,"jetpack_social_post_already_shared":false,"jetpack_social_options":{"image_generator_settings":{"template":"highway","default_image_id":0,"font":"","enabled":false},"version":2}},"categories":[1],"tags":[],"class_list":["post-3554","post","type-post","status-publish","format-standard","has-post-thumbnail","hentry","category-sin-categoria"],"blocksy_meta":[],"jetpack_publicize_connections":[],"jetpack_featured_media_url":"https:\/\/derechosinfronteras.pe\/wp-content\/uploads\/2021\/06\/ISERTID.jpg","jetpack_sharing_enabled":true,"jetpack_likes_enabled":true,"_links":{"self":[{"href":"https:\/\/derechosinfronteras.pe\/ingles\/wp-json\/wp\/v2\/posts\/3554","targetHints":{"allow":["GET"]}}],"collection":[{"href":"https:\/\/derechosinfronteras.pe\/ingles\/wp-json\/wp\/v2\/posts"}],"about":[{"href":"https:\/\/derechosinfronteras.pe\/ingles\/wp-json\/wp\/v2\/types\/post"}],"author":[{"embeddable":true,"href":"https:\/\/derechosinfronteras.pe\/ingles\/wp-json\/wp\/v2\/users\/1"}],"replies":[{"embeddable":true,"href":"https:\/\/derechosinfronteras.pe\/ingles\/wp-json\/wp\/v2\/comments?post=3554"}],"version-history":[{"count":0,"href":"https:\/\/derechosinfronteras.pe\/ingles\/wp-json\/wp\/v2\/posts\/3554\/revisions"}],"wp:featuredmedia":[{"embeddable":true,"href":"https:\/\/derechosinfronteras.pe\/ingles\/wp-json\/wp\/v2\/media\/3555"}],"wp:attachment":[{"href":"https:\/\/derechosinfronteras.pe\/ingles\/wp-json\/wp\/v2\/media?parent=3554"}],"wp:term":[{"taxonomy":"category","embeddable":true,"href":"https:\/\/derechosinfronteras.pe\/ingles\/wp-json\/wp\/v2\/categories?post=3554"},{"taxonomy":"post_tag","embeddable":true,"href":"https:\/\/derechosinfronteras.pe\/ingles\/wp-json\/wp\/v2\/tags?post=3554"}],"curies":[{"name":"wp","href":"https:\/\/api.w.org\/{rel}","templated":true}]}}