{"id":3556,"date":"2021-06-22T17:40:10","date_gmt":"2021-06-22T22:40:10","guid":{"rendered":"http:\/\/derechosinfronteras.pe\/?p=7584"},"modified":"2021-06-22T17:40:10","modified_gmt":"2021-06-22T22:40:10","slug":"por-mayoria-de-votos-aprueban-pedido-de-vacancia-en-contra-la-alcaldesa-de-chumbivilcas","status":"publish","type":"post","link":"https:\/\/derechosinfronteras.pe\/ingles\/por-mayoria-de-votos-aprueban-pedido-de-vacancia-en-contra-la-alcaldesa-de-chumbivilcas\/","title":{"rendered":"Por mayor\u00eda de votos aprueban pedido de vacancia en contra la alcaldesa de Chumbivilcas"},"content":{"rendered":"<p>Redacci\u00f3n DHSF<br \/>\nHoy, con 6 votos a favor y 2 en contra, el Concejo Municipal de Chumbivilcas aprob\u00f3 el pedido de vacancia en contra de la alcaldesa Nadia Pallo Arotaipe, de 27 a\u00f1os, quien asumi\u00f3 el cargo, el pasado 3 de noviembre de 2020.<\/p>\n<p>El motivo de la solicitud de la vacancia fue por un supuesto \u201cAcuerdo Privado de Compromiso\u201d firmado, el 11 de julio del 2020, por la entonces regidora Nadia Liz Pallo Arotaipe y Felicia Baca Ramos, directora general de Administraci\u00f3n.<\/p>\n<p>En dicho documento, Felicia Baca se comprometi\u00f3 a entregar 15 mil 100 soles de la bolsa de recaudaci\u00f3n, hecho por trabajadores de la entidad, a Marcos Ibarra Su\u00e1rez, exalcalde de Chumbivilcas. Adem\u00e1s, en el documento se expresa que la regidora se compromet\u00eda a mantener el cargo y\/o ascender como gerente municipal a la directora de Administraci\u00f3n y Finanzas.<\/p>\n<p>Asimismo, las decisiones sobre la licitaci\u00f3n p\u00fablica de obras y otras contrataciones de bienes y servicios lo tomar\u00e1n la funcionaria en coordinaci\u00f3n con Nadia Liz Pallo. Y finalmente, el documento indica que los cargos de las diferentes gerencias y jefaturas de la municipalidad ser\u00e1n designados a los personales de entera confianza de Pallo.<\/p>\n<p>Al respecto, Felicia Baca manifest\u00f3 que nunca ha firmado ese documento. \u201cNos han armado ese documento, esa firma puede ser verdad, pero la han escaneado, la han sacado de alg\u00fan documento. Nunca firmar\u00eda un documento de esa naturaleza y con el sello oficial de la municipalidad. Soy una profesional que tiene m\u00e1s de 15 a\u00f1os en actividad, con mi experiencia yo no firmar\u00eda un documento de esa naturaleza\u201d, respondi\u00f3 en su defensa.<\/p>\n<p>En el Informe Pericial de Grafotecnia, realizado por un perito criminal\u00edstico y grafot\u00e9cnico a solicitud de Felicia Baca y Nadia Liz Pallo y al que tuvo acceso DHSF, se concluye que el documento \u201cAcuerdo Privado de Confidencialidad\u201d es ap\u00f3crifo (fraude tecnol\u00f3gico), en la modalidad de fotomontaje tecnol\u00f3gico de esc\u00e1ner, que corresponde a una sucesi\u00f3n de pixeles que forman la imagen caracter\u00edstica propia del escaneado.<\/p>\n<p>La exfunciona, quien dej\u00f3 de trabajar en la municipalidad desde el 31 de marzo de este a\u00f1o, tambi\u00e9n pidi\u00f3 que exhiban el documento original ya que el presentado es una copia. Por otro lado, consider\u00f3 que este es un caso de acoso pol\u00edtico.<\/p>","protected":false},"excerpt":{"rendered":"<p>Redacci\u00f3n DHSF Hoy, con 6 votos a favor y 2 en contra, el Concejo Municipal de Chumbivilcas aprob\u00f3 el pedido de vacancia en contra de la alcaldesa Nadia Pallo Arotaipe, de 27 a\u00f1os, quien asumi\u00f3 el cargo, el pasado 3 de noviembre de 2020. El motivo de la solicitud de la vacancia fue por un [&hellip;]<\/p>\n","protected":false},"author":1,"featured_media":3557,"comment_status":"open","ping_status":"open","sticky":false,"template":"","format":"standard","meta":{"_monsterinsights_skip_tracking":false,"_monsterinsights_sitenote_active":false,"_monsterinsights_sitenote_note":"","_monsterinsights_sitenote_category":0,"_jetpack_memberships_contains_paid_content":false,"footnotes":"","jetpack_publicize_message":"","jetpack_publicize_feature_enabled":true,"jetpack_social_post_already_shared":false,"jetpack_social_options":{"image_generator_settings":{"template":"highway","default_image_id":0,"font":"","enabled":false},"version":2}},"categories":[1],"tags":[],"class_list":["post-3556","post","type-post","status-publish","format-standard","has-post-thumbnail","hentry","category-sin-categoria"],"blocksy_meta":[],"jetpack_publicize_connections":[],"jetpack_featured_media_url":"https:\/\/derechosinfronteras.pe\/wp-content\/uploads\/2021\/06\/vacancia-2.jpg","jetpack_sharing_enabled":true,"jetpack_likes_enabled":true,"_links":{"self":[{"href":"https:\/\/derechosinfronteras.pe\/ingles\/wp-json\/wp\/v2\/posts\/3556","targetHints":{"allow":["GET"]}}],"collection":[{"href":"https:\/\/derechosinfronteras.pe\/ingles\/wp-json\/wp\/v2\/posts"}],"about":[{"href":"https:\/\/derechosinfronteras.pe\/ingles\/wp-json\/wp\/v2\/types\/post"}],"author":[{"embeddable":true,"href":"https:\/\/derechosinfronteras.pe\/ingles\/wp-json\/wp\/v2\/users\/1"}],"replies":[{"embeddable":true,"href":"https:\/\/derechosinfronteras.pe\/ingles\/wp-json\/wp\/v2\/comments?post=3556"}],"version-history":[{"count":0,"href":"https:\/\/derechosinfronteras.pe\/ingles\/wp-json\/wp\/v2\/posts\/3556\/revisions"}],"wp:featuredmedia":[{"embeddable":true,"href":"https:\/\/derechosinfronteras.pe\/ingles\/wp-json\/wp\/v2\/media\/3557"}],"wp:attachment":[{"href":"https:\/\/derechosinfronteras.pe\/ingles\/wp-json\/wp\/v2\/media?parent=3556"}],"wp:term":[{"taxonomy":"category","embeddable":true,"href":"https:\/\/derechosinfronteras.pe\/ingles\/wp-json\/wp\/v2\/categories?post=3556"},{"taxonomy":"post_tag","embeddable":true,"href":"https:\/\/derechosinfronteras.pe\/ingles\/wp-json\/wp\/v2\/tags?post=3556"}],"curies":[{"name":"wp","href":"https:\/\/api.w.org\/{rel}","templated":true}]}}