{"id":3562,"date":"2021-06-15T12:42:19","date_gmt":"2021-06-15T17:42:19","guid":{"rendered":"http:\/\/derechosinfronteras.pe\/?p=7567"},"modified":"2021-06-15T12:42:19","modified_gmt":"2021-06-15T17:42:19","slug":"la-maldicion-de-qorillaqta-una-radionovela-inspirada-en-la-lucha-de-los-territorios-por-la-defensa-del-medio-ambiente","status":"publish","type":"post","link":"https:\/\/derechosinfronteras.pe\/ingles\/la-maldicion-de-qorillaqta-una-radionovela-inspirada-en-la-lucha-de-los-territorios-por-la-defensa-del-medio-ambiente\/","title":{"rendered":"Qorillaqta, la Sombra de la Miner\u00eda: Una radionovela inspirada en la lucha de los territorios por la defensa del medio ambiente"},"content":{"rendered":"<p><span style=\"font-weight: 400;\">Redacci\u00f3n DHSF<\/span><\/p>\n<p><span style=\"font-weight: 400;\">\u00a0Qorillaqta, la Sombra de la Miner\u00eda es el nombre de la nueva producci\u00f3n de Derechos Humanos Sin Fronteras adaptada al idioma quechua y al castellano para contar la lucha por el cuidado del medio ambiente, la defensa de \u00a0 territorios y de los derechos\u00a0 de\u00a0 Qorillaqta, una poblaci\u00f3n afectada por los impactos de la miner\u00eda.<\/span><\/p>\n<p><span style=\"font-weight: 400;\">La radionovela consta de seis cap\u00edtulos y empez\u00f3 a difundirse desde este lunes 14 de junio en las radios locales de las provincias de Chumbivilcas y Espinar.<\/span><\/p>\n<p><span style=\"font-weight: 400;\">La historia tiene como protagonistas a una familia de cuatro integrantes: Pap\u00e1 Goyo, mam\u00e1 M\u00e1xima, Mar\u00eda y Chasquita (hija de Mar\u00eda), quienes viven en Qorillaqta, zona del proyecto \u201cEl Dorado\u201d, el cual fue aprobado \u201cal son de la media noche y a la velocidad de un rayo\u201d debido a un \u201csecreto profesional\u201d. Qorillaqta era un pueblo que ten\u00eda tierras f\u00e9rtiles y bastante agua, donde sus habitantes se dedicaban a la ganader\u00eda y la agricultura.<\/span><\/p>\n<p><span style=\"font-weight: 400;\">Los cap\u00edtulos de esta producci\u00f3n abordan diversas tem\u00e1ticas ligadas al proceso disruptivo que vive un pueblo donde hay intervenci\u00f3n de la actividad minera.<\/span><\/p>\n<p><span style=\"font-weight: 400;\">Derechos Humanos Sin Fronteras con la colaboraci\u00f3n de Misereor, Broederlijk Delen y Cafod busca, a trav\u00e9s de la radionovela, mostrar la vulneraci\u00f3n de los derechos y la lucha de muchos pueblos olvidados pese a la presencia de grandes empresas.\u00a0 Este relato mezcla la palabra, la m\u00fasica, los efectos sonoros y el silencio para contar los impactos por los que atraviesa Qorillaqta.<\/span><\/p>\n<p><span style=\"font-weight: 400;\">Todos tenemos derecho a una vida digna, a la salud y a vivir en un medio ambiente de calidad. Si el medio ambiente se contamina, nuestra salud ser\u00e1 afectada. Actualmente, seg\u00fan datos del Ministerio de Salud, hay m\u00e1s de 10 millones de personas expuestas a metales t\u00f3xicos, estas representan m\u00e1s del 30 % de toda la poblaci\u00f3n peruana.<\/span><\/p>\n<p><span style=\"font-weight: 400;\">El rol del Estado y de la sociedad civil es fundamental en la construcci\u00f3n de un mundo donde prime el respeto por nuestros derechos.\u00a0\u00a0<\/span><\/p>\n<p><span style=\"font-weight: 400;\">La radionovela ser\u00e1 transmitida en las radios de Espinar, Chumbivilcas y Paruro de lunes a domingo. Igualmente, se subir\u00e1 al YouTube de Derechos Humanos Sin Fronteras.<\/span><\/p>\n<p><b>Espinar<\/b><\/p>\n<p><span style=\"font-weight: 400;\">Radio Laramani 890 AM: 5:45 a.m.\u00a0 (Espa\u00f1ol) y 5:00 p.m. (Quechua)<\/span><\/p>\n<p><b>Santo Tom\u00e1s, Chumbivilcas<\/b><\/p>\n<p><span style=\"font-weight: 400;\">Radio Santo Tom\u00e1s 105.3 FM: 12:00 p.m. (Quechua) y 5: 00 p.m. (Espa\u00f1ol)<\/span><\/p>","protected":false},"excerpt":{"rendered":"<p>Redacci\u00f3n DHSF \u00a0Qorillaqta, la Sombra de la Miner\u00eda es el nombre de la nueva producci\u00f3n de Derechos Humanos Sin Fronteras adaptada al idioma quechua y al castellano para contar la lucha por el cuidado del medio ambiente, la defensa de \u00a0 territorios y de los derechos\u00a0 de\u00a0 Qorillaqta, una poblaci\u00f3n afectada por los impactos de [&hellip;]<\/p>\n","protected":false},"author":1,"featured_media":3563,"comment_status":"open","ping_status":"open","sticky":false,"template":"","format":"standard","meta":{"_monsterinsights_skip_tracking":false,"_monsterinsights_sitenote_active":false,"_monsterinsights_sitenote_note":"","_monsterinsights_sitenote_category":0,"_jetpack_memberships_contains_paid_content":false,"footnotes":"","jetpack_publicize_message":"","jetpack_publicize_feature_enabled":true,"jetpack_social_post_already_shared":false,"jetpack_social_options":{"image_generator_settings":{"template":"highway","default_image_id":0,"font":"","enabled":false},"version":2}},"categories":[1],"tags":[],"class_list":["post-3562","post","type-post","status-publish","format-standard","has-post-thumbnail","hentry","category-sin-categoria"],"blocksy_meta":[],"jetpack_publicize_connections":[],"jetpack_featured_media_url":"https:\/\/derechosinfronteras.pe\/wp-content\/uploads\/2021\/06\/RADIONOVELA.jpg","jetpack_sharing_enabled":true,"jetpack_likes_enabled":true,"_links":{"self":[{"href":"https:\/\/derechosinfronteras.pe\/ingles\/wp-json\/wp\/v2\/posts\/3562","targetHints":{"allow":["GET"]}}],"collection":[{"href":"https:\/\/derechosinfronteras.pe\/ingles\/wp-json\/wp\/v2\/posts"}],"about":[{"href":"https:\/\/derechosinfronteras.pe\/ingles\/wp-json\/wp\/v2\/types\/post"}],"author":[{"embeddable":true,"href":"https:\/\/derechosinfronteras.pe\/ingles\/wp-json\/wp\/v2\/users\/1"}],"replies":[{"embeddable":true,"href":"https:\/\/derechosinfronteras.pe\/ingles\/wp-json\/wp\/v2\/comments?post=3562"}],"version-history":[{"count":0,"href":"https:\/\/derechosinfronteras.pe\/ingles\/wp-json\/wp\/v2\/posts\/3562\/revisions"}],"wp:featuredmedia":[{"embeddable":true,"href":"https:\/\/derechosinfronteras.pe\/ingles\/wp-json\/wp\/v2\/media\/3563"}],"wp:attachment":[{"href":"https:\/\/derechosinfronteras.pe\/ingles\/wp-json\/wp\/v2\/media?parent=3562"}],"wp:term":[{"taxonomy":"category","embeddable":true,"href":"https:\/\/derechosinfronteras.pe\/ingles\/wp-json\/wp\/v2\/categories?post=3562"},{"taxonomy":"post_tag","embeddable":true,"href":"https:\/\/derechosinfronteras.pe\/ingles\/wp-json\/wp\/v2\/tags?post=3562"}],"curies":[{"name":"wp","href":"https:\/\/api.w.org\/{rel}","templated":true}]}}