{"id":3566,"date":"2021-06-14T11:53:44","date_gmt":"2021-06-14T16:53:44","guid":{"rendered":"http:\/\/derechosinfronteras.pe\/?p=7554"},"modified":"2021-06-14T11:53:44","modified_gmt":"2021-06-14T16:53:44","slug":"corredor-minero-sur-se-frustra-mesa-dialogo-por-la-inasistencia-de-la-empresa-minera-las-bambas","status":"publish","type":"post","link":"https:\/\/derechosinfronteras.pe\/ingles\/corredor-minero-sur-se-frustra-mesa-dialogo-por-la-inasistencia-de-la-empresa-minera-las-bambas\/","title":{"rendered":"Corredor Minero Sur: Se frustra mesa di\u00e1logo por la inasistencia de la empresa minera Las Bambas"},"content":{"rendered":"<p>Redacci\u00f3n DHSF<\/p>\n<p>La dif\u00edcil situaci\u00f3n pol\u00edtica y sanitaria que se vive en el pa\u00eds no ha impedido que las comunidades del Corredor Minero Sur contin\u00faen organizadas para la exigencia de sus derechos. Sin embargo, el pasado 10 del corriente, se frustr\u00f3 la mesa de di\u00e1logo con la empresa Las Bambas en la comunidad Cruz Pampa, distrito de Ccapacmarca, provincia de Chumbivilcas, debido a la inasistencia de los representantes de la minera.<\/p>\n<p>Este hecho fue considerado como una burla y falta de voluntad al di\u00e1logo por las organizaciones sociales de bases, las cuales emitieron un pronunciamiento al respecto.<\/p>\n<p>\u201cLas comunidades del corredor minero dejamos constancia de nuestra amplitud para el di\u00e1logo, que desde el inicio de las operaciones mineras hasta la actualidad no han sido atendidas\u201d, se\u00f1ala el documento firmado por el Frente \u00danico de Defensa de los Intereses de la Provincia de Chumbivilcas (FUDICH), el Frente \u00danico de Defensa de los Intereses del Distrito de Santo Tom\u00e1s (FUDIST), La Liga Agraria del Distrito de Colquemarca, comunidades campesinas y otras organizaciones sociales de base.<\/p>\n<p>Esta no ser\u00eda la primera vez que faltan a la reuni\u00f3n los representantes de la empresa Las Bambas, seg\u00fan inform\u00f3 el secretario general del Frente \u00danico de Defensa de los Intereses de Chumbivilcas, Wilber Fuentes Ag\u00fcero. \u201cEsta era la tercera reuni\u00f3n, en la primera tampoco asistieron. En esta \u00faltima (del 10 de junio), se iban a programar fechas y c\u00f3mo nos \u00edbamos a organizar\u201d, explic\u00f3. Adem\u00e1s, dijo que el desarrollo de la mesa de di\u00e1logo es un trato directo entre la minera y las comunidades.<\/p>\n<p>Tras el desplante, las comunidades decidieron levantar la protesta, la cual fue suspendida por las constantes declaratorias de estados de emergencia y por la pandemia de la COVID-19. Aunque no han revelado la fecha de inicio.<\/p>\n<p>Las demandas de las comunidades del Corredor Minero Sur son las siguientes:<\/p>\n<ol>\n<li>Desconocimiento de la R.M. n.\u00b0 372-2018-MTC (Mientras no haya saneamiento legal de los terrenos comunales).<\/li>\n<li>Compensaci\u00f3n e indemnizaci\u00f3n por los da\u00f1os y perjuicios ambientales, asimismo el pago de los derechos de servidumbre minera.<\/li>\n<li>Ser consideradas como proveedores de bienes y servicios de la empresa minera tal como obliga el Convenio 169 de la OIT y el contrato de concesi\u00f3n minera.<\/li>\n<li>Inclusi\u00f3n como \u00e1rea de influencia directa ambiental y social a las comunidades del corredor.<\/li>\n<li>Si las comunidades aceptan vender sus terrenos al MTC, estos deben ser a valores comerciales.<\/li>\n<li>No a la criminalizaci\u00f3n de la protesta.<\/li>\n<\/ol>\n<p>Asimismo, en el pronunciamiento tambi\u00e9n explican los antecedentes de la medida de fuerza emprendida en el Corredor Minero Sur: \u201cHemos emprendido una medida de lucha en vista de que el Estado peruano, en complicidad con la minera Las Bambas, han convertido de manera ilegal la carretera que pasa por nuestras tierras comunales en carretera de categor\u00eda nacional, mediante Resoluci\u00f3n Ministerial n.\u00b0 372, publicada el 25 de mayo de 2018, vulnerando derechos leg\u00edtimos de las comunidades como el derecho a la consulta previa (art\u00edculo 6 del Convenio 169 de la OIT), derecho a la propiedad (Art. 70 de la Constituci\u00f3n, art\u00edculo 14, 17.3 y 18 del Convenio 169 de la OIT), derecho a la identidad cultural (art\u00edculo 2.19 de la Constituci\u00f3n y art\u00edculo 5 del Convenio 169 de la OIT), derecho a la salud (art\u00edculo 7 de la Constituci\u00f3n) y derecho a disfrutar de un medio ambiente equilibrado y adecuado a la vida (art\u00edculo 2.22 de la Constituci\u00f3n)\u201d.<\/p>\n<p>Finalmente, las comunidades detallaron que han presentado dos demandas, acci\u00f3n de inconstitucionalidad y acci\u00f3n popular, las mismas que han sido admitidas ante el Tribunal Constitucional.<\/p>\n<p><img fetchpriority=\"high\" decoding=\"async\" class=\"alignnone size-full wp-image-7558\" src=\"http:\/\/derechosinfronteras.pe\/wp-content\/uploads\/2021\/06\/WhatsApp-Image-2021-06-11-at-12.09.23-PM.jpeg\" alt=\"\" width=\"699\" height=\"885\" \/><\/p>","protected":false},"excerpt":{"rendered":"<p>Redacci\u00f3n DHSF La dif\u00edcil situaci\u00f3n pol\u00edtica y sanitaria que se vive en el pa\u00eds no ha impedido que las comunidades del Corredor Minero Sur contin\u00faen organizadas para la exigencia de sus derechos. Sin embargo, el pasado 10 del corriente, se frustr\u00f3 la mesa de di\u00e1logo con la empresa Las Bambas en la comunidad Cruz Pampa, [&hellip;]<\/p>\n","protected":false},"author":1,"featured_media":3567,"comment_status":"open","ping_status":"open","sticky":false,"template":"","format":"standard","meta":{"_monsterinsights_skip_tracking":false,"_monsterinsights_sitenote_active":false,"_monsterinsights_sitenote_note":"","_monsterinsights_sitenote_category":0,"_jetpack_memberships_contains_paid_content":false,"footnotes":"","jetpack_publicize_message":"","jetpack_publicize_feature_enabled":true,"jetpack_social_post_already_shared":false,"jetpack_social_options":{"image_generator_settings":{"template":"highway","default_image_id":0,"font":"","enabled":false},"version":2}},"categories":[1],"tags":[],"class_list":["post-3566","post","type-post","status-publish","format-standard","has-post-thumbnail","hentry","category-sin-categoria"],"blocksy_meta":[],"jetpack_publicize_connections":[],"jetpack_featured_media_url":"https:\/\/derechosinfronteras.pe\/wp-content\/uploads\/2021\/06\/NOTA-CORREDOR-MINERO-SUR-MMG-LAS-BAMBAS.jpg","jetpack_sharing_enabled":true,"jetpack_likes_enabled":true,"_links":{"self":[{"href":"https:\/\/derechosinfronteras.pe\/ingles\/wp-json\/wp\/v2\/posts\/3566","targetHints":{"allow":["GET"]}}],"collection":[{"href":"https:\/\/derechosinfronteras.pe\/ingles\/wp-json\/wp\/v2\/posts"}],"about":[{"href":"https:\/\/derechosinfronteras.pe\/ingles\/wp-json\/wp\/v2\/types\/post"}],"author":[{"embeddable":true,"href":"https:\/\/derechosinfronteras.pe\/ingles\/wp-json\/wp\/v2\/users\/1"}],"replies":[{"embeddable":true,"href":"https:\/\/derechosinfronteras.pe\/ingles\/wp-json\/wp\/v2\/comments?post=3566"}],"version-history":[{"count":0,"href":"https:\/\/derechosinfronteras.pe\/ingles\/wp-json\/wp\/v2\/posts\/3566\/revisions"}],"wp:featuredmedia":[{"embeddable":true,"href":"https:\/\/derechosinfronteras.pe\/ingles\/wp-json\/wp\/v2\/media\/3567"}],"wp:attachment":[{"href":"https:\/\/derechosinfronteras.pe\/ingles\/wp-json\/wp\/v2\/media?parent=3566"}],"wp:term":[{"taxonomy":"category","embeddable":true,"href":"https:\/\/derechosinfronteras.pe\/ingles\/wp-json\/wp\/v2\/categories?post=3566"},{"taxonomy":"post_tag","embeddable":true,"href":"https:\/\/derechosinfronteras.pe\/ingles\/wp-json\/wp\/v2\/tags?post=3566"}],"curies":[{"name":"wp","href":"https:\/\/api.w.org\/{rel}","templated":true}]}}