{"id":3571,"date":"2021-06-10T11:51:24","date_gmt":"2021-06-10T16:51:24","guid":{"rendered":"http:\/\/derechosinfronteras.pe\/?p=7541"},"modified":"2021-06-10T11:51:24","modified_gmt":"2021-06-10T16:51:24","slug":"asi-no-senora-k","status":"publish","type":"post","link":"https:\/\/derechosinfronteras.pe\/ingles\/asi-no-senora-k\/","title":{"rendered":"\u00a1As\u00ed no, se\u00f1ora K!"},"content":{"rendered":"<p style=\"text-align: right;\"><em>Por: Helio Cruz \u2013 \u00c1rea Legal de DHSF <\/em><\/p>\n<p>El pasado 6 de octubre conocimos con sorpresa el resultado del flash electoral a boca de urna elaborada por IPSOS, en el cual Keiko Fujimori obten\u00eda el 50.3% y Pedro Castillo 49.7% de los votos. Minutos m\u00e1s tarde, la candidata de Fuerza Popular, en conferencia de prensa, se\u00f1alaba \u201c\u2026ese cambio lo tiene que buscar gane quien gane. Aqu\u00ed no hay un ganador o un perdedor, aqu\u00ed lo que se tiene que buscar finalmente es la unidad de todos los peruanos\u2026\u201d.<\/p>\n<p>Horas m\u00e1s tarde, de acuerdo al resultado progresivo de la ONPE, vimos nuevamente con sorpresa que Pedro Castillo obten\u00eda 50.26% y Keiko Fujimori 49.73% (<em>desde entonces, al menos, hay una distancia de 70 mil votos<\/em>). Este lamentable hecho cambiar\u00eda radicalmente la postura de Fujimori, ya que pas\u00f3 de la campa\u00f1a del \u201cterruqueo\u201d a la campa\u00f1a del \u201cfraude\u201d, convocando a desestabilizar el sistema de conteo de la ONPE y afectar el cronograma de vacunaci\u00f3n nacional. As\u00ed no, se\u00f1ora Keiko.<\/p>\n<p>Nuevamente esta conducta contra la democracia confirma que la candidata no ha cambiado nada pese a haber jurado, pese a haber derramado l\u00e1grimas ante c\u00e1maras, pese a haber utilizado una piedra para acusar, y ahora busca que no se respete nuestro voto.<\/p>\n<p>Fujimori ha contratado a distintos estudios de abogados para iniciar acciones de nulidad de actas en los departamentos de Huancavelica, Arequipa, Cajamarca, Cusco, Ancash, Moquegua, San Martin, Pasco y Tacna, donde el partido Per\u00fa Libre ha obtenido holgadamente el voto mayoritario y pretenden eliminarnos, quieren limitar nuestra expresi\u00f3n en las \u00e1nforas, quieren anular nuestra participaci\u00f3n.<\/p>\n<p>Gracias a Fujimori esta pesadilla va demorar m\u00e1s d\u00edas, someti\u00e9ndonos a sus intereses. Adem\u00e1s, que ahora mismo afronta un pedido de revocaci\u00f3n de prisi\u00f3n preventiva porque uno de sus testigos Miguel \u2018Miki\u2019 Torres, de quien debe guardar distancia para no alterar su testimonio, apareci\u00f3 como su abogado impugnador en conferencia de prensa.<\/p>\n<p>Otra vez nos toca defender la soberan\u00eda nacional, toca defender los derechos humanos, toca defender el Estado <em>precario<\/em> de las garras de cualquier organizaci\u00f3n criminal, \u201c<em>los nadies<\/em>\u201d tenemos derechos y cualquier intento de limitarlos es poner la impunidad por encima de las personas.<\/p>","protected":false},"excerpt":{"rendered":"<p>Por: Helio Cruz \u2013 \u00c1rea Legal de DHSF El pasado 6 de octubre conocimos con sorpresa el resultado del flash electoral a boca de urna elaborada por IPSOS, en el cual Keiko Fujimori obten\u00eda el 50.3% y Pedro Castillo 49.7% de los votos. Minutos m\u00e1s tarde, la candidata de Fuerza Popular, en conferencia de prensa, [&hellip;]<\/p>\n","protected":false},"author":1,"featured_media":3572,"comment_status":"open","ping_status":"open","sticky":false,"template":"","format":"standard","meta":{"_monsterinsights_skip_tracking":false,"_monsterinsights_sitenote_active":false,"_monsterinsights_sitenote_note":"","_monsterinsights_sitenote_category":0,"_jetpack_memberships_contains_paid_content":false,"footnotes":"","jetpack_publicize_message":"","jetpack_publicize_feature_enabled":true,"jetpack_social_post_already_shared":false,"jetpack_social_options":{"image_generator_settings":{"template":"highway","default_image_id":0,"font":"","enabled":false},"version":2}},"categories":[1],"tags":[],"class_list":["post-3571","post","type-post","status-publish","format-standard","has-post-thumbnail","hentry","category-sin-categoria"],"blocksy_meta":[],"jetpack_publicize_connections":[],"jetpack_featured_media_url":"https:\/\/derechosinfronteras.pe\/wp-content\/uploads\/2021\/06\/CONFEREN-CIA-SENORA-KK.jpg","jetpack_sharing_enabled":true,"jetpack_likes_enabled":true,"_links":{"self":[{"href":"https:\/\/derechosinfronteras.pe\/ingles\/wp-json\/wp\/v2\/posts\/3571","targetHints":{"allow":["GET"]}}],"collection":[{"href":"https:\/\/derechosinfronteras.pe\/ingles\/wp-json\/wp\/v2\/posts"}],"about":[{"href":"https:\/\/derechosinfronteras.pe\/ingles\/wp-json\/wp\/v2\/types\/post"}],"author":[{"embeddable":true,"href":"https:\/\/derechosinfronteras.pe\/ingles\/wp-json\/wp\/v2\/users\/1"}],"replies":[{"embeddable":true,"href":"https:\/\/derechosinfronteras.pe\/ingles\/wp-json\/wp\/v2\/comments?post=3571"}],"version-history":[{"count":0,"href":"https:\/\/derechosinfronteras.pe\/ingles\/wp-json\/wp\/v2\/posts\/3571\/revisions"}],"wp:featuredmedia":[{"embeddable":true,"href":"https:\/\/derechosinfronteras.pe\/ingles\/wp-json\/wp\/v2\/media\/3572"}],"wp:attachment":[{"href":"https:\/\/derechosinfronteras.pe\/ingles\/wp-json\/wp\/v2\/media?parent=3571"}],"wp:term":[{"taxonomy":"category","embeddable":true,"href":"https:\/\/derechosinfronteras.pe\/ingles\/wp-json\/wp\/v2\/categories?post=3571"},{"taxonomy":"post_tag","embeddable":true,"href":"https:\/\/derechosinfronteras.pe\/ingles\/wp-json\/wp\/v2\/tags?post=3571"}],"curies":[{"name":"wp","href":"https:\/\/api.w.org\/{rel}","templated":true}]}}