{"id":3573,"date":"2021-06-08T15:25:46","date_gmt":"2021-06-08T20:25:46","guid":{"rendered":"http:\/\/derechosinfronteras.pe\/?p=7533"},"modified":"2021-06-08T15:25:46","modified_gmt":"2021-06-08T20:25:46","slug":"segunda-vuelta-electoral-por-que-chumbivilcas-y-espinar-votaron-por-pedro-castillo","status":"publish","type":"post","link":"https:\/\/derechosinfronteras.pe\/ingles\/segunda-vuelta-electoral-por-que-chumbivilcas-y-espinar-votaron-por-pedro-castillo\/","title":{"rendered":"Segunda vuelta electoral: \u00bfPor qu\u00e9 las provincias de Chumbivilcas y Espinar votaron por Pedro Castillo?"},"content":{"rendered":"<p>Redacci\u00f3n DHSF<\/p>\n<p>En medio de la incertidumbre por el resultado final de la segunda vuelta electoral, se supo que el sur del pa\u00eds dio su respaldo al candidato de Per\u00fa Libre, pero \u00bfpor qu\u00e9 las provincias altas de nuestra regi\u00f3n votaron por Pedro Castillo?<\/p>\n<p><strong>CHUMBIVILCAS<\/strong><\/p>\n<p>El 96.458% del electorado de la provincia de Chumbivilcas vot\u00f3 por Pedro Castillo frente a un apenas 3.542% por la candidata de Fuerza Popular.<\/p>\n<p>La presidenta de la Asociaci\u00f3n de Mujeres Afectadas por Esterilizaciones Forzadas de Chumbivilcas, In\u00e9s Condori Anaya, consider\u00f3 que este resultado refleja el miedo a la impunidad que traer\u00eda consigo una posible victoria de Keiko Fujimori.<\/p>\n<p>\u201cSi ganar\u00eda Keiko Fujimori, nuestro caso (de esterilizaciones forzadas) se enterrar\u00eda y a nosotras nos perseguir\u00edan. Ese es el miedo que tenemos. Estamos m\u00e1s de 20 a\u00f1os caminando (por justicia, verdad y reparaciones integrales) y no podemos permitir que quede en la impunidad. Tiene que ganar Pedro Castillo. Por \u00e9l han votado las mujeres afectadas por las esterilizaciones forzadas y sus familiares\u201d, explic\u00f3.<\/p>\n<p>Precisamente, Chumbivilcas es una de las provincias m\u00e1s afectadas por las esterilizaciones forzadas y por el Corredor Minero de Sur Andino, territorio de alta conflictividad ambiental donde 3 a\u00f1os antes del inicio de la pandemia el Estado continuamente declaraba en estado de emergencia este corredor. Por ejemplo, el a\u00f1o pasado, se declar\u00f3 estado de emergencia una parte del Corredor Vial Minero Apur\u00edmac \u2013 Cusco \u2013 Arequipa. Esa medida incluy\u00f3 los quinientos metros adyacentes a cada lado de la v\u00eda, en los tramos comprendidos por el distrito de Coporaque, provincia de Espinar, y por el distrito de Ccapacmarca, provincia de Chumbivilcas.<\/p>\n<p>Esta situaci\u00f3n origin\u00f3 nuevas protestas por la reclasificaci\u00f3n como v\u00eda nacional parte del territorio del corredor sin informar ni consultar previamente a las comunidades afectadas por el deterioro a sus viviendas, derrames, accidentes, enfermedades respiratorias, entre otras afectaciones causadas por el paso de m\u00e1s de 500 veh\u00edculos que trasladan concentrado de cobre y otros insumos.<\/p>\n<p>Frente a esta problem\u00e1tica, el secretario general del Frente \u00danico de Defensa de los Intereses de Chumbivilcas, Wilber Fuentes Ag\u00fcero, precis\u00f3 que la miner\u00eda solo trae polvo y conflictos sociales en los territorios.<\/p>\n<p>\u201cLa esperanza es que Pedro Castillo cambiar\u00eda esta situaci\u00f3n porque en su mensaje ha prometido una reforma constitucional, se tiene que modificar los cap\u00edtulos de miner\u00eda y gaseoductos. El Estado en complicidad con la miner\u00eda est\u00e1n pisoteando a las comunidades campesinas\u201d, indic\u00f3.<\/p>\n<p>Por su parte, el abogado V\u00edctor Villa argument\u00f3 que la esperanza que tienen las comunidades y poblaciones locales con el candidato de Per\u00fa Libre es que en un eventual gobierno no reprimir\u00e1 la protesta social. \u201cNo mandar\u00e1 a la polic\u00eda ni militares ni declarar\u00e1 en estado emergencia. No habr\u00e1 un gobierno abiertamente apoyando a las empresas mineras si no al pueblo\u201d, recalc\u00f3.<\/p>\n<p><strong>ESPINAR<\/strong><\/p>\n<p>En el caso de la provincia de Espinar, Pedro Castillo obtuvo el 92.212% de votos, mientras que su contrincante 7.788%.<\/p>\n<p>La defensora Elsa Merma Ccahua, presidenta de la Asociaci\u00f3n de Mujeres Defensoras del Territorio y Cultura K\u2019ana, tambi\u00e9n tiene una lectura al respecto: \u201cCastillo nos representa, es de un pueblo rural, ind\u00edgena y lucha como nosotros tambi\u00e9n. A pesar que Keiko ha ofrecido plata (canon directo), no queremos, pues la contaminaci\u00f3n no se soluciona con la plata. Nuestra vida y salud es primero. Cuando luchamos por nuestro territorio, por el agua nos difaman de que somos terroristas\u201d.<\/p>\n<p>Esta parte de Cusco convive con la miner\u00eda y con sus impactos negativos desde hace 40 a\u00f1os. All\u00ed se han analizado a 1621 personas, de este grupo el 90 % tiene, al menos, un t\u00f3xico en el organismo (ars\u00e9nico, cadmio, mercurio, plomo, entre otros elementos que generan gran impacto en la salud). Seg\u00fan informaci\u00f3n del Ministerio de Desarrollo e Inclusi\u00f3n Social al 2017, el 46% de personas de Espinar sigue siendo pobre, el 17% vive en pobreza extrema y solo el 37% alcanz\u00f3 la condici\u00f3n de no pobre.<\/p>\n<p>El apoyo al candidato de Per\u00fa Libre, de acuerdo a Rolando Condori, presidente del Comit\u00e9 de Lucha de la Provincia Espinar, es por sus propuestas de fondo. \u201cPropone el cambio de constituci\u00f3n y la revisi\u00f3n a los contratos con las empresas mineras. Por eso se le ha dado un respaldo casi total, ha llegado incluso a Espinar y ha ofrecido cambios. Keiko nunca ha legado a Espinar ni ha planteado un cambio verdadero\u201d, se\u00f1al\u00f3.<\/p>\n<p>Entre las demandas urgentes por resolver en Espinar figura la atenci\u00f3n a las personas afectadas por metales pesados, reformulaci\u00f3n del convenio marco, entre otros puntos.<\/p>\n<p>Vale precisar que, tras una larga batalla judicial, las comunidades campesinas afectadas por metales pesados de Espinar obtuvieron una hist\u00f3rica sentencia en \u00faltima instancia en el Poder Judicial, que le ordena al Ministerio de Salud prestar atenci\u00f3n sanitaria a las comunidades afectadas por la ingesta de metales pesados en sus cuerpos, lo cual afecta la vida, la salud y la integridad f\u00edsica.<\/p>\n<p>\u201cEsperemos que el gobierno de turno recoja las demandas, estamos reclamando por a\u00f1os, pero los gobiernos no escuchan nuestra plataforma de lucha\u201d, finaliz\u00f3 Condori. En tanto, el abogado Villa subray\u00f3 que gane Castillo o Fujimori es necesario que cambie la relaci\u00f3n de las empresas mineras con las comunidades y poblaciones locales.<\/p>","protected":false},"excerpt":{"rendered":"<p>Redacci\u00f3n DHSF En medio de la incertidumbre por el resultado final de la segunda vuelta electoral, se supo que el sur del pa\u00eds dio su respaldo al candidato de Per\u00fa Libre, pero \u00bfpor qu\u00e9 las provincias altas de nuestra regi\u00f3n votaron por Pedro Castillo? CHUMBIVILCAS El 96.458% del electorado de la provincia de Chumbivilcas vot\u00f3 [&hellip;]<\/p>\n","protected":false},"author":1,"featured_media":3574,"comment_status":"open","ping_status":"open","sticky":false,"template":"","format":"standard","meta":{"_monsterinsights_skip_tracking":false,"_monsterinsights_sitenote_active":false,"_monsterinsights_sitenote_note":"","_monsterinsights_sitenote_category":0,"_jetpack_memberships_contains_paid_content":false,"footnotes":"","jetpack_publicize_message":"","jetpack_publicize_feature_enabled":true,"jetpack_social_post_already_shared":false,"jetpack_social_options":{"image_generator_settings":{"template":"highway","default_image_id":0,"font":"","enabled":false},"version":2}},"categories":[1],"tags":[],"class_list":["post-3573","post","type-post","status-publish","format-standard","has-post-thumbnail","hentry","category-sin-categoria"],"blocksy_meta":[],"jetpack_publicize_connections":[],"jetpack_featured_media_url":"https:\/\/derechosinfronteras.pe\/wp-content\/uploads\/2021\/06\/SEGUNDA-VUELTA-ELECTORAL-PEDRO-CASTILLO.jpg","jetpack_sharing_enabled":true,"jetpack_likes_enabled":true,"_links":{"self":[{"href":"https:\/\/derechosinfronteras.pe\/ingles\/wp-json\/wp\/v2\/posts\/3573","targetHints":{"allow":["GET"]}}],"collection":[{"href":"https:\/\/derechosinfronteras.pe\/ingles\/wp-json\/wp\/v2\/posts"}],"about":[{"href":"https:\/\/derechosinfronteras.pe\/ingles\/wp-json\/wp\/v2\/types\/post"}],"author":[{"embeddable":true,"href":"https:\/\/derechosinfronteras.pe\/ingles\/wp-json\/wp\/v2\/users\/1"}],"replies":[{"embeddable":true,"href":"https:\/\/derechosinfronteras.pe\/ingles\/wp-json\/wp\/v2\/comments?post=3573"}],"version-history":[{"count":0,"href":"https:\/\/derechosinfronteras.pe\/ingles\/wp-json\/wp\/v2\/posts\/3573\/revisions"}],"wp:featuredmedia":[{"embeddable":true,"href":"https:\/\/derechosinfronteras.pe\/ingles\/wp-json\/wp\/v2\/media\/3574"}],"wp:attachment":[{"href":"https:\/\/derechosinfronteras.pe\/ingles\/wp-json\/wp\/v2\/media?parent=3573"}],"wp:term":[{"taxonomy":"category","embeddable":true,"href":"https:\/\/derechosinfronteras.pe\/ingles\/wp-json\/wp\/v2\/categories?post=3573"},{"taxonomy":"post_tag","embeddable":true,"href":"https:\/\/derechosinfronteras.pe\/ingles\/wp-json\/wp\/v2\/tags?post=3573"}],"curies":[{"name":"wp","href":"https:\/\/api.w.org\/{rel}","templated":true}]}}