{"id":3575,"date":"2021-05-28T11:29:42","date_gmt":"2021-05-28T16:29:42","guid":{"rendered":"http:\/\/derechosinfronteras.pe\/?p=7527"},"modified":"2021-05-28T11:29:42","modified_gmt":"2021-05-28T16:29:42","slug":"esterilizaciones-forzadas-conoce-la-historia-de-tres-mujeres-que-luchan-por-justicia-verdad-y-reparacion","status":"publish","type":"post","link":"https:\/\/derechosinfronteras.pe\/ingles\/esterilizaciones-forzadas-conoce-la-historia-de-tres-mujeres-que-luchan-por-justicia-verdad-y-reparacion\/","title":{"rendered":"Esterilizaciones forzadas: Conoce la historia de tres mujeres que luchan por justicia, verdad y reparaci\u00f3n"},"content":{"rendered":"<p>REDACCI\u00d3N DHSF<\/p>\n<p>La ma\u00f1ana del 18 de julio de 1997, segundo periodo del r\u00e9gimen autocr\u00e1tico de Alberto Fujimori, el \u00faltimo hijo de Felicia Mamani Conza, un reci\u00e9n nacido de tres d\u00edas, se enferm\u00f3 con c\u00f3licos. Aquel d\u00eda hab\u00eda llegado a Santo Tom\u00e1s, capital de Chumbivilcas, en la regi\u00f3n Cusco, una campa\u00f1a de atenci\u00f3n m\u00e9dica gratuita.<\/p>\n<p>La se\u00f1ora Felicia Mamani acudi\u00f3 a pedir ayuda a los profesionales de salud, quienes le dijeron que volviera con el ni\u00f1o a las dos de la tarde para su atenci\u00f3n. Cuando estaba por salir de casa, apareci\u00f3 una persona en una camioneta, la recogi\u00f3 y traslad\u00f3 -junto a su beb\u00e9- hasta el Centro de Salud de Condepampa, donde la ingresaron a una sala. Su hijo no fue atendido.<\/p>\n<p>\u201cEn la sala hab\u00eda muchas se\u00f1oras. Como corderos degollados estaban en el piso tirados sobre colchones viejos. Nos han agarrado como cualquier animalito y nos han sometido a esa esterilizaci\u00f3n sin saber qu\u00e9 males ten\u00edamos, ni antes ni despu\u00e9s. A m\u00ed con agua fr\u00eda me han ba\u00f1ado y yo les dije que no lo hicieran porque hab\u00eda dado a luz antes de ayer nom\u00e1s\u2026\u201d, recuerda Felicia Mamani.<\/p>\n<p>Felicia Mamani ten\u00eda 29 a\u00f1os cuando fue llevada al centro de salud para ser esterilizada sin su consentimiento. Ahora tiene 53 y recuerda c\u00f3mo la afect\u00f3 la violaci\u00f3n de su derecho sexual y reproductivo. \u201cMe entraron a la sala de operaci\u00f3n, estuve en una camilla y la anestesia me pusieron por v\u00eda suero. A m\u00ed no me hizo efecto la anestesia. Me dijeron cuenta y cont\u00e9 hasta 1000 y segu\u00eda as\u00ed (despierta). Cuando estaba despierta me han cortado. Sent\u00ed dolor y que me estaban cortando con Gillette\u201d.<\/p>\n<p>Cinco horas despu\u00e9s de la ligadura de sus trompas, a las siete de la noche, la misma camioneta la recogi\u00f3 y la llev\u00f3 de regreso a su casa. \u201cNunca se han acordado de m\u00ed. Me dieron tres paracetamoles y as\u00ed estuve con dolores e infecci\u00f3n. A consecuencia de eso ahora estoy mal, me duelen los ovarios y la cabeza\u201d.<\/p>\n<p>Entre 1995 y 2000, el gobierno autocr\u00e1tico de Alberto Fujimori\u00a0impuls\u00f3 el denominado Programa Salud Reproductiva y Planificaci\u00f3n Familiar, que estuvo destinado a combatir la pobreza.<\/p>\n<p>Durante ese periodo se practicaron cerca de 300.000 ligaduras de trompas y vasectom\u00edas. La Defensor\u00eda del Pueblo identific\u00f3 que durante ese tiempo se realizaron 272.028 operaciones a mujeres y 22.004 a varones.<\/p>\n<p>Todav\u00eda se desconoce exactamente cu\u00e1ntas intervenciones se hicieron sin el consentimiento de las personas, pero el Registro oficial de V\u00edctimas de Esterilizaciones Forzadas (REVIESFO) del Ministerio de Justicia tiene m\u00e1s de 8.000 denuncias.<\/p>\n<p><strong>El enga\u00f1o como m\u00e9todo<\/strong><\/p>\n<p>Era mayo de 1995.\u00a0 In\u00e9s Condori Anaya viaj\u00f3 a Cusco junto a un familiar para hacerse una revisi\u00f3n m\u00e9dica general en el Hospital Regional de la Ciudad Imperial. Entr\u00f3 al nosocomio a las ocho de la ma\u00f1ana, una enfermera se qued\u00f3 con su hija y ella fue llevada a una sala del segundo piso donde vio a varias mujeres sentadas y echadas, que se quejaban de dolor a gritos. \u201c\u00a1Ay, ay, gritaban!\u201d, recuerda In\u00e9s Condori.<\/p>\n<p>\u201cMe han cambiado la ropa. Yo dije: me revisar\u00e1n todo. Entr\u00e9 a otra sala donde hab\u00eda varias mujeres. No me acuerdo c\u00f3mo me pusieron la anestesia. Solo recuerdo que me preguntaban c\u00f3mo me llamaba y all\u00ed perd\u00ed el sentido\u201d, cuenta.<\/p>\n<p>In\u00e9s Condori es otra v\u00edctima de las esterilizaciones forzadas del fujimorismo. Actualmente es presidenta de las Mujeres Afectadas por las Esterilizaciones Forzadas de la provincia Chumbivilcas.<\/p>\n<p>A In\u00e9s Condori nadie le consult\u00f3 si quer\u00eda ser esterilizada, nadie le explic\u00f3 en qu\u00e9 consist\u00eda la intervenci\u00f3n, qu\u00e9 riesgos exist\u00edan ni qu\u00e9 cuidados deber\u00eda tener despu\u00e9s de la ligadura de trompas. As\u00ed entr\u00f3 al quir\u00f3fano y de ah\u00ed sali\u00f3 est\u00e9ril. \u201cLos testimonios y documentos aseguran que no fue un programa de planificaci\u00f3n familiar, a las mujeres se las coaccionaba, se las amenazaba, se las llevaba a la fuerza y no se les informaba sobre las intervenciones quir\u00fargicas que les iban a hacer\u201d, explica Yulissa Casana, coordinadora del \u00e1rea de g\u00e9nero de Derechos Humanos Sin Fronteras (DHSF), entidad que acompa\u00f1a a las v\u00edctimas de las esterilizaciones forzadas.<\/p>\n<p>Cuando In\u00e9s recuper\u00f3 el conocimiento hab\u00edan pasado ocho horas. Despert\u00f3 en una sala junto a otras mujeres maltrechas y adoloridas. La enfermera le dijo: \u201chija tienes que irte ya, porque ya te hemos hecho para que no tengas hijos. Ya no vas a tener hijos, porque te han operado. Cuanto tienes muchos hijos hasta tu esposo te puede sacar la vuelta. Ahora te vas a volver jovencita\u201d.<\/p>\n<p>Las mujeres que denunciaron las esterilizaciones forzadas \u2013 todas andinas, pobres y quechua-hablantes- se\u00f1alaron a los fiscales que fueron sometidas a ligaduras de trompas sin su consentimiento, bajo coacciones y sin el equipamiento y condiciones m\u00ednimas.<\/p>\n<p>Veinticinco a\u00f1os despu\u00e9s, la demanda de justicia de las v\u00edctimas est\u00e1 a punto de llegar a su final. Desde marzo, el fiscal a cargo del caso, Pablo Espinoza, formula su acusaci\u00f3n en la que considera a Alberto Fujimori como \u00abel m\u00e1ximo y principal responsable\u00bb de las esterilizaciones forzadas. Tambi\u00e9n est\u00e1n acusados los exministros de Salud, Alejandro Aguinaga, Eduardo Yong Motta, Marino Costa Bauer, entre otros.<\/p>\n<p><strong>La negaci\u00f3n de Keiko Fujimori <\/strong><\/p>\n<p>Margarita Rojas Qquehue ten\u00eda 22 a\u00f1os cuando la convencieron para acudir a un centro de salud en Lutto Kututo del distrito de Llusco, en la provincia de Chumbivilcas. Ella, que ahora tiene 47, cuenta que vio m\u00e1s de 24 esterilizaciones en un solo d\u00eda.<\/p>\n<p>\u201cCon mi esposo me he separado, porque una mujer que est\u00e1 castrada ya no quiere tener sexo y, entonces, el esposo se va. Adem\u00e1s, tenemos algunos dolores, porque no fuimos bien operadas. Yo no puedo levantar peso y eso me dificulta trabajar\u201d, refiere Margarita.<\/p>\n<p>Las v\u00edctimas del nefasto plan de Fujimori, Felicia, In\u00e9s y Margarita ahora temen que la hija del dictador, Keiko Fujimori, quien defiende el gobierno de su padre, deshaga todo lo avanzado en materia de justicia y reconocimiento de las v\u00edctimas.<\/p>\n<p>A mediados de mayo, la candidata neg\u00f3 las esterilizaciones forzadas. \u201cEn el caso del proceso que se est\u00e1 llevando sobre las mal llamadas esterilizaciones forzadas, ese es un plan de planificaci\u00f3n familiar, son investigaciones que se vienen llevando a cabo desde hace 20 a\u00f1os y se han archivado en cuatro oportunidades\u201d, respondi\u00f3 Fujimori, cuando fue consultada sobre qu\u00e9 har\u00eda de llegar al Gobierno en este caso.<\/p>\n<p>En contraste, para la Fiscal\u00eda, Alberto Fujimori y sus exministros Yong, Costa y Aguinaga forzaron la esterilizaci\u00f3n de mujeres pobres de la sierra para \u00abreducir la pobreza\u00bb.\u00a0 A causa del programa irregular de esterilizaciones murieron 18 mujeres (cinco por lesiones graves directamente causadas por la intervenci\u00f3n quir\u00fargica) y dej\u00f3 secuelas f\u00edsicas en otras 1.300, seg\u00fan Mar\u00eda Esther Mogoll\u00f3n, coordinadora del Grupo de Seguimiento a las Reparaciones por Esterilizaciones Forzadas (GREF).<\/p>\n<p>De acuerdo a un informe del Congreso de la Rep\u00fablica, las muertes de las mujeres que fueron sometidas a las esterilizaciones forzadas se produjeron en \u00c1ncash, Huancavelica, La Libertad, Piura, San Mart\u00edn, Ayacucho, Cajamarca, Ica, Loreto, Lima y Lambayeque.<\/p>\n<p>La postura negacionista de Keiko Fujimori hace temer un retroceso en el proceso si gana las elecciones este 6 de junio, porque trata de desconocer las imputaciones fiscales. Ni la defensa de Alberto Fujimori niega los cargos, solo alega que el delito prescribi\u00f3 o que no se configura la figura de autor\u00eda mediata.<\/p>\n<p>Yulissa Casana, coordinadora del \u00e1rea de g\u00e9nero de DHSF, refiri\u00f3 que las declaraciones de la candidata no sorprenden, porque ese es el verdadero rostro del fujimorismo. \u201cNos indigna, porque se quiere negar y lavarle la cara al fujimorismo, cuando ellas llevan muchos a\u00f1os buscando justicia\u201d, agreg\u00f3.<\/p>\n<p>\u201cNo debe anularse el caso. Fujimori tiene que pagar su delito. Tiene que pagar con una sanci\u00f3n ejemplar, y a nosotras nos deben una reparaci\u00f3n integral\u2026 Y no es posible que su hija est\u00e9 candidateando a la presidencia toda fresca. No, no, no. No puede ser. No s\u00e9 porque el pueblo peruano no se da cuenta, parece que seguimos con los ojos vendados\u201d, cuestiona Felicia Mamani y vuelve a reclamar justicia.<\/p>\n<p><strong>LEYENDAS<\/strong><\/p>\n<p><strong>1\u00a0<\/strong>Las v\u00edctimas de las esterilizaciones forzadas esperan que se haga justicia y se sancione con rigor al exdictador Alberto Fujimori y sus ministros de Salud.<\/p>\n<p><strong>2\u00a0<\/strong>Felicia, In\u00e9s y Margarita, v\u00edctimas de la perversa pol\u00edtica fujimorista en Chumbivilcas, reclaman justicia.<\/p>\n<p><strong>3\u00a0<\/strong>Keiko Fujimori neg\u00f3 que hayan existido las esterilizaciones forzadas pese a la existencia de evidencias testimoniales y documentales.<\/p>\n<p><strong>4\u00a0<\/strong>Alberto Fujimori es acusado de promover ese programa de esterilizaciones.<\/p>","protected":false},"excerpt":{"rendered":"<p>REDACCI\u00d3N DHSF La ma\u00f1ana del 18 de julio de 1997, segundo periodo del r\u00e9gimen autocr\u00e1tico de Alberto Fujimori, el \u00faltimo hijo de Felicia Mamani Conza, un reci\u00e9n nacido de tres d\u00edas, se enferm\u00f3 con c\u00f3licos. Aquel d\u00eda hab\u00eda llegado a Santo Tom\u00e1s, capital de Chumbivilcas, en la regi\u00f3n Cusco, una campa\u00f1a de atenci\u00f3n m\u00e9dica gratuita. [&hellip;]<\/p>\n","protected":false},"author":1,"featured_media":3576,"comment_status":"open","ping_status":"open","sticky":false,"template":"","format":"standard","meta":{"_monsterinsights_skip_tracking":false,"_monsterinsights_sitenote_active":false,"_monsterinsights_sitenote_note":"","_monsterinsights_sitenote_category":0,"_jetpack_memberships_contains_paid_content":false,"footnotes":"","jetpack_publicize_message":"","jetpack_publicize_feature_enabled":true,"jetpack_social_post_already_shared":false,"jetpack_social_options":{"image_generator_settings":{"template":"highway","default_image_id":0,"font":"","enabled":false},"version":2}},"categories":[1],"tags":[],"class_list":["post-3575","post","type-post","status-publish","format-standard","has-post-thumbnail","hentry","category-sin-categoria"],"blocksy_meta":[],"jetpack_publicize_connections":[],"jetpack_featured_media_url":"https:\/\/derechosinfronteras.pe\/wp-content\/uploads\/2021\/05\/NOTA-28-DE-MAYO.jpg","jetpack_sharing_enabled":true,"jetpack_likes_enabled":true,"_links":{"self":[{"href":"https:\/\/derechosinfronteras.pe\/ingles\/wp-json\/wp\/v2\/posts\/3575","targetHints":{"allow":["GET"]}}],"collection":[{"href":"https:\/\/derechosinfronteras.pe\/ingles\/wp-json\/wp\/v2\/posts"}],"about":[{"href":"https:\/\/derechosinfronteras.pe\/ingles\/wp-json\/wp\/v2\/types\/post"}],"author":[{"embeddable":true,"href":"https:\/\/derechosinfronteras.pe\/ingles\/wp-json\/wp\/v2\/users\/1"}],"replies":[{"embeddable":true,"href":"https:\/\/derechosinfronteras.pe\/ingles\/wp-json\/wp\/v2\/comments?post=3575"}],"version-history":[{"count":0,"href":"https:\/\/derechosinfronteras.pe\/ingles\/wp-json\/wp\/v2\/posts\/3575\/revisions"}],"wp:featuredmedia":[{"embeddable":true,"href":"https:\/\/derechosinfronteras.pe\/ingles\/wp-json\/wp\/v2\/media\/3576"}],"wp:attachment":[{"href":"https:\/\/derechosinfronteras.pe\/ingles\/wp-json\/wp\/v2\/media?parent=3575"}],"wp:term":[{"taxonomy":"category","embeddable":true,"href":"https:\/\/derechosinfronteras.pe\/ingles\/wp-json\/wp\/v2\/categories?post=3575"},{"taxonomy":"post_tag","embeddable":true,"href":"https:\/\/derechosinfronteras.pe\/ingles\/wp-json\/wp\/v2\/tags?post=3575"}],"curies":[{"name":"wp","href":"https:\/\/api.w.org\/{rel}","templated":true}]}}