{"id":3577,"date":"2021-05-27T21:01:29","date_gmt":"2021-05-28T02:01:29","guid":{"rendered":"http:\/\/derechosinfronteras.pe\/?p=7521"},"modified":"2021-05-27T21:01:29","modified_gmt":"2021-05-28T02:01:29","slug":"victimas-de-esterilizaciones-forzadas-exigen-al-minjusdh-cumplir-con-su-derecho-a-las-reparaciones-integrales","status":"publish","type":"post","link":"https:\/\/derechosinfronteras.pe\/ingles\/victimas-de-esterilizaciones-forzadas-exigen-al-minjusdh-cumplir-con-su-derecho-a-las-reparaciones-integrales\/","title":{"rendered":"V\u00edctimas de esterilizaciones forzadas exigen al MINJUSDH cumplir con su derecho a las reparaciones integrales"},"content":{"rendered":"<p>Las instituciones que conforman el Grupo de Seguimiento a las Reparaciones por Esterilizaciones Forzadas (GREF) y asociaciones de mujeres afectadas por esterilizaciones forzadas, ofrecieron ayer una conferencia de prensa para exigir una respuesta a la demanda de amparo contra el Ministerio de Justicia y Derechos Humanos (MINJUSDH), por omitir el reconocimiento y garant\u00eda del derecho a la reparaci\u00f3n de las v\u00edctimas de esterilizaciones forzadas ocurridas en el gobierno de Alberto Fujimori (1990-2000).<\/p>\n<p>\u201cHan pasado m\u00e1s de 20 a\u00f1os y las v\u00edctimas de esterilizaciones forzadas en el gobierno de Fujimori seguimos sin ser escuchadas. Por eso, el 14 de abril del presente a\u00f1o pusimos una demanda contra el MINJUSDH para que reconozca y garantice nuestro derecho a las reparaciones. Sin embargo, hasta el d\u00eda de hoy no tenemos una respuesta\u201d, se\u00f1al\u00f3 In\u00e9s Condori, presidenta de la Asociaci\u00f3n de Mujeres Afectadas por Esterilizaciones Forzadas de Chumbivilcas- AMAEFCH.<\/p>\n<p>La demanda fue presentada ante el Quinto Juzgado Constitucional por la AMAEFCH, MAM L\u00ednea Fundacional, Asociaci\u00f3n Centro de Derecho Andino SISAY, Derechos Humanos Sin Fronteras, Asociaci\u00f3n de Servicios Educaciones Rurales (SER) y Estudio para la Defensa de los Derechos de la Mujer (DEMUS).<\/p>\n<p>Condori de AMAEF Chumbivilcas se\u00f1al\u00f3 que las mujeres esterilizadas piden principalmente salud, \u201cqueremos atenci\u00f3n especializada con urgencia, varias han fallecido, otras sufren por infecciones y hasta c\u00e1ncer. Pedimos que el Juez nos d\u00e9 una respuesta y nos garantice las reparaciones integrales, ya que es nuestro derecho\u201d.<\/p>\n<p>A su turno, Rute Zuniga, presidenta de Asociaci\u00f3n de Mujeres Peruanas Afectadas por las Esterilizaciones Forzadas, AMPAEF, resalt\u00f3 la indignaci\u00f3n de las mujeres campesinas ind\u00edgenas y quechuahablantes por los comentarios de pol\u00edticos que niegan estos hechos claramente documentados.\u00a0 \u201cLa hija de Alberto Fujimori, Keiko Fujimori, candidata a la presidencia del Per\u00fa, afirm\u00f3 que las esterilizaciones no fueron la fuerza, sino voluntarias. Esto es mentira. Desde cada distrito nos han llevado para operarnos, nos hostigaron y amedrentaron, sin que nosotras sepamos en qu\u00e9 consist\u00eda y todo ello consta en informes\u201d, se\u00f1al\u00f3 Zuniga.<\/p>\n<p>Asimismo, indic\u00f3 que los casos m\u00e1s emblem\u00e1ticos de Cusco denunciaron sin miedo en Lima las esterilizaciones forzadas y el incumplimiento de las reparaciones. \u201cNos han puesto tachas, nos han hecho seguimiento, nos han asustado con todo, pero no tenemos miedo. Queremos que respeten nuestros derechos, pero nos siguen atropellando. Nos dijeron que nos iban a poner m\u00e9dicos, especialistas en cada distrito, pero eso no se ha realizado. Lamentablemente nuestras autoridades no tienen esas capacidades para las mujeres campesinas. Pero nosotros seguimos luchando, no nos vamos a dejar\u201d, manifest\u00f3 Zuniga.<\/p>\n<p>La abogada de Demus, Ana Mar\u00eda Vidal, integrante del equipo de litigio de GREF, ratific\u00f3 que las esterilizaciones forzadas son delitos de lesa humanidad y que no prescriben.\u00a0 Las v\u00edctimas y familiares tienen derecho a verdad, justicia y reparaci\u00f3n. \u201cLa Comisi\u00f3n de la Verdad y Reconciliaci\u00f3n estableci\u00f3 un Programa Integral de Reparaciones para las v\u00edctimas del conflicto armado interno y no se encontraban las mujeres v\u00edctimas de esterilizaciones forzadas. Luego de 20 a\u00f1os, el Estado reconoci\u00f3 que estas mujeres s\u00ed tienen derechos a las reparaciones, especialmente a la salud, pero hasta el momento no se implementa el programa\u201d, sostuvo Vidal.<\/p>\n<p>A la vez, pidi\u00f3 que se apruebe e implemente la pol\u00edtica de reparaci\u00f3n integral para las v\u00edctimas. \u201cTal como se viene realizando para sancionar a los responsables de las esterilizaciones en Lima y defender as\u00ed el derecho a la justicia, tambi\u00e9n se debe reconocer el derecho que tienen los miles de mujeres que fueron esterilizadas en contra de su voluntad. Es un deber del Estado brindarles verdad, justicia y reparaci\u00f3n y las v\u00edctimas seguir\u00e1n luchando por alcanzarlo\u201d, concluy\u00f3.<\/p>\n<p>Mar\u00eda Esther Mogoll\u00f3n, coordinadora del GREF, record\u00f3 que esta conferencia en Cusco tiene un significado simb\u00f3lico para las v\u00edctimas de las estilizaciones forzadas, puesto que son de Anta las primeras mujeres que dieron una voz de alerta con lo que estaba sucediendo con sus cuerpos, con la violaci\u00f3n de derechos humanos causada por las pol\u00edticas que implantaba Alberto Fujimori. \u201cLuego de 25 a\u00f1os podemos decir que ha habido muchos silencios, muchas cobard\u00edas y reticencia a ofrecer las reparaciones integrales a las v\u00edctimas, pero no nos vamos a rendir hasta que obtengan justicia y reparaci\u00f3n\u201d, recalc\u00f3.<\/p>\n<p>Finalmente, la congresista Roc\u00edo Silva Santisteban, autora de la Ley N\u00b0 31119 -que modifica los art\u00edculos 3 y 6 de la Ley que crea el Plan Integral de Reparaciones (PIR)- pidi\u00f3 a las mujeres v\u00edctimas de esterilizaciones forzadas mantenerse unidas en esta lucha por justicia, verdad y reparaci\u00f3n. Dio su reconocimiento a todas las mujeres y exigi\u00f3 el cumplimiento de la ley de reparaciones integrales.<\/p>","protected":false},"excerpt":{"rendered":"<p>Las instituciones que conforman el Grupo de Seguimiento a las Reparaciones por Esterilizaciones Forzadas (GREF) y asociaciones de mujeres afectadas por esterilizaciones forzadas, ofrecieron ayer una conferencia de prensa para exigir una respuesta a la demanda de amparo contra el Ministerio de Justicia y Derechos Humanos (MINJUSDH), por omitir el reconocimiento y garant\u00eda del derecho [&hellip;]<\/p>\n","protected":false},"author":1,"featured_media":3578,"comment_status":"open","ping_status":"open","sticky":false,"template":"","format":"standard","meta":{"_monsterinsights_skip_tracking":false,"_monsterinsights_sitenote_active":false,"_monsterinsights_sitenote_note":"","_monsterinsights_sitenote_category":0,"_jetpack_memberships_contains_paid_content":false,"footnotes":"","jetpack_publicize_message":"","jetpack_publicize_feature_enabled":true,"jetpack_social_post_already_shared":false,"jetpack_social_options":{"image_generator_settings":{"template":"highway","default_image_id":0,"font":"","enabled":false},"version":2}},"categories":[1],"tags":[],"class_list":["post-3577","post","type-post","status-publish","format-standard","has-post-thumbnail","hentry","category-sin-categoria"],"blocksy_meta":[],"jetpack_publicize_connections":[],"jetpack_featured_media_url":"https:\/\/derechosinfronteras.pe\/wp-content\/uploads\/2021\/05\/NOTA-CASO-EEFF.jpg","jetpack_sharing_enabled":true,"jetpack_likes_enabled":true,"_links":{"self":[{"href":"https:\/\/derechosinfronteras.pe\/ingles\/wp-json\/wp\/v2\/posts\/3577","targetHints":{"allow":["GET"]}}],"collection":[{"href":"https:\/\/derechosinfronteras.pe\/ingles\/wp-json\/wp\/v2\/posts"}],"about":[{"href":"https:\/\/derechosinfronteras.pe\/ingles\/wp-json\/wp\/v2\/types\/post"}],"author":[{"embeddable":true,"href":"https:\/\/derechosinfronteras.pe\/ingles\/wp-json\/wp\/v2\/users\/1"}],"replies":[{"embeddable":true,"href":"https:\/\/derechosinfronteras.pe\/ingles\/wp-json\/wp\/v2\/comments?post=3577"}],"version-history":[{"count":0,"href":"https:\/\/derechosinfronteras.pe\/ingles\/wp-json\/wp\/v2\/posts\/3577\/revisions"}],"wp:featuredmedia":[{"embeddable":true,"href":"https:\/\/derechosinfronteras.pe\/ingles\/wp-json\/wp\/v2\/media\/3578"}],"wp:attachment":[{"href":"https:\/\/derechosinfronteras.pe\/ingles\/wp-json\/wp\/v2\/media?parent=3577"}],"wp:term":[{"taxonomy":"category","embeddable":true,"href":"https:\/\/derechosinfronteras.pe\/ingles\/wp-json\/wp\/v2\/categories?post=3577"},{"taxonomy":"post_tag","embeddable":true,"href":"https:\/\/derechosinfronteras.pe\/ingles\/wp-json\/wp\/v2\/tags?post=3577"}],"curies":[{"name":"wp","href":"https:\/\/api.w.org\/{rel}","templated":true}]}}