{"id":3581,"date":"2021-05-26T11:25:12","date_gmt":"2021-05-26T16:25:12","guid":{"rendered":"http:\/\/derechosinfronteras.pe\/?p=7508"},"modified":"2021-05-26T11:25:12","modified_gmt":"2021-05-26T16:25:12","slug":"agenda-ambiental-en-el-debate-de-equipos-tecnicos-discursos-ambiguos-e-imprecisos","status":"publish","type":"post","link":"https:\/\/derechosinfronteras.pe\/ingles\/agenda-ambiental-en-el-debate-de-equipos-tecnicos-discursos-ambiguos-e-imprecisos\/","title":{"rendered":"Agenda ambiental en el debate de equipos t\u00e9cnicos: Discursos ambiguos e imprecisos"},"content":{"rendered":"<p style=\"text-align: right;\"><strong>Por: Blga. Karem Luque \u2013<\/strong><\/p>\n<p style=\"text-align: right;\"><strong>\u00c1rea de Derechos Colectivos, Medio Ambiente y Salud<\/strong><\/p>\n<p>A escasas semanas de llegar al bicentenario, nuestro pa\u00eds se encuentra definiendo su voto por 2 agrupaciones pol\u00edticas que est\u00e1n en segunda vuelta. El d\u00eda lunes, a partir de los debates t\u00e9cnicos desarrollados, se esperaban propuestas sustanciales para afrontar los principales problemas que en d\u00e9cadas no hemos logrado resolver ni disipar. Entre estas grandes problem\u00e1ticas no s\u00f3lo de pa\u00eds sino mundiales estaba el eje ambiental y desarrollo sostenible; muchos espectadores pudimos escuchar el mismo mensaje monocorde que se plasma en ideas gaseosas con poco debate para su realizaci\u00f3n.<\/p>\n<p>Seg\u00fan el Sistema Nacional de Informaci\u00f3n Ambiental \u2013 SINIA, entre el 2000 y el 2014, se increment\u00f3 de 62 millones 422 mil a 167 millones 630 mil<a href=\"#_ftn1\" name=\"_ftnref1\">[1]<\/a> las emisiones de CO2 equivalente. En casi 15 a\u00f1os se han triplicado las cifras con respecto a estos gases, los cuales son la principal causa del calentamiento global; al 2018 la superficie de ecosistemas degradados fue de 17 millones 577 mil hect\u00e1reas. Asimismo, para la Defensor\u00eda del Pueblo a abril del 2021 se reportaron 191 conflictos sociales, de los cuales 141 se encuentran activos y 50 son latentes, de los que, adem\u00e1s, el 66.7 % son conflictos activos de tipo socioambiental. Bajo esa premisa lanzamos la interrogante: \u00bfLa problem\u00e1tica medio ambiental no merece atenci\u00f3n urgente?<\/p>\n<p>El Per\u00fa, mediante el D.S. 012-2009-MINAM, cuenta con una Pol\u00edtica Nacional del Ambiente estructurada en 4 ejes tem\u00e1ticos: a) Conservaci\u00f3n y aprovechamiento sostenible de los recursos naturales y de la diversidad biol\u00f3gica; b) Gesti\u00f3n integral de la calidad ambiental; c) Gobernanza ambiental; y d) Compromisos y oportunidades ambientales internacionales. Esta pol\u00edtica nacional adem\u00e1s tiene como objetivo mejorar la calidad de vida de las personas, garantizando la existencia de ecosistemas saludables.<\/p>\n<p>Sin embargo, la aplicaci\u00f3n de los principios, ejes tem\u00e1ticos y est\u00e1ndares para su cumplimiento parecieran haberse quedado impregnados solo en papel. En ese escenario, urge fomentar pol\u00edticas, t\u00e9cnicas, instrumentos que refuercen una real implementaci\u00f3n de la Pol\u00edtica Nacional del Ambiente, y que debiera promover una real participaci\u00f3n ciudadana para su elaboraci\u00f3n e implementaci\u00f3n, con ello ir reduciendo los principales problemas en materia ambiental de nuestro pa\u00eds.<\/p>\n<p><strong>Tres desaf\u00edos para un adecuado manejo del Sistema Nacional de Gesti\u00f3n Ambiental \u2013 SNGA <\/strong><\/p>\n<ol start=\"3\">\n<li>El Sistema Nacional de Evaluaci\u00f3n de Impacto Ambiental \u2013 SEIA a pesar de tener funciones como la identificaci\u00f3n, evaluaci\u00f3n, mitigaci\u00f3n y correcci\u00f3n anticipada de los impactos ambientales, carece de mecanismos para una real evaluaci\u00f3n de los Estudios de Impacto Ambiental. Es m\u00e1s, nuestro pa\u00eds debiera contar con una instancia p\u00fablica de car\u00e1cter especializado que refuerce al SENACE<a href=\"#_ftn2\" name=\"_ftnref2\">[2]<\/a> y as\u00ed tener mayor capacidad de an\u00e1lisis t\u00e9cnico que permita a los profesionales y ciudadan\u00eda en general observar dichos instrumentos ambientales, para proponer medidas preventivas que no atenten contra el medio ambiente.<\/li>\n<li>El Sistema Nacional de Evaluaci\u00f3n y Fiscalizaci\u00f3n Ambiental \u2013 SINEFA debiera cumplir el rol de supervisar y\/o garantizar que las funciones de fiscalizaci\u00f3n ambiental sean oportunas y eficientes. Es necesario desarrollar pol\u00edticas que sean m\u00e1s estrictas con la preservaci\u00f3n del medio ambiente, nuestros Est\u00e1ndares de Calidad Ambiental &#8211; ECA\u2019s y L\u00edmites M\u00e1ximos Permisibles &#8211; LMP\u2019s son demasiado permisibles a la contaminaci\u00f3n, ser m\u00e1s estrictos con estas normativas, no implica riesgo, por el contrario refuerza el cuidado y la protecci\u00f3n de nuestros ecosistemas. Recordemos, adem\u00e1s, que gran porcentaje de los conflictos socioambientales podr\u00edan resolverse garantizando una verdadera fiscalizaci\u00f3n ambiental a las empresas mineras. Asimismo, seguir propiciando la \u201ccompensaci\u00f3n del da\u00f1o\u201d para atender el impacto ambiental, no termina siendo una acci\u00f3n responsable, ya que todo se reduce a dar licencia para contaminar.<\/li>\n<li>Un tercer elemento tiene que ver con el Sistema Nacional de Gesti\u00f3n de Recursos H\u00eddricos \u2013 SINGRH el cual sigue teniendo serios cuestionamientos \u2013 en zonas de conflicto socioambiental \u2013 a las entidades competentes como la Autoridad Nacional del Agua \u2013 ANA, por la d\u00e9bil participaci\u00f3n ciudadana que promueve hacia una adecuada gesti\u00f3n integrada para la conservaci\u00f3n de los recursos h\u00eddricos. Durante el a\u00f1o apenas se realizan 2 a 3 monitoreos del agua superficial, sin considerar, que un monitoreo es una \u201cfotograf\u00eda\u201d tomada en cierto espacio y tiempo, pero no permite implementar medidas que resuelvan la escasez, el deterioro de la calidad del agua, la participaci\u00f3n activa de la ciudadan\u00eda. Por ello, consideramos que se debe motivar a la ciudadan\u00eda en procesos de vigilancia ambiental permanentes, as\u00ed se genera una real gesti\u00f3n integrada de los recursos h\u00eddricos.<\/li>\n<\/ol>\n<p>La pr\u00f3xima semana ejercemos nuestro deber ciudadano, el 05 de junio recordamos el D\u00eda Mundial del Medio Ambiente, por ello, no debemos ser indiferentes ante la problem\u00e1tica ambiental del pa\u00eds. El Per\u00fa es megadiverso, no depredemos cual gusano de papa nuestra naturaleza. Por ello, el principal desaf\u00edo en esta segunda vuelta no s\u00f3lo debe ser el de reactivar la econom\u00eda con la extracci\u00f3n de minerales sino m\u00ednimamente plantear y reforzar pol\u00edticas de protecci\u00f3n ambiental, ratificar el acuerdo de Escaz\u00fa, redoblar acciones de fiscalizaci\u00f3n, entre otros.<\/p>\n<p><a href=\"#_ftnref1\" name=\"_ftn1\">[1]<\/a> La unidad de medida es de gigagramos de di\u00f3xido de carbono equivalente.<\/p>\n<p><a href=\"#_ftnref2\" name=\"_ftn2\">[2]<\/a> Servicio Nacional de Certificaci\u00f3n Ambiental para las inversiones sostenibles<\/p>\n","protected":false},"excerpt":{"rendered":"<p>Por: Blga. Karem Luque \u2013 \u00c1rea de Derechos Colectivos, Medio Ambiente y Salud A escasas semanas de llegar al bicentenario, nuestro pa\u00eds se encuentra definiendo su voto por 2 agrupaciones pol\u00edticas que est\u00e1n en segunda vuelta. El d\u00eda lunes, a partir de los debates t\u00e9cnicos desarrollados, se esperaban propuestas sustanciales para afrontar los principales problemas [&hellip;]<\/p>\n","protected":false},"author":1,"featured_media":3582,"comment_status":"open","ping_status":"open","sticky":false,"template":"","format":"standard","meta":{"_monsterinsights_skip_tracking":false,"_monsterinsights_sitenote_active":false,"_monsterinsights_sitenote_note":"","_monsterinsights_sitenote_category":0,"_jetpack_memberships_contains_paid_content":false,"footnotes":"","jetpack_publicize_message":"","jetpack_publicize_feature_enabled":true,"jetpack_social_post_already_shared":false,"jetpack_social_options":{"image_generator_settings":{"template":"highway","default_image_id":0,"font":"","enabled":false},"version":2}},"categories":[1],"tags":[],"class_list":["post-3581","post","type-post","status-publish","format-standard","has-post-thumbnail","hentry","category-sin-categoria"],"blocksy_meta":[],"jetpack_publicize_connections":[],"jetpack_featured_media_url":"https:\/\/derechosinfronteras.pe\/wp-content\/uploads\/2021\/05\/FOTO-ARTICULO-KAREM.jpg","jetpack_sharing_enabled":true,"jetpack_likes_enabled":true,"_links":{"self":[{"href":"https:\/\/derechosinfronteras.pe\/ingles\/wp-json\/wp\/v2\/posts\/3581","targetHints":{"allow":["GET"]}}],"collection":[{"href":"https:\/\/derechosinfronteras.pe\/ingles\/wp-json\/wp\/v2\/posts"}],"about":[{"href":"https:\/\/derechosinfronteras.pe\/ingles\/wp-json\/wp\/v2\/types\/post"}],"author":[{"embeddable":true,"href":"https:\/\/derechosinfronteras.pe\/ingles\/wp-json\/wp\/v2\/users\/1"}],"replies":[{"embeddable":true,"href":"https:\/\/derechosinfronteras.pe\/ingles\/wp-json\/wp\/v2\/comments?post=3581"}],"version-history":[{"count":0,"href":"https:\/\/derechosinfronteras.pe\/ingles\/wp-json\/wp\/v2\/posts\/3581\/revisions"}],"wp:featuredmedia":[{"embeddable":true,"href":"https:\/\/derechosinfronteras.pe\/ingles\/wp-json\/wp\/v2\/media\/3582"}],"wp:attachment":[{"href":"https:\/\/derechosinfronteras.pe\/ingles\/wp-json\/wp\/v2\/media?parent=3581"}],"wp:term":[{"taxonomy":"category","embeddable":true,"href":"https:\/\/derechosinfronteras.pe\/ingles\/wp-json\/wp\/v2\/categories?post=3581"},{"taxonomy":"post_tag","embeddable":true,"href":"https:\/\/derechosinfronteras.pe\/ingles\/wp-json\/wp\/v2\/tags?post=3581"}],"curies":[{"name":"wp","href":"https:\/\/api.w.org\/{rel}","templated":true}]}}