{"id":3585,"date":"2021-05-18T09:13:06","date_gmt":"2021-05-18T14:13:06","guid":{"rendered":"http:\/\/derechosinfronteras.pe\/?p=7501"},"modified":"2021-05-18T09:13:06","modified_gmt":"2021-05-18T14:13:06","slug":"mujeres-en-espacios-de-poder-inician-escuelas-de-lideresas-en-provincias-de-cusco","status":"publish","type":"post","link":"https:\/\/derechosinfronteras.pe\/ingles\/mujeres-en-espacios-de-poder-inician-escuelas-de-lideresas-en-provincias-de-cusco\/","title":{"rendered":"Mujeres en espacios de poder: Inician escuelas de lideresas en provincias de Cusco"},"content":{"rendered":"<p><span style=\"font-weight: 400;\">Redacci\u00f3n DHSF<\/span><\/p>\n<p><span style=\"font-weight: 400;\">Con el objetivo de desarrollar y fortalecer las capacidades de liderazgo y generaci\u00f3n de propuestas de las dirigentas y lideresas de las provincias altas, el mi\u00e9rcoles 19 de mayo, Derechos Humanos Sin Fronteras inicia el Programa de Formaci\u00f3n de Lideresas de Provincias de Espinar, Chumbivilcas y Paruro.<\/span><\/p>\n<p><span style=\"font-weight: 400;\">Lideresas y defensoras muchas veces son excluidas y subestimadas en espacios de participaci\u00f3n pol\u00edtica. Para muestra, en todo el mundo, 53% de hombres cree que los varones son mejores l\u00edderes pol\u00edticos que las mujeres, seg\u00fan el estudio Igualdad de G\u00e9nero: A 25 A\u00f1os de Beijing, los Derechos de las Mujeres Bajo la Lupa. Por eso es importante las capacitaciones dirigidas a mujeres sobre negociaci\u00f3n, seguridad, gesti\u00f3n e incidencia, defensa de los derechos y de los territorios.<\/span><\/p>\n<p><span style=\"font-weight: 400;\">Por otro lado, los trabajos de cuidado y tareas del hogar son asumidos en su totalidad por las mujeres. El 94.5% de ellas dedica su tiempo a la preparaci\u00f3n de los alimentos, mientras que el 97.5% dedica su tiempo a las labores de limpieza y orden del hogar, seg\u00fan la encuesta del MIMP, \u201cBrechas de G\u00e9nero en el Uso del Tiempo\u201d. Estos trabajos de cuidados del hogar representan una doble carga para la mujer y limita su participaci\u00f3n en espacios de toma de decisi\u00f3n.<\/span><\/p>\n<p><span style=\"font-weight: 400;\">Con metodolog\u00eda de enfoque de g\u00e9nero, intercultural y de derechos humanos, se desarrollar\u00e1n los talleres cuyos objetivos son que las lideresas y dirigentas manejen herramientas de tipo t\u00e9cnico-ambiental, pol\u00edtico participativo y legal para exigir y ejercer el cumplimiento de sus derechos. Asimismo, se busca que ellas manejen herramientas t\u00e9cnicas para la formulaci\u00f3n e implementaci\u00f3n de iniciativas p\u00fablicas.<\/span><\/p>\n<p><span style=\"font-weight: 400;\">Las sesiones de capacitaci\u00f3n est\u00e1n conformadas por 5 m\u00f3dulos: autoestima y autocuidado, liderazgos colectivos, organizaci\u00f3n y planificaci\u00f3n para la exigencia y ejercicio de derechos, comunicaci\u00f3n e incidencia y mecanismo de participaci\u00f3n en los espacios p\u00fablicos.<\/span><\/p>\n<p><span style=\"font-weight: 400;\">Entre las que participan en el programa, se encuentran lideresas de\u00a0 Espinar, Chumbivilcas y Paruro como; Beatriz Rayan\u00a0 de las Defensor\u00edas Comunitarias Kusi Q\u2019oyllor (Chumbivilcas), integrantes del colectivo K\u2019ana Warmis (Espinar), Munay T\u2019ika y Warmikunaq T\u2019ikarirun (Paruro),\u00a0 lideresas con experiencia que\u00a0 participan en espacios de toma de decisi\u00f3n y luchan por la defensa de sus territorios y de los derechos de las mujeres.<\/span><\/p>\n<p><span style=\"font-weight: 400;\">Cabe precisar que el programa de formaci\u00f3n en Paruro se realiza en alianza con la instituci\u00f3n Cedep Ayllu. El pasado martes 11 fue la inauguraci\u00f3n virtual de la escuela de l\u00edderes y lideresas que tiene por finalidad <\/span><span style=\"font-weight: 400;\">fortalecer las capacidades y habilidades personales y sociales.<\/span><\/p>","protected":false},"excerpt":{"rendered":"<p>Redacci\u00f3n DHSF Con el objetivo de desarrollar y fortalecer las capacidades de liderazgo y generaci\u00f3n de propuestas de las dirigentas y lideresas de las provincias altas, el mi\u00e9rcoles 19 de mayo, Derechos Humanos Sin Fronteras inicia el Programa de Formaci\u00f3n de Lideresas de Provincias de Espinar, Chumbivilcas y Paruro. Lideresas y defensoras muchas veces son [&hellip;]<\/p>\n","protected":false},"author":1,"featured_media":3586,"comment_status":"open","ping_status":"open","sticky":false,"template":"","format":"standard","meta":{"_monsterinsights_skip_tracking":false,"_monsterinsights_sitenote_active":false,"_monsterinsights_sitenote_note":"","_monsterinsights_sitenote_category":0,"_jetpack_memberships_contains_paid_content":false,"footnotes":"","jetpack_publicize_message":"","jetpack_publicize_feature_enabled":true,"jetpack_social_post_already_shared":false,"jetpack_social_options":{"image_generator_settings":{"template":"highway","default_image_id":0,"font":"","enabled":false},"version":2}},"categories":[1],"tags":[],"class_list":["post-3585","post","type-post","status-publish","format-standard","has-post-thumbnail","hentry","category-sin-categoria"],"blocksy_meta":[],"jetpack_publicize_connections":[],"jetpack_featured_media_url":"https:\/\/derechosinfronteras.pe\/wp-content\/uploads\/2021\/05\/kuska.jpg","jetpack_sharing_enabled":true,"jetpack_likes_enabled":true,"_links":{"self":[{"href":"https:\/\/derechosinfronteras.pe\/ingles\/wp-json\/wp\/v2\/posts\/3585","targetHints":{"allow":["GET"]}}],"collection":[{"href":"https:\/\/derechosinfronteras.pe\/ingles\/wp-json\/wp\/v2\/posts"}],"about":[{"href":"https:\/\/derechosinfronteras.pe\/ingles\/wp-json\/wp\/v2\/types\/post"}],"author":[{"embeddable":true,"href":"https:\/\/derechosinfronteras.pe\/ingles\/wp-json\/wp\/v2\/users\/1"}],"replies":[{"embeddable":true,"href":"https:\/\/derechosinfronteras.pe\/ingles\/wp-json\/wp\/v2\/comments?post=3585"}],"version-history":[{"count":0,"href":"https:\/\/derechosinfronteras.pe\/ingles\/wp-json\/wp\/v2\/posts\/3585\/revisions"}],"wp:featuredmedia":[{"embeddable":true,"href":"https:\/\/derechosinfronteras.pe\/ingles\/wp-json\/wp\/v2\/media\/3586"}],"wp:attachment":[{"href":"https:\/\/derechosinfronteras.pe\/ingles\/wp-json\/wp\/v2\/media?parent=3585"}],"wp:term":[{"taxonomy":"category","embeddable":true,"href":"https:\/\/derechosinfronteras.pe\/ingles\/wp-json\/wp\/v2\/categories?post=3585"},{"taxonomy":"post_tag","embeddable":true,"href":"https:\/\/derechosinfronteras.pe\/ingles\/wp-json\/wp\/v2\/tags?post=3585"}],"curies":[{"name":"wp","href":"https:\/\/api.w.org\/{rel}","templated":true}]}}