{"id":3592,"date":"2021-05-13T19:19:16","date_gmt":"2021-05-14T00:19:16","guid":{"rendered":"http:\/\/derechosinfronteras.pe\/?p=7487"},"modified":"2021-05-13T19:19:16","modified_gmt":"2021-05-14T00:19:16","slug":"fiscalizacion-ambiental-para-la-proteccion-de-nuestros-territorios","status":"publish","type":"post","link":"https:\/\/derechosinfronteras.pe\/ingles\/fiscalizacion-ambiental-para-la-proteccion-de-nuestros-territorios\/","title":{"rendered":"Fiscalizaci\u00f3n ambiental para la protecci\u00f3n de nuestros territorios"},"content":{"rendered":"<p><span style=\"font-weight: 400;\">Redacci\u00f3n DHSF<\/span><\/p>\n<p><span style=\"font-weight: 400;\">En medio de la pandemia por la COVID-19, en algunas regiones del Per\u00fa se han registrado denuncias de contaminaci\u00f3n de agua en cuencas y r\u00edos cercanos a proyectos mineros, estas denuncias han sido alertadas por comuneros y comuneras que cumplen el rol de vigilantes ambientales comunitarios.\u00a0<\/span><\/p>\n<p><span style=\"font-weight: 400;\">Por eso es importante fortalecer las capacidades de la sociedad civil en lo que respecta a vigilancia ambiental. <\/span><span style=\"font-weight: 400;\">\u201cEs necesario que la sociedad civil\u00a0 conozca la normativa peruana y la competencia de las distintas entidades\u00a0 del Estado en materia ambiental, para que puedan exigir derechos colectivos e individuales\u201d, consider\u00f3 la ingeniera ambiental de Derechos Humanos Sin Fronteras, Jenny Karen Cutipa.<\/span><\/p>\n<p><b>Decreto Legislativo N\u00b0 1500<\/b><\/p>\n<p><span style=\"font-weight: 400;\">Dentro del Sistema Nacional de Gesti\u00f3n Ambiental hay pol\u00edticas ambientales, gu\u00edas e instrumentos de gesti\u00f3n ambiental que deben permitir el cuidado del medio ambiente y la protecci\u00f3n de la salud. Sin embargo, hay decretos legislativos como el\u00a0 N\u00b01500 que debilitan la institucionalidad ambiental y dificultan la participaci\u00f3n ciudadana.<\/span><\/p>\n<p><span style=\"font-weight: 400;\">Bia Cortez, abogada de la Red Muqui Nacional, indic\u00f3 que este decreto tuvo el objetivo de seguir fomentando la inversi\u00f3n privada en contextos de pandemia para la reactivaci\u00f3n econ\u00f3mica. \u201cEsta norma indica que se pod\u00eda virtualizar\u00a0 la aprobaci\u00f3n de las actividades que necesitan una certificaci\u00f3n ambiental. Adem\u00e1s,\u00a0 debilit\u00f3 las facultades de\u00a0 fiscalizaci\u00f3n ambiental\u00a0 del Organismo de Evaluaci\u00f3n y Fiscalizaci\u00f3n Ambiental (OEFA) porque exoner\u00f3 a las empresas mineras de presentar a esta entidad los monitoreos ambientales\u201d, explic\u00f3.<\/span><\/p>\n<p><span style=\"font-weight: 400;\">Desde que se establece que los mecanismos de participaci\u00f3n ciudadana pueden realizarse de manera virtual, se est\u00e1 debilitando el derecho a la participaci\u00f3n ciudadana, puesto que no se asegura la real intervenci\u00f3n de todas las personas que viven en comunidades o pueblos ind\u00edgenas en espacios de decisi\u00f3n. Muchas veces en estos lugares no hay acceso a internet.\u00a0\u00a0<\/span><\/p>\n<p><span style=\"font-weight: 400;\">Cuando uno habla de fiscalizaci\u00f3n ambiental es para determinar responsabilidades, para sancionar y para que no se vuelva a repetir el da\u00f1o ambiental. Sin embargo, anteriormente se han establecido normas donde se suspenden o se reducen\u00a0 las sanciones a las empresas mineras. Ante ello, Derechos Humanos Sin Fronteras apuesta por la vigilancia ciudadan\u00eda y la participaci\u00f3n de la\u00a0 sociedad civil, motivo por el cual ma\u00f1ana, 14 de mayo, inicia en Espinar el Programa de Formaci\u00f3n en Materia de Fiscalizaci\u00f3n Ambiental para la Protecci\u00f3n de Nuestros Territorios, que cuenta con los siguientes m\u00f3dulos:<\/span><\/p>\n<ol>\n<li style=\"font-weight: 400;\" aria-level=\"1\"><span style=\"font-weight: 400;\">Legislaci\u00f3n ambiental para el resguardo de la salud ambiental.<\/span><\/li>\n<li style=\"font-weight: 400;\" aria-level=\"1\"><span style=\"font-weight: 400;\">Gesti\u00f3n ambiental para la prevenci\u00f3n de da\u00f1os a la salud.<\/span><\/li>\n<li style=\"font-weight: 400;\" aria-level=\"1\"><span style=\"font-weight: 400;\">Estudio de Impacto Ambiental.<\/span><\/li>\n<li style=\"font-weight: 400;\" aria-level=\"1\"><span style=\"font-weight: 400;\">Etapas del EIA y la participaci\u00f3n ciudadana.<\/span><\/li>\n<li style=\"font-weight: 400;\" aria-level=\"1\"><span style=\"font-weight: 400;\">Sistemas de informaci\u00f3n ambiental.\u00a0<\/span><\/li>\n<\/ol>\n<p><b>El rol de los\u00a0 defensores y defensoras ambientales<\/b><\/p>\n<p><span style=\"font-weight: 400;\">Los defensores\u00a0 y defensoras ambientales\u00a0 protegen nuestro ecosistema y act\u00faan ante diferentes problem\u00e1ticas como contaminaci\u00f3n del agua, derrames de petr\u00f3leo, incendios forestales, extinci\u00f3n de especies, entre otros.\u00a0 Sin embargo, a pesar de la labor que realizan, a\u00fan no existe una ley de vigilancia ambiental comunitaria que los ampare, proteja\u00a0 y no limite su accionar ante las problem\u00e1ticas ambientales que se presentan.\u00a0<\/span><\/p>\n<p><span style=\"font-weight: 400;\">Seg\u00fan la ingeniera ambiental Jenny Cutipa Quiso, \u201c<\/span><span style=\"font-weight: 400;\">una ley\u00a0 de vigilantes y monitores ambientales es necesaria porque avala y reconoce\u00a0 las actividades que realizan cada comit\u00e9 de vigilancia ambiental\u201d.\u00a0<\/span><\/p>\n<p><span style=\"font-weight: 400;\">\u201cLo que queremos es que nuestros monitoreos sean reconocidos, las entidades del Estado no nos toman en cuenta\u00a0 porque no hay una ley\u201d, manifest\u00f3 el vicepresidente de la Asociaci\u00f3n de Vigilantes y Monitores Ambientales de Espinar, Avelino Sahuinco Llave.<\/span><\/p>\n<p><span style=\"font-weight: 400;\">En lo que va del a\u00f1o, los Vigilantes y Monitores Ambientales de Espinar presentaron un reporte, ante la Autoridad Nacional de Agua, que no ha sido tomado en cuenta. Esto evidencia, una vez m\u00e1s, el debilitamiento de la fiscalizaci\u00f3n ambiental por parte del Estado que no contempla acciones de fiscalizaci\u00f3n oportunas ni considera importante la participaci\u00f3n de la sociedad civil organizada.\u00a0<\/span><\/p>","protected":false},"excerpt":{"rendered":"<p>Redacci\u00f3n DHSF En medio de la pandemia por la COVID-19, en algunas regiones del Per\u00fa se han registrado denuncias de contaminaci\u00f3n de agua en cuencas y r\u00edos cercanos a proyectos mineros, estas denuncias han sido alertadas por comuneros y comuneras que cumplen el rol de vigilantes ambientales comunitarios.\u00a0 Por eso es importante fortalecer las capacidades [&hellip;]<\/p>\n","protected":false},"author":1,"featured_media":3593,"comment_status":"open","ping_status":"open","sticky":false,"template":"","format":"standard","meta":{"_monsterinsights_skip_tracking":false,"_monsterinsights_sitenote_active":false,"_monsterinsights_sitenote_note":"","_monsterinsights_sitenote_category":0,"_jetpack_memberships_contains_paid_content":false,"footnotes":"","jetpack_publicize_message":"","jetpack_publicize_feature_enabled":true,"jetpack_social_post_already_shared":false,"jetpack_social_options":{"image_generator_settings":{"template":"highway","default_image_id":0,"font":"","enabled":false},"version":2}},"categories":[1],"tags":[],"class_list":["post-3592","post","type-post","status-publish","format-standard","has-post-thumbnail","hentry","category-sin-categoria"],"blocksy_meta":[],"jetpack_publicize_connections":[],"jetpack_featured_media_url":"https:\/\/derechosinfronteras.pe\/wp-content\/uploads\/2021\/05\/000-car.jpg","jetpack_sharing_enabled":true,"jetpack_likes_enabled":true,"_links":{"self":[{"href":"https:\/\/derechosinfronteras.pe\/ingles\/wp-json\/wp\/v2\/posts\/3592","targetHints":{"allow":["GET"]}}],"collection":[{"href":"https:\/\/derechosinfronteras.pe\/ingles\/wp-json\/wp\/v2\/posts"}],"about":[{"href":"https:\/\/derechosinfronteras.pe\/ingles\/wp-json\/wp\/v2\/types\/post"}],"author":[{"embeddable":true,"href":"https:\/\/derechosinfronteras.pe\/ingles\/wp-json\/wp\/v2\/users\/1"}],"replies":[{"embeddable":true,"href":"https:\/\/derechosinfronteras.pe\/ingles\/wp-json\/wp\/v2\/comments?post=3592"}],"version-history":[{"count":0,"href":"https:\/\/derechosinfronteras.pe\/ingles\/wp-json\/wp\/v2\/posts\/3592\/revisions"}],"wp:featuredmedia":[{"embeddable":true,"href":"https:\/\/derechosinfronteras.pe\/ingles\/wp-json\/wp\/v2\/media\/3593"}],"wp:attachment":[{"href":"https:\/\/derechosinfronteras.pe\/ingles\/wp-json\/wp\/v2\/media?parent=3592"}],"wp:term":[{"taxonomy":"category","embeddable":true,"href":"https:\/\/derechosinfronteras.pe\/ingles\/wp-json\/wp\/v2\/categories?post=3592"},{"taxonomy":"post_tag","embeddable":true,"href":"https:\/\/derechosinfronteras.pe\/ingles\/wp-json\/wp\/v2\/tags?post=3592"}],"curies":[{"name":"wp","href":"https:\/\/api.w.org\/{rel}","templated":true}]}}